{"id":10217,"date":"2020-05-25T10:23:49","date_gmt":"2020-05-25T10:23:49","guid":{"rendered":"https:\/\/www.ljubljanaurbantours.com\/?p=9450\/"},"modified":"2020-10-22T18:11:20","modified_gmt":"2020-10-22T18:11:20","slug":"ljubljanska-kolesarska-pank-tura-junij","status":"publish","type":"post","link":"https:\/\/ptich.si\/sl\/ljubljanska-kolesarska-pank-tura-junij\/","title":{"rendered":"Kolesarska punk tura z Esadom Baba\u010di\u0107em je spet tu!"},"content":{"rendered":"<div class=\"entry-content\">\n<div id=\"pl-2424\" class=\"panel-layout\">\n<div id=\"pg-2424-5\" class=\"panel-grid panel-no-style\">\n<div id=\"pgc-2424-5-0\" class=\"panel-grid-cell\">\n<div id=\"panel-2424-5-0-0\" class=\"so-panel widget widget_sow-editor panel-first-child panel-last-child\" data-index=\"8\">\n<div class=\"so-widget-sow-editor so-widget-sow-editor-base\">\n<div class=\"siteorigin-widget-tinymce textwidget\">\n<div id=\"main\" class=\"site-main\">\n<div class=\"full-container\">\n<div id=\"primary\" class=\"content-area\">\n<div id=\"content\" class=\"site-content\" role=\"main\">\n<article id=\"post-2411\" class=\"post post-2411 type-post status-publish format-standard has-post-thumbnail hentry category-uncategorized-sl\">\n<div class=\"entry-main\">\n<div class=\"entry-content\">\n<div id=\"pl-2411\" class=\"panel-layout\">\n<div id=\"pg-2411-1\" class=\"panel-grid panel-no-style\">\n<div id=\"pgc-2411-1-0\" class=\"panel-grid-cell\">\n<div id=\"panel-2411-1-0-0\" class=\"so-panel widget widget_sow-editor panel-first-child panel-last-child\" data-index=\"2\">\n<div class=\"so-widget-sow-editor so-widget-sow-editor-base\">\n<div class=\"siteorigin-widget-tinymce textwidget\">\n<div class=\"full-container\">\n<div id=\"primary\" class=\"content-area\">\n<div id=\"content\" class=\"site-content\" role=\"main\">\n<article id=\"post-2411\" class=\"post post-2411 type-post status-publish format-standard has-post-thumbnail hentry category-uncategorized-sl\">\n<div class=\"entry-main\">\n<div class=\"entry-content\">\n<div id=\"pl-2411\" class=\"panel-layout\">\n<div id=\"pg-2411-1\" class=\"panel-grid panel-no-style\">\n<div id=\"pgc-2411-1-0\" class=\"panel-grid-cell\">\n<div id=\"panel-2411-1-0-0\" class=\"so-panel widget widget_sow-editor panel-first-child panel-last-child\" data-index=\"2\">\n<div class=\"siteorigin-widget-tinymce textwidget\">\n<p>Esad in njegova punk tura sta nazaj. Kljub vsemu. Gre za idealni izlet za pokarantenski \u010das. Na biciklih, s primerno distanco, ampak obenem s kriti\u010dno mislijo in protestni\u0161ko energijo.<\/p>\n<p>Pridite torej na performativno punk turo s kolesi pod taktirko Esada Baba\u010di\u0107a\u00a0 Kdaj? V soboto 13. junija ob 16. uri. Zborno mesto je na sti\u010di\u0161\u010du vseh poti v nekdanjem Leninovem parku (danes Argentinski). Zaklju\u010dek pa bo tri ure kasneje, torej ob 17. uri na Trgu revolucije (danes republike).<\/p>\n<p>Ture, ki jo bomo izvedli v vsakem vremenu, se lahko udele\u017eite, \u010de ste stari 15 let ali ve\u010d, \u010de pridete s svojim kolesom in vstopnico pla\u010date po predra\u010dunu. Ker je \u0161tevilo mest omejeno, prosimo, da nujno izpolnite prijavni obrazec na dnu strani. Po izpolnitvi obrazca boste v 24 urah po emailu prejeli predra\u010dun.<\/p>\n<\/div>\n<p>Kaj na pank turi dobite? Esadovo poeti\u010dno biografiranje, poezijo razli\u010dnih pank pesnikov, zgodbe o odra\u0161\u010danju na ljubljanskem asfaltu od Kodeljevega do \u0160i\u0161ke, poklon glasbi, mladosti, hrepenenju in ljubezni, \u0161torije o vlakih, ko\u0161arki in romanjih, pri\u010devanja o ironiji zasli\u0161anih in sarkazmu zasli\u0161evalcev, zabele\u017eke o dolg\u010dasu in depri, o avtoritativcih in avtoritetah, o dr\u017eavi neko\u010d in o dr\u017eavi danes.<\/p>\n<p>\u010ce tokrat ne morete priti, vseeno pa vas zanimajo tudi bodo\u010di kolesarski izleti po pank Ljubljani in drugi dogodki na\u0161e ekipe, pustite svoj email naslov <a href=\"https:\/\/www.ljubljanaurbantours.com\/sl\/e-novice\/\"><u>tukaj<\/u><\/a>\u00a0in vnaprej vas bomo obvestili o terminih.<\/p>\n<p>Ve\u010d o Esadu Baba\u010di\u0107u si lahko preberete spodaj, lahko pa si ogledate tudi tale kratki televizijski prispevek o njem in Ljubljanski pank turi (z angle\u0161kimi podnapisi):<\/p>\n<p><iframe loading=\"lazy\" src=\"https:\/\/www.youtube.com\/embed\/wBSsG6cVjyQ\" width=\"100%\" height=\"480\" frameborder=\"0\" allowfullscreen=\"allowfullscreen\"><\/iframe><\/p>\n<\/div>\n<\/div>\n<\/div>\n<p>\u2014<\/p>\n<p><strong>ESAD BABA\u010cI\u0106<\/strong><\/p>\n<div id=\"pl-2411\" class=\"panel-layout\">\n<div id=\"pg-2411-1\" class=\"panel-grid panel-no-style\">\n<div id=\"pgc-2411-1-0\" class=\"panel-grid-cell\">\n<p>Bil je pevec in pisec besedil pri bendu Via Ofenziva in si \u017ee kot mladoleten fant delil odre s pesni\u0161kimi velikani. Kot sedemnajstletniku mu je Zalo\u017eba FV 126\/5 podelila nagrado za najbolj\u0161o punk pesem o Titu. Prvi si je z bendom drznil javno izvajati priredbo takrat strogo prepovedane \u00bbnacisti\u010dne\u00ab pesmi Lilli Marlen. Komunisti\u010dni re\u017eim ga je zaradi tega ve\u010dkrat zasli\u0161eval in mu\u010dil. Kasneje se je posvetil pisanju lirike in do danes izdal petnajst pesni\u0161kih zbirk.\u00a0<a href=\"https:\/\/www.esadbabacic.si\/biografija\/\"><u>Ve\u010d&#8230;<\/u><\/a><\/p>\n<\/div>\n<\/div>\n<\/div>\n<\/div>\n<\/div>\n<\/div>\n<\/article>\n<\/div>\n<\/div>\n<\/div>\n<div class=\"full-container\">\n<div id=\"primary\" class=\"content-area\">\n<div id=\"content\" class=\"site-content\" role=\"main\">\n<article id=\"post-2411\" class=\"post post-2411 type-post status-publish format-standard has-post-thumbnail hentry category-uncategorized-sl\">\n<div class=\"entry-main\">\n<div class=\"entry-content\">\n<div id=\"pl-2411\" class=\"panel-layout\">\n<div id=\"pg-2411-1\" class=\"panel-grid panel-no-style\">\n<div id=\"pgc-2411-1-0\" class=\"panel-grid-cell\">\n<div id=\"panel-2411-1-0-0\" class=\"so-panel widget widget_sow-editor panel-first-child panel-last-child\" data-index=\"2\">\n<div class=\"full-container\">\n<div id=\"primary\" class=\"content-area\">\n<div id=\"content\" class=\"site-content\" role=\"main\">\n<article id=\"post-2411\" class=\"post post-2411 type-post status-publish format-standard has-post-thumbnail hentry category-uncategorized-sl\">\n<div class=\"entry-main\">\n<div class=\"entry-content\">\n<div id=\"pl-2411\" class=\"panel-layout\">\n<div id=\"pg-2411-1\" class=\"panel-grid panel-no-style\">\n<div id=\"pgc-2411-1-0\" class=\"panel-grid-cell\">\n<div id=\"panel-2411-1-0-0\" class=\"so-panel widget widget_sow-editor panel-first-child panel-last-child\" data-index=\"2\">\n<div class=\"so-widget-sow-editor so-widget-sow-editor-base\">\n<div class=\"siteorigin-widget-tinymce textwidget\">\n<p>\u2014<\/p>\n<\/div>\n<\/div>\n<\/div>\n<\/div>\n<\/div>\n<\/div>\n<\/div>\n<\/div>\n<\/article>\n<\/div>\n<\/div>\n<\/div>\n<\/div>\n<div id=\"panel-2411-1-0-0\" class=\"so-panel widget widget_sow-editor panel-first-child panel-last-child\" data-index=\"2\">\n<div class=\"full-container\">\n<div id=\"primary\" class=\"content-area\">\n<div id=\"content\" class=\"site-content\" role=\"main\">\n<article id=\"post-2411\" class=\"post post-2411 type-post status-publish format-standard has-post-thumbnail hentry category-uncategorized-sl\">\n<div class=\"entry-main\">\n<p><strong>OSNOVNE INFORMACIJE O TURI<\/strong><\/p>\n<p>Kdaj: v soboto 13. junija 2020 med 16. in 19. uro<\/p>\n<p>Zbirno mesto: Argentinski park (na sti\u010di\u0161\u010du vseh poti)<\/p>\n<p>Zaklju\u010dek: Trg republike<\/p>\n<p>Jezik: sloven\u0161\u010dina<\/p>\n<p>Organizacija: Ljubljana Urban Tours\/Urbana Vrana<\/p>\n<p>Naslovna fotografija: Luka Cjuha<\/p>\n<p>Pogoj: starost 15 let ali ve\u010d, lastno kolo<\/p>\n<p>Vreme: turo izvedemo v vsakem vremenu<\/p>\n<p>Cena: 10\u20ac\/oseba (pla\u010dilo po predra\u010dunu)<\/p>\n<div class=\"full-container\">\n<div id=\"primary\" class=\"content-area\">\n<div id=\"content\" class=\"site-content\" role=\"main\">\n<article id=\"post-2411\" class=\"post post-2411 type-post status-publish format-standard has-post-thumbnail hentry category-uncategorized-sl\">\n<div class=\"entry-main\">\n<div class=\"entry-content\">\n<div id=\"pl-2411\" class=\"panel-layout\">\n<div id=\"pg-2411-1\" class=\"panel-grid panel-no-style\">\n<div id=\"pgc-2411-1-0\" class=\"panel-grid-cell\">\n<div id=\"panel-2411-1-0-0\" class=\"so-panel widget widget_sow-editor panel-first-child panel-last-child\" data-index=\"2\">\n<div class=\"full-container\">\n<div id=\"primary\" class=\"content-area\">\n<div id=\"content\" class=\"site-content\" role=\"main\">\n<article id=\"post-2411\" class=\"post post-2411 type-post status-publish format-standard has-post-thumbnail hentry category-uncategorized-sl\">\n<div class=\"entry-main\">\n<div class=\"entry-content\">\n<div id=\"pl-2411\" class=\"panel-layout\">\n<div id=\"pg-2411-1\" class=\"panel-grid panel-no-style\">\n<div id=\"pgc-2411-1-0\" class=\"panel-grid-cell\">\n<div id=\"panel-2411-1-0-0\" class=\"so-panel widget widget_sow-editor panel-first-child panel-last-child\" data-index=\"2\">\n<div class=\"so-widget-sow-editor so-widget-sow-editor-base\">\n<div class=\"siteorigin-widget-tinymce textwidget\">\n<p>&nbsp;<\/p>\n<p>&nbsp;<\/p>\n<\/div>\n<\/div>\n<\/div>\n<\/div>\n<\/div>\n<\/div>\n<\/div>\n<\/div>\n<\/article>\n<\/div>\n<\/div>\n<\/div>\n<\/div>\n<\/div>\n<\/div>\n<\/div>\n<\/div>\n<\/div>\n<\/article>\n<\/div>\n<\/div>\n<\/div>\n<\/div>\n<\/article>\n<\/div>\n<\/div>\n<\/div>\n<\/div>\n<\/div>\n<p><iframe loading=\"lazy\" src=\"https:\/\/docs.google.com\/forms\/d\/e\/1FAIpQLSfhvuTQb5_02y1kmi6MiSUQ1Cd9tMxfIL9aSOi7srfy_Vkpng\/viewform?embedded=true\" width=\"100%\" height=\"2200\" frameborder=\"0\" marginwidth=\"0\" marginheight=\"0\">Loading\u2026<\/iframe><\/p>\n<\/div>\n<\/div>\n<\/div>\n<\/div>\n<\/article>\n<\/div>\n<\/div>\n<\/div>\n<\/div>\n<\/div>\n<\/div>\n<\/div>\n<\/div>\n<\/div>\n<\/div>\n<\/div>\n<\/article>\n<\/div>\n<\/div>\n<\/div>\n<\/div>\n<\/div>\n<\/div>\n<\/div>\n<\/div>\n<\/div>\n<\/div>\n<\/div>\n","protected":false},"excerpt":{"rendered":"<p>Esad in njegova punk tura sta nazaj. Kljub vsemu. Gre za idealni izlet za pokarantenski \u010das. Na biciklih, s primerno distanco, ampak obenem s kriti\u010dno mislijo in protestni\u0161ko energijo. Pridite torej na performativno punk turo s kolesi pod taktirko Esada Baba\u010di\u0107a\u00a0 Kdaj? V soboto 13. junija ob 16. uri. Zborno mesto je na sti\u010di\u0161\u010du vseh [&hellip;]<\/p>\n","protected":false},"author":3,"featured_media":8779,"comment_status":"closed","ping_status":"open","sticky":false,"template":"","format":"standard","meta":{"_monsterinsights_skip_tracking":false,"_monsterinsights_sitenote_active":false,"_monsterinsights_sitenote_note":"","_monsterinsights_sitenote_category":0,"footnotes":""},"categories":[61,54],"tags":[84,89,101],"class_list":["post-10217","post","type-post","status-publish","format-standard","has-post-thumbnail","hentry","category-news-sl","category-uncategorized-sl","tag-glasba","tag-novice","tag-urbane-ture"],"yoast_head":"<!-- This site is optimized with the Yoast SEO plugin v27.4 - https:\/\/yoast.com\/product\/yoast-seo-wordpress\/ -->\n<title>Prva po-karantenska kolesarska punk tura z Esadom Baba\u010di\u0107em je tu!<\/title>\n<meta name=\"description\" content=\"Ekipa Urbana Vrana organizira kolesarsko turo po poteh ljubljanskega in okoli\u0161kega panka pod vodstvom pesnika in vokalista Esada Baba\u010di\u0107a. Dobimo se v Leninovem parku! Izlet. Koronavirus. Karantena. Ljubljana.\" \/>\n<meta name=\"robots\" content=\"index, follow, max-snippet:-1, max-image-preview:large, max-video-preview:-1\" \/>\n<link rel=\"canonical\" href=\"https:\/\/ptich.si\/sl\/ljubljanska-kolesarska-pank-tura-junij\/\" \/>\n<meta property=\"og:locale\" content=\"sl_SI\" \/>\n<meta property=\"og:type\" content=\"article\" \/>\n<meta property=\"og:title\" content=\"Prva po-karantenska kolesarska punk tura z Esadom Baba\u010di\u0107em je tu!\" \/>\n<meta property=\"og:description\" content=\"Ekipa Urbana Vrana organizira kolesarsko turo po poteh ljubljanskega in okoli\u0161kega panka pod vodstvom pesnika in vokalista Esada Baba\u010di\u0107a. Dobimo se v Leninovem parku! Izlet. Koronavirus. Karantena. Ljubljana.\" \/>\n<meta property=\"og:url\" content=\"https:\/\/ptich.si\/sl\/ljubljanska-kolesarska-pank-tura-junij\/\" \/>\n<meta property=\"og:site_name\" content=\"Ptich\" \/>\n<meta property=\"article:publisher\" content=\"https:\/\/www.facebook.com\/PtichSlovenia\/\" \/>\n<meta property=\"article:published_time\" content=\"2020-05-25T10:23:49+00:00\" \/>\n<meta property=\"article:modified_time\" content=\"2020-10-22T18:11:20+00:00\" \/>\n<meta property=\"og:image\" content=\"https:\/\/ptich.si\/wp-content\/uploads\/2020\/02\/1317426-by-Luka-Cjuha-LR.jpg\" \/>\n\t<meta property=\"og:image:width\" content=\"1200\" \/>\n\t<meta property=\"og:image:height\" content=\"800\" \/>\n\t<meta property=\"og:image:type\" content=\"image\/jpeg\" \/>\n<meta name=\"author\" content=\"laganosportski\" \/>\n<meta name=\"twitter:card\" content=\"summary_large_image\" \/>\n<meta name=\"twitter:label1\" content=\"Written by\" \/>\n\t<meta name=\"twitter:data1\" content=\"laganosportski\" \/>\n\t<meta name=\"twitter:label2\" content=\"Est. reading time\" \/>\n\t<meta name=\"twitter:data2\" content=\"2 minuti\" \/>\n<script type=\"application\/ld+json\" class=\"yoast-schema-graph\">{\"@context\":\"https:\\\/\\\/schema.org\",\"@graph\":[{\"@type\":\"Article\",\"@id\":\"https:\\\/\\\/ptich.si\\\/sl\\\/ljubljanska-kolesarska-pank-tura-junij\\\/#article\",\"isPartOf\":{\"@id\":\"https:\\\/\\\/ptich.si\\\/sl\\\/ljubljanska-kolesarska-pank-tura-junij\\\/\"},\"author\":{\"name\":\"laganosportski\",\"@id\":\"https:\\\/\\\/ptich.si\\\/sl\\\/#\\\/schema\\\/person\\\/87f1654008fb02442dde62aa7c216b42\"},\"headline\":\"Kolesarska punk tura z Esadom Baba\u010di\u0107em je spet tu!\",\"datePublished\":\"2020-05-25T10:23:49+00:00\",\"dateModified\":\"2020-10-22T18:11:20+00:00\",\"mainEntityOfPage\":{\"@id\":\"https:\\\/\\\/ptich.si\\\/sl\\\/ljubljanska-kolesarska-pank-tura-junij\\\/\"},\"wordCount\":429,\"publisher\":{\"@id\":\"https:\\\/\\\/ptich.si\\\/sl\\\/#organization\"},\"image\":{\"@id\":\"https:\\\/\\\/ptich.si\\\/sl\\\/ljubljanska-kolesarska-pank-tura-junij\\\/#primaryimage\"},\"thumbnailUrl\":\"https:\\\/\\\/ptich.si\\\/wp-content\\\/uploads\\\/2020\\\/02\\\/1317426-by-Luka-Cjuha-LR.jpg\",\"keywords\":[\"GLASBA\",\"NOVICE\",\"URBANE TURE\"],\"articleSection\":[\"News-sl\",\"Uncategorized @sl\"],\"inLanguage\":\"sl-SI\"},{\"@type\":\"WebPage\",\"@id\":\"https:\\\/\\\/ptich.si\\\/sl\\\/ljubljanska-kolesarska-pank-tura-junij\\\/\",\"url\":\"https:\\\/\\\/ptich.si\\\/sl\\\/ljubljanska-kolesarska-pank-tura-junij\\\/\",\"name\":\"Prva po-karantenska kolesarska punk tura z Esadom Baba\u010di\u0107em je tu!\",\"isPartOf\":{\"@id\":\"https:\\\/\\\/ptich.si\\\/sl\\\/#website\"},\"primaryImageOfPage\":{\"@id\":\"https:\\\/\\\/ptich.si\\\/sl\\\/ljubljanska-kolesarska-pank-tura-junij\\\/#primaryimage\"},\"image\":{\"@id\":\"https:\\\/\\\/ptich.si\\\/sl\\\/ljubljanska-kolesarska-pank-tura-junij\\\/#primaryimage\"},\"thumbnailUrl\":\"https:\\\/\\\/ptich.si\\\/wp-content\\\/uploads\\\/2020\\\/02\\\/1317426-by-Luka-Cjuha-LR.jpg\",\"datePublished\":\"2020-05-25T10:23:49+00:00\",\"dateModified\":\"2020-10-22T18:11:20+00:00\",\"description\":\"Ekipa Urbana Vrana organizira kolesarsko turo po poteh ljubljanskega in okoli\u0161kega panka pod vodstvom pesnika in vokalista Esada Baba\u010di\u0107a. Dobimo se v Leninovem parku! Izlet. Koronavirus. Karantena. Ljubljana.\",\"breadcrumb\":{\"@id\":\"https:\\\/\\\/ptich.si\\\/sl\\\/ljubljanska-kolesarska-pank-tura-junij\\\/#breadcrumb\"},\"inLanguage\":\"sl-SI\",\"potentialAction\":[{\"@type\":\"ReadAction\",\"target\":[\"https:\\\/\\\/ptich.si\\\/sl\\\/ljubljanska-kolesarska-pank-tura-junij\\\/\"]}]},{\"@type\":\"ImageObject\",\"inLanguage\":\"sl-SI\",\"@id\":\"https:\\\/\\\/ptich.si\\\/sl\\\/ljubljanska-kolesarska-pank-tura-junij\\\/#primaryimage\",\"url\":\"https:\\\/\\\/ptich.si\\\/wp-content\\\/uploads\\\/2020\\\/02\\\/1317426-by-Luka-Cjuha-LR.jpg\",\"contentUrl\":\"https:\\\/\\\/ptich.si\\\/wp-content\\\/uploads\\\/2020\\\/02\\\/1317426-by-Luka-Cjuha-LR.jpg\",\"width\":1200,\"height\":800},{\"@type\":\"BreadcrumbList\",\"@id\":\"https:\\\/\\\/ptich.si\\\/sl\\\/ljubljanska-kolesarska-pank-tura-junij\\\/#breadcrumb\",\"itemListElement\":[{\"@type\":\"ListItem\",\"position\":1,\"name\":\"Home\",\"item\":\"https:\\\/\\\/ptich.si\\\/sl\\\/\"},{\"@type\":\"ListItem\",\"position\":2,\"name\":\"Kolesarska punk tura z Esadom Baba\u010di\u0107em je spet tu!\"}]},{\"@type\":\"WebSite\",\"@id\":\"https:\\\/\\\/ptich.si\\\/sl\\\/#website\",\"url\":\"https:\\\/\\\/ptich.si\\\/sl\\\/\",\"name\":\"Ptich\",\"description\":\"Glasbeni izleti & urbane ture | Ljubljana | Slovenija\",\"publisher\":{\"@id\":\"https:\\\/\\\/ptich.si\\\/sl\\\/#organization\"},\"potentialAction\":[{\"@type\":\"SearchAction\",\"target\":{\"@type\":\"EntryPoint\",\"urlTemplate\":\"https:\\\/\\\/ptich.si\\\/sl\\\/?s={search_term_string}\"},\"query-input\":{\"@type\":\"PropertyValueSpecification\",\"valueRequired\":true,\"valueName\":\"search_term_string\"}}],\"inLanguage\":\"sl-SI\"},{\"@type\":\"Organization\",\"@id\":\"https:\\\/\\\/ptich.si\\\/sl\\\/#organization\",\"name\":\"Ptich\",\"url\":\"https:\\\/\\\/ptich.si\\\/sl\\\/\",\"logo\":{\"@type\":\"ImageObject\",\"inLanguage\":\"sl-SI\",\"@id\":\"https:\\\/\\\/ptich.si\\\/sl\\\/#\\\/schema\\\/logo\\\/image\\\/\",\"url\":\"https:\\\/\\\/ptich.si\\\/wp-content\\\/uploads\\\/2020\\\/05\\\/ptich-logo-mali.png\",\"contentUrl\":\"https:\\\/\\\/ptich.si\\\/wp-content\\\/uploads\\\/2020\\\/05\\\/ptich-logo-mali.png\",\"width\":135,\"height\":40,\"caption\":\"Ptich\"},\"image\":{\"@id\":\"https:\\\/\\\/ptich.si\\\/sl\\\/#\\\/schema\\\/logo\\\/image\\\/\"},\"sameAs\":[\"https:\\\/\\\/www.facebook.com\\\/PtichSlovenia\\\/\"]},{\"@type\":\"Person\",\"@id\":\"https:\\\/\\\/ptich.si\\\/sl\\\/#\\\/schema\\\/person\\\/87f1654008fb02442dde62aa7c216b42\",\"name\":\"laganosportski\",\"image\":{\"@type\":\"ImageObject\",\"inLanguage\":\"sl-SI\",\"@id\":\"https:\\\/\\\/secure.gravatar.com\\\/avatar\\\/121c035730a9a139bd7a88b8fd9f2166d16a959771369011d043d6d01676ec61?s=96&d=mm&r=g\",\"url\":\"https:\\\/\\\/secure.gravatar.com\\\/avatar\\\/121c035730a9a139bd7a88b8fd9f2166d16a959771369011d043d6d01676ec61?s=96&d=mm&r=g\",\"contentUrl\":\"https:\\\/\\\/secure.gravatar.com\\\/avatar\\\/121c035730a9a139bd7a88b8fd9f2166d16a959771369011d043d6d01676ec61?s=96&d=mm&r=g\",\"caption\":\"laganosportski\"},\"url\":\"https:\\\/\\\/ptich.si\\\/sl\\\/author\\\/laganosportski\\\/\"}]}<\/script>\n<!-- \/ Yoast SEO plugin. -->","yoast_head_json":{"title":"Prva po-karantenska kolesarska punk tura z Esadom Baba\u010di\u0107em je tu!","description":"Ekipa Urbana Vrana organizira kolesarsko turo po poteh ljubljanskega in okoli\u0161kega panka pod vodstvom pesnika in vokalista Esada Baba\u010di\u0107a. Dobimo se v Leninovem parku! Izlet. Koronavirus. Karantena. Ljubljana.","robots":{"index":"index","follow":"follow","max-snippet":"max-snippet:-1","max-image-preview":"max-image-preview:large","max-video-preview":"max-video-preview:-1"},"canonical":"https:\/\/ptich.si\/sl\/ljubljanska-kolesarska-pank-tura-junij\/","og_locale":"sl_SI","og_type":"article","og_title":"Prva po-karantenska kolesarska punk tura z Esadom Baba\u010di\u0107em je tu!","og_description":"Ekipa Urbana Vrana organizira kolesarsko turo po poteh ljubljanskega in okoli\u0161kega panka pod vodstvom pesnika in vokalista Esada Baba\u010di\u0107a. Dobimo se v Leninovem parku! Izlet. Koronavirus. Karantena. Ljubljana.","og_url":"https:\/\/ptich.si\/sl\/ljubljanska-kolesarska-pank-tura-junij\/","og_site_name":"Ptich","article_publisher":"https:\/\/www.facebook.com\/PtichSlovenia\/","article_published_time":"2020-05-25T10:23:49+00:00","article_modified_time":"2020-10-22T18:11:20+00:00","og_image":[{"width":1200,"height":800,"url":"https:\/\/ptich.si\/wp-content\/uploads\/2020\/02\/1317426-by-Luka-Cjuha-LR.jpg","type":"image\/jpeg"}],"author":"laganosportski","twitter_card":"summary_large_image","twitter_misc":{"Written by":"laganosportski","Est. reading time":"2 minuti"},"schema":{"@context":"https:\/\/schema.org","@graph":[{"@type":"Article","@id":"https:\/\/ptich.si\/sl\/ljubljanska-kolesarska-pank-tura-junij\/#article","isPartOf":{"@id":"https:\/\/ptich.si\/sl\/ljubljanska-kolesarska-pank-tura-junij\/"},"author":{"name":"laganosportski","@id":"https:\/\/ptich.si\/sl\/#\/schema\/person\/87f1654008fb02442dde62aa7c216b42"},"headline":"Kolesarska punk tura z Esadom Baba\u010di\u0107em je spet tu!","datePublished":"2020-05-25T10:23:49+00:00","dateModified":"2020-10-22T18:11:20+00:00","mainEntityOfPage":{"@id":"https:\/\/ptich.si\/sl\/ljubljanska-kolesarska-pank-tura-junij\/"},"wordCount":429,"publisher":{"@id":"https:\/\/ptich.si\/sl\/#organization"},"image":{"@id":"https:\/\/ptich.si\/sl\/ljubljanska-kolesarska-pank-tura-junij\/#primaryimage"},"thumbnailUrl":"https:\/\/ptich.si\/wp-content\/uploads\/2020\/02\/1317426-by-Luka-Cjuha-LR.jpg","keywords":["GLASBA","NOVICE","URBANE TURE"],"articleSection":["News-sl","Uncategorized @sl"],"inLanguage":"sl-SI"},{"@type":"WebPage","@id":"https:\/\/ptich.si\/sl\/ljubljanska-kolesarska-pank-tura-junij\/","url":"https:\/\/ptich.si\/sl\/ljubljanska-kolesarska-pank-tura-junij\/","name":"Prva po-karantenska kolesarska punk tura z Esadom Baba\u010di\u0107em je tu!","isPartOf":{"@id":"https:\/\/ptich.si\/sl\/#website"},"primaryImageOfPage":{"@id":"https:\/\/ptich.si\/sl\/ljubljanska-kolesarska-pank-tura-junij\/#primaryimage"},"image":{"@id":"https:\/\/ptich.si\/sl\/ljubljanska-kolesarska-pank-tura-junij\/#primaryimage"},"thumbnailUrl":"https:\/\/ptich.si\/wp-content\/uploads\/2020\/02\/1317426-by-Luka-Cjuha-LR.jpg","datePublished":"2020-05-25T10:23:49+00:00","dateModified":"2020-10-22T18:11:20+00:00","description":"Ekipa Urbana Vrana organizira kolesarsko turo po poteh ljubljanskega in okoli\u0161kega panka pod vodstvom pesnika in vokalista Esada Baba\u010di\u0107a. Dobimo se v Leninovem parku! Izlet. Koronavirus. Karantena. Ljubljana.","breadcrumb":{"@id":"https:\/\/ptich.si\/sl\/ljubljanska-kolesarska-pank-tura-junij\/#breadcrumb"},"inLanguage":"sl-SI","potentialAction":[{"@type":"ReadAction","target":["https:\/\/ptich.si\/sl\/ljubljanska-kolesarska-pank-tura-junij\/"]}]},{"@type":"ImageObject","inLanguage":"sl-SI","@id":"https:\/\/ptich.si\/sl\/ljubljanska-kolesarska-pank-tura-junij\/#primaryimage","url":"https:\/\/ptich.si\/wp-content\/uploads\/2020\/02\/1317426-by-Luka-Cjuha-LR.jpg","contentUrl":"https:\/\/ptich.si\/wp-content\/uploads\/2020\/02\/1317426-by-Luka-Cjuha-LR.jpg","width":1200,"height":800},{"@type":"BreadcrumbList","@id":"https:\/\/ptich.si\/sl\/ljubljanska-kolesarska-pank-tura-junij\/#breadcrumb","itemListElement":[{"@type":"ListItem","position":1,"name":"Home","item":"https:\/\/ptich.si\/sl\/"},{"@type":"ListItem","position":2,"name":"Kolesarska punk tura z Esadom Baba\u010di\u0107em je spet tu!"}]},{"@type":"WebSite","@id":"https:\/\/ptich.si\/sl\/#website","url":"https:\/\/ptich.si\/sl\/","name":"Ptich","description":"Glasbeni izleti & urbane ture | Ljubljana | Slovenija","publisher":{"@id":"https:\/\/ptich.si\/sl\/#organization"},"potentialAction":[{"@type":"SearchAction","target":{"@type":"EntryPoint","urlTemplate":"https:\/\/ptich.si\/sl\/?s={search_term_string}"},"query-input":{"@type":"PropertyValueSpecification","valueRequired":true,"valueName":"search_term_string"}}],"inLanguage":"sl-SI"},{"@type":"Organization","@id":"https:\/\/ptich.si\/sl\/#organization","name":"Ptich","url":"https:\/\/ptich.si\/sl\/","logo":{"@type":"ImageObject","inLanguage":"sl-SI","@id":"https:\/\/ptich.si\/sl\/#\/schema\/logo\/image\/","url":"https:\/\/ptich.si\/wp-content\/uploads\/2020\/05\/ptich-logo-mali.png","contentUrl":"https:\/\/ptich.si\/wp-content\/uploads\/2020\/05\/ptich-logo-mali.png","width":135,"height":40,"caption":"Ptich"},"image":{"@id":"https:\/\/ptich.si\/sl\/#\/schema\/logo\/image\/"},"sameAs":["https:\/\/www.facebook.com\/PtichSlovenia\/"]},{"@type":"Person","@id":"https:\/\/ptich.si\/sl\/#\/schema\/person\/87f1654008fb02442dde62aa7c216b42","name":"laganosportski","image":{"@type":"ImageObject","inLanguage":"sl-SI","@id":"https:\/\/secure.gravatar.com\/avatar\/121c035730a9a139bd7a88b8fd9f2166d16a959771369011d043d6d01676ec61?s=96&d=mm&r=g","url":"https:\/\/secure.gravatar.com\/avatar\/121c035730a9a139bd7a88b8fd9f2166d16a959771369011d043d6d01676ec61?s=96&d=mm&r=g","contentUrl":"https:\/\/secure.gravatar.com\/avatar\/121c035730a9a139bd7a88b8fd9f2166d16a959771369011d043d6d01676ec61?s=96&d=mm&r=g","caption":"laganosportski"},"url":"https:\/\/ptich.si\/sl\/author\/laganosportski\/"}]}},"jetpack_featured_media_url":"https:\/\/ptich.si\/wp-content\/uploads\/2020\/02\/1317426-by-Luka-Cjuha-LR.jpg","_links":{"self":[{"href":"https:\/\/ptich.si\/sl\/wp-json\/wp\/v2\/posts\/10217","targetHints":{"allow":["GET"]}}],"collection":[{"href":"https:\/\/ptich.si\/sl\/wp-json\/wp\/v2\/posts"}],"about":[{"href":"https:\/\/ptich.si\/sl\/wp-json\/wp\/v2\/types\/post"}],"author":[{"embeddable":true,"href":"https:\/\/ptich.si\/sl\/wp-json\/wp\/v2\/users\/3"}],"replies":[{"embeddable":true,"href":"https:\/\/ptich.si\/sl\/wp-json\/wp\/v2\/comments?post=10217"}],"version-history":[{"count":1,"href":"https:\/\/ptich.si\/sl\/wp-json\/wp\/v2\/posts\/10217\/revisions"}],"predecessor-version":[{"id":11770,"href":"https:\/\/ptich.si\/sl\/wp-json\/wp\/v2\/posts\/10217\/revisions\/11770"}],"wp:featuredmedia":[{"embeddable":true,"href":"https:\/\/ptich.si\/sl\/wp-json\/wp\/v2\/media\/8779"}],"wp:attachment":[{"href":"https:\/\/ptich.si\/sl\/wp-json\/wp\/v2\/media?parent=10217"}],"wp:term":[{"taxonomy":"category","embeddable":true,"href":"https:\/\/ptich.si\/sl\/wp-json\/wp\/v2\/categories?post=10217"},{"taxonomy":"post_tag","embeddable":true,"href":"https:\/\/ptich.si\/sl\/wp-json\/wp\/v2\/tags?post=10217"}],"curies":[{"name":"wp","href":"https:\/\/api.w.org\/{rel}","templated":true}]}}