{"id":10218,"date":"2020-05-27T07:04:38","date_gmt":"2020-05-27T07:04:38","guid":{"rendered":"https:\/\/www.ljubljanaurbantours.com\/?p=9453\/"},"modified":"2020-10-22T18:09:55","modified_gmt":"2020-10-22T18:09:55","slug":"slovenski-sportni-cudez-junij","status":"publish","type":"post","link":"https:\/\/ptich.si\/sl\/slovenski-sportni-cudez-junij\/","title":{"rendered":"Kolesarska tura, posve\u010dena slovenskemu \u0161portnemu \u010dude\u017eu, premierno v juniju!"},"content":{"rendered":"<div class=\"entry-content\">\n<div id=\"pl-2424\" class=\"panel-layout\">\n<div id=\"pg-2424-5\" class=\"panel-grid panel-no-style\">\n<div id=\"pgc-2424-5-0\" class=\"panel-grid-cell\">\n<div id=\"panel-2424-5-0-0\" class=\"so-panel widget widget_sow-editor panel-first-child panel-last-child\" data-index=\"8\">\n<div class=\"so-widget-sow-editor so-widget-sow-editor-base\">\n<div class=\"siteorigin-widget-tinymce textwidget\">\n<div id=\"main\" class=\"site-main\">\n<div class=\"full-container\">\n<div id=\"primary\" class=\"content-area\">\n<div id=\"content\" class=\"site-content\" role=\"main\">\n<article id=\"post-2411\" class=\"post post-2411 type-post status-publish format-standard has-post-thumbnail hentry category-uncategorized-sl\">\n<div class=\"entry-main\">\n<div class=\"entry-content\">\n<div id=\"pl-2411\" class=\"panel-layout\">\n<div id=\"pg-2411-1\" class=\"panel-grid panel-no-style\">\n<div id=\"pgc-2411-1-0\" class=\"panel-grid-cell\">\n<div id=\"panel-2411-1-0-0\" class=\"so-panel widget widget_sow-editor panel-first-child panel-last-child\" data-index=\"2\">\n<div class=\"so-widget-sow-editor so-widget-sow-editor-base\">\n<div class=\"siteorigin-widget-tinymce textwidget\">\n<div class=\"full-container\">\n<div id=\"primary\" class=\"content-area\">\n<div id=\"content\" class=\"site-content\" role=\"main\">\n<article id=\"post-2411\" class=\"post post-2411 type-post status-publish format-standard has-post-thumbnail hentry category-uncategorized-sl\">\n<div class=\"entry-main\">\n<div class=\"entry-content\">\n<div id=\"pl-2411\" class=\"panel-layout\">\n<div id=\"pg-2411-1\" class=\"panel-grid panel-no-style\">\n<div id=\"panel-2411-1-0-0\" class=\"so-panel widget widget_sow-editor panel-first-child panel-last-child\" data-index=\"2\">\n<p>Ve\u010d kot tri mesece je trajalo, ker nam jo je korona kar dobro zagodla, ampak zdaj smo vsi pripravljeni na \u0161tart! Zgoditi se imata namre\u010d predpremiera in premiera nove ljubljanske \u0161portno-kulturne ture, poimenovane Slovenski \u0161portni \u010dude\u017e, ki jo vodi kdo drug kot Esad Baba\u010di\u0107, ajatola slovenske \u0161portne publicistike.<\/p>\n<p>Kako je do ideje za turo sploh pri\u0161lo? Esad je pred \u010dasom povedal, da je tam nekje v osemdesetih imel prijatelja, ki ni ravno slovel po \u0161portnem \u017eivljenju, a je kljub temu na vpra\u0161anje, kako si, rad odvrnil, da se po\u010duti \u0161portno. Esadu je ta pozdrav prirasel k srcu in v\u010dasih mu je kar malce \u017eal, ker ni ve\u010d v uporabi.\u00a0Morda ga ne sli\u0161imo tudi zato, ker danes ni ve\u010d tistega \u0161portnega duha, pri katerem ne \u0161tejejo le zmage, ampak \u0161e marsikaj drugega. Ali pa zato, ker vse redkeje sli\u0161imo zgodbe, kakr\u0161na je tista o prvem ko\u0161arkarju, ki je za\u010del uporabljati &#8220;skok \u0161ut&#8221; \u0161e pred Ameri\u010dani \u2013 in to na tukaj\u0161njih igri\u0161\u010dih. Poznate to \u0161torijo?<\/p>\n<p>No, da bi ta in druge podobno legendarne \u0161torije, ki jih Esad zna \u0161e kako \u017emohtno povedati, pri\u0161le do \u010dim ve\u010d ljudi, smo se odlo\u010dili, da pripravimo kolesarsko turo, ki jo posve\u010damo slovenskemu \u0161portnemu \u010dude\u017eu. Da, \u010dude\u017eu! Kajti Slovenija in njeni dr\u017eavljani si lahko povsem upravi\u010deno polaskamo z naslovom najve\u010djega \u0161portnega \u010dude\u017ea na svetu! Tako pravi Esad. In njemu je za verjeti, ko govorimo o \u0161portu.<\/p>\n<p>A zakaj \u0161portna tura po Ljubljani ravno zdaj?<\/p>\n<p>Zato ker bi Ljubljana morala tak\u0161no turo itak \u017ee zdavnaj zagnati, saj vsako mesto, ki nekaj da na rekreativni in profesionalni \u0161port, tak\u0161no posvetilo svojim junakom in junakinjam preprosto mora imeti. \u0160e bolj pa zato, ker je 28. marca minilo to\u010dno petdeset let, odkar je ko\u0161arkarski klub Olimpija zadnji\u010d postal jugoslovanski prvak v ko\u0161arki.\u00a0 A najbolj seveda zato, ker je 24. maja minilo okroglih pol stoletja, odkar smo v ko\u0161arki prvi\u010d postali svetovni prvaki. Svetovni prvaki! V ko\u0161arki! In to v na\u0161i ljubljanski Hali Tivoli, v glavnem mestu takratne in dana\u0161nje republike. Svetovni prvaki, zaradi katerih se je nemalokdo za\u010del ukvarjati s \u0161portom. Tudi Esad.<\/p>\n<p>Ljubljansko \u0161portno turo zato posve\u010damo kapetanu Ivu Danevu, \u017dorgi, Jelovcu in ostalim slovenskim mu\u0161ketirjem, ki so v modrih dresih prej\u0161nje dr\u017eave orali ledino na\u0161ih \u0161portnih uspehov.<\/p>\n<p>De\u017eela Luke Don\u010di\u0107a, Gorana Dragi\u0107a, Kopitarja, Rogli\u010da, Tine Maze, \u0161e prej pa Leona \u0160tuklja, Cerarja, Kri\u017eaja, Petrovi\u010da, Mateje Svet, Ur\u0161ke Hrovat, Ti\u0161larja, Oblaka, Popivode, Zlatka Zahovi\u010da, Katanca, bratov Bojovi\u0107, Vilfana &#8230; si zaslu\u017ei turo, na kateri bodo ljubitelji \u0161porta spoznali mnoge kraje in dogodke, ki so botrovali vsem tem \u010dude\u017eem.<\/p>\n<p>Kmalu se zatorej vidimo pred Dvorano Tabor.<\/p>\n<p>Kajti Esad se ponovno po\u010duti \u0161portno.<\/p>\n<\/div>\n<p>\u2014<\/p>\n<p>Vljudno vabljeni na kolesarsko turo, posve\u010deno slovenskemu \u0161portnemu \u010dude\u017eu, na kateri ne bodo manjkali nogometni miti, ko\u0161arkarske legende, smu\u010darske tradicije, alpinisti\u010dne odprave in telovadne intrige, pa Podarim-dobim, Trim\u010dek, 100 \u017eensk na Triglav, Pot ob \u017eici, Ljubljanski maraton pa \u0161e pa \u0161e. Turo bo vodil Esad Baba\u010di\u0107, priznani \u0161portni publicist, pobudnik akcije &#8220;Verjemi v svoj ko\u0161&#8221; in ve\u010dkrat nagrajeni pesnik.<\/p>\n<p>Ture, ki jo bomo izvedli v vsakem vremenu, se lahko udele\u017eite, \u010de ste stari 15 let ali ve\u010d, \u010de pridete s svojim kolesom in vstopnico pla\u010date po predra\u010dunu. Ker je \u0161tevilo mest omejeno, prosimo, da nujno izpolnite prijavni obrazec na dnu strani. Po izpolnitvi obrazca boste v 24 urah po emailu prejeli predra\u010dun.<\/p>\n<p>\u010ce tokrat ne morete priti, vseeno pa vas zanimajo tudi bodo\u010di kolesarski izleti po \u0161portni Ljubljani in drugi dogodki ekipe Urbana Vrana, pustite svoj email naslov <a href=\"https:\/\/www.ljubljanaurbantours.com\/sl\/e-novice\/\"><u>tukaj<\/u><\/a>\u00a0in vnaprej vas bomo obvestili o terminih.<\/p>\n<\/div>\n<p>\u2014<\/p>\n<p><strong>ESAD BABA\u010cI\u0106<\/strong><\/p>\n<div id=\"pl-2411\" class=\"panel-layout\">\n<div id=\"pg-2411-1\" class=\"panel-grid panel-no-style\">\n<div id=\"pgc-2411-1-0\" class=\"panel-grid-cell\">\n<p>Je pesnik,\u00a0 dolgoletni \u0161portni publicist, pobudnik akcije &#8220;Verjemi v svoj ko\u0161&#8221; in pisec dveh izjemnih \u0161portnih knjig: &#8220;Trdobojec&#8221;, v kateri gre Esad v ring z Dejanom Zavcem, in pa &#8220;Banda&#8221;, v kateri pripoveduje o zgodovini in uspehih jeseni\u0161kega hokeja. Bil je pevec in pisec besedil pri pank bendu Via Ofenziva. Prvi si je z bendom drznil javno izvajati priredbo takrat strogo prepovedane \u00bbnacisti\u010dne\u00ab pesmi Lilli Marlen. Komunisti\u010dni re\u017eim ga je zaradi tega ve\u010dkrat zasli\u0161eval in mu\u010dil. Kasneje se je posvetil pisanju in pesnenju ter izdal \u0161tevilna odmevna dela.\u00a0\u00a0<a href=\"https:\/\/www.esadbabacic.si\/biografija\/\"><u>Ve\u010d&#8230;<\/u><\/a><\/p>\n<\/div>\n<\/div>\n<\/div>\n<\/div>\n<\/div>\n<\/div>\n<\/article>\n<\/div>\n<\/div>\n<\/div>\n<div class=\"full-container\">\n<div id=\"primary\" class=\"content-area\">\n<div id=\"content\" class=\"site-content\" role=\"main\">\n<article id=\"post-2411\" class=\"post post-2411 type-post status-publish format-standard has-post-thumbnail hentry category-uncategorized-sl\">\n<div class=\"entry-main\">\n<div class=\"entry-content\">\n<div id=\"pl-2411\" class=\"panel-layout\">\n<div id=\"pg-2411-1\" class=\"panel-grid panel-no-style\">\n<div id=\"pgc-2411-1-0\" class=\"panel-grid-cell\">\n<div id=\"panel-2411-1-0-0\" class=\"so-panel widget widget_sow-editor panel-first-child panel-last-child\" data-index=\"2\">\n<div class=\"full-container\">\n<div id=\"primary\" class=\"content-area\">\n<div id=\"content\" class=\"site-content\" role=\"main\">\n<article id=\"post-2411\" class=\"post post-2411 type-post status-publish format-standard has-post-thumbnail hentry category-uncategorized-sl\">\n<div class=\"entry-main\">\n<div class=\"entry-content\">\n<div id=\"pl-2411\" class=\"panel-layout\">\n<div id=\"pg-2411-1\" class=\"panel-grid panel-no-style\">\n<div id=\"pgc-2411-1-0\" class=\"panel-grid-cell\">\n<div id=\"panel-2411-1-0-0\" class=\"so-panel widget widget_sow-editor panel-first-child panel-last-child\" data-index=\"2\">\n<div class=\"so-widget-sow-editor so-widget-sow-editor-base\">\n<div class=\"siteorigin-widget-tinymce textwidget\">\n<p>\u2014<\/p>\n<\/div>\n<\/div>\n<\/div>\n<\/div>\n<\/div>\n<\/div>\n<\/div>\n<\/div>\n<\/article>\n<\/div>\n<\/div>\n<\/div>\n<\/div>\n<div id=\"panel-2411-1-0-0\" class=\"so-panel widget widget_sow-editor panel-first-child panel-last-child\" data-index=\"2\">\n<div class=\"full-container\">\n<div id=\"primary\" class=\"content-area\">\n<div id=\"content\" class=\"site-content\" role=\"main\">\n<article id=\"post-2411\" class=\"post post-2411 type-post status-publish format-standard has-post-thumbnail hentry category-uncategorized-sl\">\n<div class=\"entry-main\">\n<p><strong>OSNOVNE INFORMACIJE O TURI<\/strong><\/p>\n<p>Kdaj: v soboto 6. junija 2020 (predpremiera) in 20. junija 2020 (premiera) med 16. in 19. uro<\/p>\n<p>Zbirno mesto: Dvorana Tabor<\/p>\n<p>Zaklju\u010dek: Kongresni trg<\/p>\n<p>Jezik: sloven\u0161\u010dina<\/p>\n<p>Organizacija: Urbana Vrana<\/p>\n<p>Pogoj: starost 15 let ali ve\u010d, lastno kolo<\/p>\n<p>Vreme: turo izvedemo v vsakem vremenu<\/p>\n<p>Cena: 10\u20ac\/oseba (pla\u010dilo po predra\u010dunu)<\/p>\n<div class=\"full-container\">\n<div id=\"primary\" class=\"content-area\">\n<div id=\"content\" class=\"site-content\" role=\"main\">\n<article id=\"post-2411\" class=\"post post-2411 type-post status-publish format-standard has-post-thumbnail hentry category-uncategorized-sl\">\n<div class=\"entry-main\">\n<div class=\"entry-content\">\n<div id=\"pl-2411\" class=\"panel-layout\">\n<div id=\"pg-2411-1\" class=\"panel-grid panel-no-style\">\n<div id=\"pgc-2411-1-0\" class=\"panel-grid-cell\">\n<div id=\"panel-2411-1-0-0\" class=\"so-panel widget widget_sow-editor panel-first-child panel-last-child\" data-index=\"2\">\n<div class=\"full-container\">\n<div id=\"primary\" class=\"content-area\">\n<div id=\"content\" class=\"site-content\" role=\"main\">\n<article id=\"post-2411\" class=\"post post-2411 type-post status-publish format-standard has-post-thumbnail hentry category-uncategorized-sl\">\n<div class=\"entry-main\">\n<div class=\"entry-content\">\n<div id=\"pl-2411\" class=\"panel-layout\">\n<div id=\"pg-2411-1\" class=\"panel-grid panel-no-style\">\n<div id=\"pgc-2411-1-0\" class=\"panel-grid-cell\">\n<div id=\"panel-2411-1-0-0\" class=\"so-panel widget widget_sow-editor panel-first-child panel-last-child\" data-index=\"2\">\n<div class=\"so-widget-sow-editor so-widget-sow-editor-base\">\n<div class=\"siteorigin-widget-tinymce textwidget\">\n<p>&nbsp;<\/p>\n<p>&nbsp;<\/p>\n<\/div>\n<\/div>\n<\/div>\n<\/div>\n<\/div>\n<\/div>\n<\/div>\n<\/div>\n<\/article>\n<\/div>\n<\/div>\n<\/div>\n<\/div>\n<\/div>\n<\/div>\n<\/div>\n<\/div>\n<\/div>\n<\/article>\n<\/div>\n<\/div>\n<\/div>\n<\/div>\n<\/article>\n<\/div>\n<\/div>\n<\/div>\n<\/div>\n<\/div>\n<p><iframe loading=\"lazy\" src=\"https:\/\/docs.google.com\/forms\/d\/e\/1FAIpQLSdAp1pCgNQvcl8rtlbHKILaXpfPMdoHtariB0SPF7q9S4YmYQ\/viewform?embedded=true\" width=\"100%\" height=\"2250\" frameborder=\"0\" marginwidth=\"0\" marginheight=\"0\">Loading\u2026<\/iframe><\/p>\n<\/div>\n<\/div>\n<\/div>\n<\/div>\n<\/article>\n<\/div>\n<\/div>\n<\/div>\n<\/div>\n<\/div>\n<\/div>\n<\/div>\n<\/div>\n<\/div>\n<\/div>\n<\/div>\n<\/article>\n<\/div>\n<\/div>\n<\/div>\n<\/div>\n<\/div>\n<\/div>\n<\/div>\n<\/div>\n<\/div>\n<\/div>\n<\/div>\n","protected":false},"excerpt":{"rendered":"<p>Ve\u010d kot tri mesece je trajalo, ker nam jo je korona kar dobro zagodla, ampak zdaj smo vsi pripravljeni na \u0161tart! Zgoditi se imata namre\u010d predpremiera in premiera nove ljubljanske \u0161portno-kulturne ture, poimenovane Slovenski \u0161portni \u010dude\u017e, ki jo vodi kdo drug kot Esad Baba\u010di\u0107, ajatola slovenske \u0161portne publicistike. Kako je do ideje za turo sploh [&hellip;]<\/p>\n","protected":false},"author":3,"featured_media":8468,"comment_status":"closed","ping_status":"open","sticky":false,"template":"","format":"standard","meta":{"_monsterinsights_skip_tracking":false,"_monsterinsights_sitenote_active":false,"_monsterinsights_sitenote_note":"","_monsterinsights_sitenote_category":0,"footnotes":""},"categories":[61,54],"tags":[89,119,101],"class_list":["post-10218","post","type-post","status-publish","format-standard","has-post-thumbnail","hentry","category-news-sl","category-uncategorized-sl","tag-novice","tag-sport","tag-urbane-ture"],"yoast_head":"<!-- This site is optimized with the Yoast SEO plugin v27.4 - https:\/\/yoast.com\/product\/yoast-seo-wordpress\/ -->\n<title>Esad Baba\u010di\u0107 vas bo v juniju kon\u010dno lahko popeljal po Ljubljani \u0161portnih \u010dude\u017eev<\/title>\n<meta name=\"description\" content=\"Urbana Vrana organizira kolesarsko turo, posve\u010deno slovenskemu \u0161portnemu \u010dude\u017eu pod vodstvom Esada Baba\u010di\u0107a, \u0161portnega publicista, pesnika in avtorja \u0161tevilnih knjig. Dobimo se pred Dvorano Tabor.\" \/>\n<meta name=\"robots\" content=\"index, follow, max-snippet:-1, max-image-preview:large, max-video-preview:-1\" \/>\n<link rel=\"canonical\" href=\"https:\/\/ptich.si\/sl\/slovenski-sportni-cudez-junij\/\" \/>\n<meta property=\"og:locale\" content=\"sl_SI\" \/>\n<meta property=\"og:type\" content=\"article\" \/>\n<meta property=\"og:title\" content=\"Esad Baba\u010di\u0107 vas bo v juniju kon\u010dno lahko popeljal po Ljubljani \u0161portnih \u010dude\u017eev\" \/>\n<meta property=\"og:description\" content=\"Urbana Vrana organizira kolesarsko turo, posve\u010deno slovenskemu \u0161portnemu \u010dude\u017eu pod vodstvom Esada Baba\u010di\u0107a, \u0161portnega publicista, pesnika in avtorja \u0161tevilnih knjig. Dobimo se pred Dvorano Tabor.\" \/>\n<meta property=\"og:url\" content=\"https:\/\/ptich.si\/sl\/slovenski-sportni-cudez-junij\/\" \/>\n<meta property=\"og:site_name\" content=\"Ptich\" \/>\n<meta property=\"article:publisher\" content=\"https:\/\/www.facebook.com\/PtichSlovenia\/\" \/>\n<meta property=\"article:published_time\" content=\"2020-05-27T07:04:38+00:00\" \/>\n<meta property=\"article:modified_time\" content=\"2020-10-22T18:09:55+00:00\" \/>\n<meta property=\"og:image\" content=\"https:\/\/ptich.si\/wp-content\/uploads\/2020\/02\/Dragic-Doncic-kosarkarji-zmaga-2017-OBDELANA-3x2-\u010cB.jpg\" \/>\n\t<meta property=\"og:image:width\" content=\"862\" \/>\n\t<meta property=\"og:image:height\" content=\"574\" \/>\n\t<meta property=\"og:image:type\" content=\"image\/jpeg\" \/>\n<meta name=\"author\" content=\"laganosportski\" \/>\n<meta name=\"twitter:card\" content=\"summary_large_image\" \/>\n<meta name=\"twitter:label1\" content=\"Written by\" \/>\n\t<meta name=\"twitter:data1\" content=\"laganosportski\" \/>\n\t<meta name=\"twitter:label2\" content=\"Est. reading time\" \/>\n\t<meta name=\"twitter:data2\" content=\"4 minute\" \/>\n<script type=\"application\/ld+json\" class=\"yoast-schema-graph\">{\"@context\":\"https:\\\/\\\/schema.org\",\"@graph\":[{\"@type\":\"Article\",\"@id\":\"https:\\\/\\\/ptich.si\\\/sl\\\/slovenski-sportni-cudez-junij\\\/#article\",\"isPartOf\":{\"@id\":\"https:\\\/\\\/ptich.si\\\/sl\\\/slovenski-sportni-cudez-junij\\\/\"},\"author\":{\"name\":\"laganosportski\",\"@id\":\"https:\\\/\\\/ptich.si\\\/sl\\\/#\\\/schema\\\/person\\\/87f1654008fb02442dde62aa7c216b42\"},\"headline\":\"Kolesarska tura, posve\u010dena slovenskemu \u0161portnemu \u010dude\u017eu, premierno v juniju!\",\"datePublished\":\"2020-05-27T07:04:38+00:00\",\"dateModified\":\"2020-10-22T18:09:55+00:00\",\"mainEntityOfPage\":{\"@id\":\"https:\\\/\\\/ptich.si\\\/sl\\\/slovenski-sportni-cudez-junij\\\/\"},\"wordCount\":796,\"publisher\":{\"@id\":\"https:\\\/\\\/ptich.si\\\/sl\\\/#organization\"},\"image\":{\"@id\":\"https:\\\/\\\/ptich.si\\\/sl\\\/slovenski-sportni-cudez-junij\\\/#primaryimage\"},\"thumbnailUrl\":\"https:\\\/\\\/ptich.si\\\/wp-content\\\/uploads\\\/2020\\\/02\\\/Dragic-Doncic-kosarkarji-zmaga-2017-OBDELANA-3x2-\u010cB.jpg\",\"keywords\":[\"NOVICE\",\"\u0160PORT\",\"URBANE TURE\"],\"articleSection\":[\"News-sl\",\"Uncategorized @sl\"],\"inLanguage\":\"sl-SI\"},{\"@type\":\"WebPage\",\"@id\":\"https:\\\/\\\/ptich.si\\\/sl\\\/slovenski-sportni-cudez-junij\\\/\",\"url\":\"https:\\\/\\\/ptich.si\\\/sl\\\/slovenski-sportni-cudez-junij\\\/\",\"name\":\"Esad Baba\u010di\u0107 vas bo v juniju kon\u010dno lahko popeljal po Ljubljani \u0161portnih \u010dude\u017eev\",\"isPartOf\":{\"@id\":\"https:\\\/\\\/ptich.si\\\/sl\\\/#website\"},\"primaryImageOfPage\":{\"@id\":\"https:\\\/\\\/ptich.si\\\/sl\\\/slovenski-sportni-cudez-junij\\\/#primaryimage\"},\"image\":{\"@id\":\"https:\\\/\\\/ptich.si\\\/sl\\\/slovenski-sportni-cudez-junij\\\/#primaryimage\"},\"thumbnailUrl\":\"https:\\\/\\\/ptich.si\\\/wp-content\\\/uploads\\\/2020\\\/02\\\/Dragic-Doncic-kosarkarji-zmaga-2017-OBDELANA-3x2-\u010cB.jpg\",\"datePublished\":\"2020-05-27T07:04:38+00:00\",\"dateModified\":\"2020-10-22T18:09:55+00:00\",\"description\":\"Urbana Vrana organizira kolesarsko turo, posve\u010deno slovenskemu \u0161portnemu \u010dude\u017eu pod vodstvom Esada Baba\u010di\u0107a, \u0161portnega publicista, pesnika in avtorja \u0161tevilnih knjig. Dobimo se pred Dvorano Tabor.\",\"breadcrumb\":{\"@id\":\"https:\\\/\\\/ptich.si\\\/sl\\\/slovenski-sportni-cudez-junij\\\/#breadcrumb\"},\"inLanguage\":\"sl-SI\",\"potentialAction\":[{\"@type\":\"ReadAction\",\"target\":[\"https:\\\/\\\/ptich.si\\\/sl\\\/slovenski-sportni-cudez-junij\\\/\"]}]},{\"@type\":\"ImageObject\",\"inLanguage\":\"sl-SI\",\"@id\":\"https:\\\/\\\/ptich.si\\\/sl\\\/slovenski-sportni-cudez-junij\\\/#primaryimage\",\"url\":\"https:\\\/\\\/ptich.si\\\/wp-content\\\/uploads\\\/2020\\\/02\\\/Dragic-Doncic-kosarkarji-zmaga-2017-OBDELANA-3x2-\u010cB.jpg\",\"contentUrl\":\"https:\\\/\\\/ptich.si\\\/wp-content\\\/uploads\\\/2020\\\/02\\\/Dragic-Doncic-kosarkarji-zmaga-2017-OBDELANA-3x2-\u010cB.jpg\",\"width\":862,\"height\":574},{\"@type\":\"BreadcrumbList\",\"@id\":\"https:\\\/\\\/ptich.si\\\/sl\\\/slovenski-sportni-cudez-junij\\\/#breadcrumb\",\"itemListElement\":[{\"@type\":\"ListItem\",\"position\":1,\"name\":\"Home\",\"item\":\"https:\\\/\\\/ptich.si\\\/sl\\\/\"},{\"@type\":\"ListItem\",\"position\":2,\"name\":\"Kolesarska tura, posve\u010dena slovenskemu \u0161portnemu \u010dude\u017eu, premierno v juniju!\"}]},{\"@type\":\"WebSite\",\"@id\":\"https:\\\/\\\/ptich.si\\\/sl\\\/#website\",\"url\":\"https:\\\/\\\/ptich.si\\\/sl\\\/\",\"name\":\"Ptich\",\"description\":\"Glasbeni izleti & urbane ture | Ljubljana | Slovenija\",\"publisher\":{\"@id\":\"https:\\\/\\\/ptich.si\\\/sl\\\/#organization\"},\"potentialAction\":[{\"@type\":\"SearchAction\",\"target\":{\"@type\":\"EntryPoint\",\"urlTemplate\":\"https:\\\/\\\/ptich.si\\\/sl\\\/?s={search_term_string}\"},\"query-input\":{\"@type\":\"PropertyValueSpecification\",\"valueRequired\":true,\"valueName\":\"search_term_string\"}}],\"inLanguage\":\"sl-SI\"},{\"@type\":\"Organization\",\"@id\":\"https:\\\/\\\/ptich.si\\\/sl\\\/#organization\",\"name\":\"Ptich\",\"url\":\"https:\\\/\\\/ptich.si\\\/sl\\\/\",\"logo\":{\"@type\":\"ImageObject\",\"inLanguage\":\"sl-SI\",\"@id\":\"https:\\\/\\\/ptich.si\\\/sl\\\/#\\\/schema\\\/logo\\\/image\\\/\",\"url\":\"https:\\\/\\\/ptich.si\\\/wp-content\\\/uploads\\\/2020\\\/05\\\/ptich-logo-mali.png\",\"contentUrl\":\"https:\\\/\\\/ptich.si\\\/wp-content\\\/uploads\\\/2020\\\/05\\\/ptich-logo-mali.png\",\"width\":135,\"height\":40,\"caption\":\"Ptich\"},\"image\":{\"@id\":\"https:\\\/\\\/ptich.si\\\/sl\\\/#\\\/schema\\\/logo\\\/image\\\/\"},\"sameAs\":[\"https:\\\/\\\/www.facebook.com\\\/PtichSlovenia\\\/\"]},{\"@type\":\"Person\",\"@id\":\"https:\\\/\\\/ptich.si\\\/sl\\\/#\\\/schema\\\/person\\\/87f1654008fb02442dde62aa7c216b42\",\"name\":\"laganosportski\",\"image\":{\"@type\":\"ImageObject\",\"inLanguage\":\"sl-SI\",\"@id\":\"https:\\\/\\\/secure.gravatar.com\\\/avatar\\\/121c035730a9a139bd7a88b8fd9f2166d16a959771369011d043d6d01676ec61?s=96&d=mm&r=g\",\"url\":\"https:\\\/\\\/secure.gravatar.com\\\/avatar\\\/121c035730a9a139bd7a88b8fd9f2166d16a959771369011d043d6d01676ec61?s=96&d=mm&r=g\",\"contentUrl\":\"https:\\\/\\\/secure.gravatar.com\\\/avatar\\\/121c035730a9a139bd7a88b8fd9f2166d16a959771369011d043d6d01676ec61?s=96&d=mm&r=g\",\"caption\":\"laganosportski\"},\"url\":\"https:\\\/\\\/ptich.si\\\/sl\\\/author\\\/laganosportski\\\/\"}]}<\/script>\n<!-- \/ Yoast SEO plugin. -->","yoast_head_json":{"title":"Esad Baba\u010di\u0107 vas bo v juniju kon\u010dno lahko popeljal po Ljubljani \u0161portnih \u010dude\u017eev","description":"Urbana Vrana organizira kolesarsko turo, posve\u010deno slovenskemu \u0161portnemu \u010dude\u017eu pod vodstvom Esada Baba\u010di\u0107a, \u0161portnega publicista, pesnika in avtorja \u0161tevilnih knjig. Dobimo se pred Dvorano Tabor.","robots":{"index":"index","follow":"follow","max-snippet":"max-snippet:-1","max-image-preview":"max-image-preview:large","max-video-preview":"max-video-preview:-1"},"canonical":"https:\/\/ptich.si\/sl\/slovenski-sportni-cudez-junij\/","og_locale":"sl_SI","og_type":"article","og_title":"Esad Baba\u010di\u0107 vas bo v juniju kon\u010dno lahko popeljal po Ljubljani \u0161portnih \u010dude\u017eev","og_description":"Urbana Vrana organizira kolesarsko turo, posve\u010deno slovenskemu \u0161portnemu \u010dude\u017eu pod vodstvom Esada Baba\u010di\u0107a, \u0161portnega publicista, pesnika in avtorja \u0161tevilnih knjig. Dobimo se pred Dvorano Tabor.","og_url":"https:\/\/ptich.si\/sl\/slovenski-sportni-cudez-junij\/","og_site_name":"Ptich","article_publisher":"https:\/\/www.facebook.com\/PtichSlovenia\/","article_published_time":"2020-05-27T07:04:38+00:00","article_modified_time":"2020-10-22T18:09:55+00:00","og_image":[{"width":862,"height":574,"url":"https:\/\/ptich.si\/wp-content\/uploads\/2020\/02\/Dragic-Doncic-kosarkarji-zmaga-2017-OBDELANA-3x2-\u010cB.jpg","type":"image\/jpeg"}],"author":"laganosportski","twitter_card":"summary_large_image","twitter_misc":{"Written by":"laganosportski","Est. reading time":"4 minute"},"schema":{"@context":"https:\/\/schema.org","@graph":[{"@type":"Article","@id":"https:\/\/ptich.si\/sl\/slovenski-sportni-cudez-junij\/#article","isPartOf":{"@id":"https:\/\/ptich.si\/sl\/slovenski-sportni-cudez-junij\/"},"author":{"name":"laganosportski","@id":"https:\/\/ptich.si\/sl\/#\/schema\/person\/87f1654008fb02442dde62aa7c216b42"},"headline":"Kolesarska tura, posve\u010dena slovenskemu \u0161portnemu \u010dude\u017eu, premierno v juniju!","datePublished":"2020-05-27T07:04:38+00:00","dateModified":"2020-10-22T18:09:55+00:00","mainEntityOfPage":{"@id":"https:\/\/ptich.si\/sl\/slovenski-sportni-cudez-junij\/"},"wordCount":796,"publisher":{"@id":"https:\/\/ptich.si\/sl\/#organization"},"image":{"@id":"https:\/\/ptich.si\/sl\/slovenski-sportni-cudez-junij\/#primaryimage"},"thumbnailUrl":"https:\/\/ptich.si\/wp-content\/uploads\/2020\/02\/Dragic-Doncic-kosarkarji-zmaga-2017-OBDELANA-3x2-\u010cB.jpg","keywords":["NOVICE","\u0160PORT","URBANE TURE"],"articleSection":["News-sl","Uncategorized @sl"],"inLanguage":"sl-SI"},{"@type":"WebPage","@id":"https:\/\/ptich.si\/sl\/slovenski-sportni-cudez-junij\/","url":"https:\/\/ptich.si\/sl\/slovenski-sportni-cudez-junij\/","name":"Esad Baba\u010di\u0107 vas bo v juniju kon\u010dno lahko popeljal po Ljubljani \u0161portnih \u010dude\u017eev","isPartOf":{"@id":"https:\/\/ptich.si\/sl\/#website"},"primaryImageOfPage":{"@id":"https:\/\/ptich.si\/sl\/slovenski-sportni-cudez-junij\/#primaryimage"},"image":{"@id":"https:\/\/ptich.si\/sl\/slovenski-sportni-cudez-junij\/#primaryimage"},"thumbnailUrl":"https:\/\/ptich.si\/wp-content\/uploads\/2020\/02\/Dragic-Doncic-kosarkarji-zmaga-2017-OBDELANA-3x2-\u010cB.jpg","datePublished":"2020-05-27T07:04:38+00:00","dateModified":"2020-10-22T18:09:55+00:00","description":"Urbana Vrana organizira kolesarsko turo, posve\u010deno slovenskemu \u0161portnemu \u010dude\u017eu pod vodstvom Esada Baba\u010di\u0107a, \u0161portnega publicista, pesnika in avtorja \u0161tevilnih knjig. Dobimo se pred Dvorano Tabor.","breadcrumb":{"@id":"https:\/\/ptich.si\/sl\/slovenski-sportni-cudez-junij\/#breadcrumb"},"inLanguage":"sl-SI","potentialAction":[{"@type":"ReadAction","target":["https:\/\/ptich.si\/sl\/slovenski-sportni-cudez-junij\/"]}]},{"@type":"ImageObject","inLanguage":"sl-SI","@id":"https:\/\/ptich.si\/sl\/slovenski-sportni-cudez-junij\/#primaryimage","url":"https:\/\/ptich.si\/wp-content\/uploads\/2020\/02\/Dragic-Doncic-kosarkarji-zmaga-2017-OBDELANA-3x2-\u010cB.jpg","contentUrl":"https:\/\/ptich.si\/wp-content\/uploads\/2020\/02\/Dragic-Doncic-kosarkarji-zmaga-2017-OBDELANA-3x2-\u010cB.jpg","width":862,"height":574},{"@type":"BreadcrumbList","@id":"https:\/\/ptich.si\/sl\/slovenski-sportni-cudez-junij\/#breadcrumb","itemListElement":[{"@type":"ListItem","position":1,"name":"Home","item":"https:\/\/ptich.si\/sl\/"},{"@type":"ListItem","position":2,"name":"Kolesarska tura, posve\u010dena slovenskemu \u0161portnemu \u010dude\u017eu, premierno v juniju!"}]},{"@type":"WebSite","@id":"https:\/\/ptich.si\/sl\/#website","url":"https:\/\/ptich.si\/sl\/","name":"Ptich","description":"Glasbeni izleti & urbane ture | Ljubljana | Slovenija","publisher":{"@id":"https:\/\/ptich.si\/sl\/#organization"},"potentialAction":[{"@type":"SearchAction","target":{"@type":"EntryPoint","urlTemplate":"https:\/\/ptich.si\/sl\/?s={search_term_string}"},"query-input":{"@type":"PropertyValueSpecification","valueRequired":true,"valueName":"search_term_string"}}],"inLanguage":"sl-SI"},{"@type":"Organization","@id":"https:\/\/ptich.si\/sl\/#organization","name":"Ptich","url":"https:\/\/ptich.si\/sl\/","logo":{"@type":"ImageObject","inLanguage":"sl-SI","@id":"https:\/\/ptich.si\/sl\/#\/schema\/logo\/image\/","url":"https:\/\/ptich.si\/wp-content\/uploads\/2020\/05\/ptich-logo-mali.png","contentUrl":"https:\/\/ptich.si\/wp-content\/uploads\/2020\/05\/ptich-logo-mali.png","width":135,"height":40,"caption":"Ptich"},"image":{"@id":"https:\/\/ptich.si\/sl\/#\/schema\/logo\/image\/"},"sameAs":["https:\/\/www.facebook.com\/PtichSlovenia\/"]},{"@type":"Person","@id":"https:\/\/ptich.si\/sl\/#\/schema\/person\/87f1654008fb02442dde62aa7c216b42","name":"laganosportski","image":{"@type":"ImageObject","inLanguage":"sl-SI","@id":"https:\/\/secure.gravatar.com\/avatar\/121c035730a9a139bd7a88b8fd9f2166d16a959771369011d043d6d01676ec61?s=96&d=mm&r=g","url":"https:\/\/secure.gravatar.com\/avatar\/121c035730a9a139bd7a88b8fd9f2166d16a959771369011d043d6d01676ec61?s=96&d=mm&r=g","contentUrl":"https:\/\/secure.gravatar.com\/avatar\/121c035730a9a139bd7a88b8fd9f2166d16a959771369011d043d6d01676ec61?s=96&d=mm&r=g","caption":"laganosportski"},"url":"https:\/\/ptich.si\/sl\/author\/laganosportski\/"}]}},"jetpack_featured_media_url":"https:\/\/ptich.si\/wp-content\/uploads\/2020\/02\/Dragic-Doncic-kosarkarji-zmaga-2017-OBDELANA-3x2-\u010cB.jpg","_links":{"self":[{"href":"https:\/\/ptich.si\/sl\/wp-json\/wp\/v2\/posts\/10218","targetHints":{"allow":["GET"]}}],"collection":[{"href":"https:\/\/ptich.si\/sl\/wp-json\/wp\/v2\/posts"}],"about":[{"href":"https:\/\/ptich.si\/sl\/wp-json\/wp\/v2\/types\/post"}],"author":[{"embeddable":true,"href":"https:\/\/ptich.si\/sl\/wp-json\/wp\/v2\/users\/3"}],"replies":[{"embeddable":true,"href":"https:\/\/ptich.si\/sl\/wp-json\/wp\/v2\/comments?post=10218"}],"version-history":[{"count":2,"href":"https:\/\/ptich.si\/sl\/wp-json\/wp\/v2\/posts\/10218\/revisions"}],"predecessor-version":[{"id":11769,"href":"https:\/\/ptich.si\/sl\/wp-json\/wp\/v2\/posts\/10218\/revisions\/11769"}],"wp:featuredmedia":[{"embeddable":true,"href":"https:\/\/ptich.si\/sl\/wp-json\/wp\/v2\/media\/8468"}],"wp:attachment":[{"href":"https:\/\/ptich.si\/sl\/wp-json\/wp\/v2\/media?parent=10218"}],"wp:term":[{"taxonomy":"category","embeddable":true,"href":"https:\/\/ptich.si\/sl\/wp-json\/wp\/v2\/categories?post=10218"},{"taxonomy":"post_tag","embeddable":true,"href":"https:\/\/ptich.si\/sl\/wp-json\/wp\/v2\/tags?post=10218"}],"curies":[{"name":"wp","href":"https:\/\/api.w.org\/{rel}","templated":true}]}}