{"id":10219,"date":"2020-06-01T18:24:12","date_gmt":"2020-06-01T18:24:12","guid":{"rendered":"https:\/\/www.ljubljanaurbantours.com\/?p=9461\/"},"modified":"2020-10-22T18:07:29","modified_gmt":"2020-10-22T18:07:29","slug":"feministicna-tura-junij-2020","status":"publish","type":"post","link":"https:\/\/ptich.si\/sl\/feministicna-tura-junij-2020\/","title":{"rendered":"Nazaj je pri\u0161la tudi na\u0161a znamenita feministi\u010dna tura po Ljubljani"},"content":{"rendered":"<div class=\"entry-content\">\n<div id=\"pl-2424\" class=\"panel-layout\">\n<div id=\"pg-2424-5\" class=\"panel-grid panel-no-style\">\n<div id=\"pgc-2424-5-0\" class=\"panel-grid-cell\">\n<div id=\"panel-2424-5-0-0\" class=\"so-panel widget widget_sow-editor panel-first-child panel-last-child\" data-index=\"8\">\n<div class=\"so-widget-sow-editor so-widget-sow-editor-base\">\n<div class=\"siteorigin-widget-tinymce textwidget\">\n<div id=\"main\" class=\"site-main\">\n<div class=\"full-container\">\n<div id=\"primary\" class=\"content-area\">\n<div id=\"content\" class=\"site-content\" role=\"main\">\n<article id=\"post-2411\" class=\"post post-2411 type-post status-publish format-standard has-post-thumbnail hentry category-uncategorized-sl\">\n<div class=\"entry-main\">\n<div class=\"entry-content\">\n<div id=\"pl-2411\" class=\"panel-layout\">\n<div id=\"pg-2411-1\" class=\"panel-grid panel-no-style\">\n<div id=\"pgc-2411-1-0\" class=\"panel-grid-cell\">\n<div id=\"panel-2411-1-0-0\" class=\"so-panel widget widget_sow-editor panel-first-child panel-last-child\" data-index=\"2\">\n<div class=\"so-widget-sow-editor so-widget-sow-editor-base\">\n<div class=\"siteorigin-widget-tinymce textwidget\">\n<div class=\"full-container\">\n<div id=\"primary\" class=\"content-area\">\n<div id=\"content\" class=\"site-content\" role=\"main\">\n<article id=\"post-2411\" class=\"post post-2411 type-post status-publish format-standard has-post-thumbnail hentry category-uncategorized-sl\">\n<div class=\"entry-main\">\n<div class=\"entry-content\">\n<div id=\"pl-2411\" class=\"panel-layout\">\n<div id=\"pg-2411-1\" class=\"panel-grid panel-no-style\">\n<div id=\"pgc-2411-1-0\" class=\"panel-grid-cell\">\n<div id=\"panel-2411-1-0-0\" class=\"so-panel widget widget_sow-editor panel-first-child panel-last-child\" data-index=\"2\">\n<div class=\"so-widget-sow-editor so-widget-sow-editor-base\">\n<p class=\"siteorigin-widget-tinymce textwidget\">Prijavite se na, uh, \u0161ele prvo Ljubljansko feministi\u010dno turo v letu 2020. Noro, s to korono se je res vse ustavilo. Ampak pustimo&#8230; Zdaj je spet tu feministi\u010dna zgodovina in sedanjost v obliki nadvse zanimivega ogleda Ljubljane, o katere \u017eenski plati vam bo povedala veliko in \u0161e ve\u010d mag. Jasmina Jerant.<\/p>\n<p class=\"siteorigin-widget-tinymce textwidget\">\u010ce niste zasledili, si lahko med novicami na na\u0161i spletni strani preberete, da je Urbana Vrana soustanoviteljica Globalne mre\u017ee feministi\u010dnih tur in da je za Dan \u017eena premierno pripravila unikatno turo po \u017eenski literarni Ljubljani.<\/p>\n<p class=\"siteorigin-widget-tinymce textwidget\">A vrnimo se na na\u0161o staro dobro feministi\u010dno turo.\u00a0Pred vrati je vro\u010de poletje v znaku tak\u0161nih in druga\u010dnih omejitev in bojazni pred dru\u017eenji v zaprtih prostorih.\u00a0Mi vam v teh \u010dasih lahko ponudimo prilo\u017enost, da se s prijatelji_cami, dru\u017eino in sorodniki dru\u017eite na prostem in med tem spoznate tudi \u017eensko zgodovino Ljubljane in prizadevanja za pravice \u017eensk v Sloveniji neko\u010d in danes. In to samo za deset eurov. Vidimo se torej na Gornjem trgu 9 (pred modno trgovinico Pletenine Dra\u017e) <strong>v sredo 10. junija<\/strong><b>\u00a0ob 17. uri<\/b>. Tura, ki jo bomo izvedli v vsakem vremenu, bo potekala v slovenskem jeziku, trajala pa bo pribli\u017eno dve uri, tako da zaklju\u010dimo ob 19. uri pri Mestni hi\u0161i.<\/p>\n<p>Vstopnice za Ljubljansko feministi\u010dno turo pla\u010date po predra\u010dunu. Ker je \u0161tevilo mest omejeno, prosimo, da nujno izpolnite prijavni obrazec na dnu strani. Po izpolnitvi obrazca boste v 24 urah po emailu prejeli predra\u010dun.<\/p>\n<div class=\"siteorigin-widget-tinymce textwidget\">O sami feministi\u010dni turi si lahko ve\u010d preberete spodaj,\u00a0 vabimo pa vas tudi, da si ogledate tudi\u00a0 televizijski prispevek o avtorici ture Jasmini Jerant (v angle\u0161\u010dini).<\/div>\n<p>&nbsp;<\/p>\n<\/div>\n<p><iframe loading=\"lazy\" src=\"https:\/\/www.youtube.com\/embed\/c6aCCim-quc\" width=\"100%\" height=\"460\" frameborder=\"0\" allowfullscreen=\"allowfullscreen\"><span data-mce-type=\"bookmark\" style=\"display: inline-block; width: 0px; overflow: hidden; line-height: 0;\" class=\"mce_SELRES_start\">\ufeff<\/span><\/iframe><\/p>\n<div><\/div>\n<\/div>\n<\/div>\n<\/div>\n<\/div>\n<\/div>\n<\/div>\n<\/article>\n<\/div>\n<\/div>\n<\/div>\n<div class=\"full-container\">\n<div id=\"primary\" class=\"content-area\">\n<div id=\"content\" class=\"site-content\" role=\"main\">\n<article id=\"post-2411\" class=\"post post-2411 type-post status-publish format-standard has-post-thumbnail hentry category-uncategorized-sl\">\n<div class=\"entry-main\">\n<div class=\"entry-content\">\n<div id=\"pl-2411\" class=\"panel-layout\">\n<div id=\"pg-2411-1\" class=\"panel-grid panel-no-style\">\n<div id=\"pgc-2411-1-0\" class=\"panel-grid-cell\">\n<div id=\"panel-2411-1-0-0\" class=\"so-panel widget widget_sow-editor panel-first-child panel-last-child\" data-index=\"2\">\n<div class=\"full-container\">\n<div id=\"primary\" class=\"content-area\">\n<div id=\"content\" class=\"site-content\" role=\"main\">\n<article id=\"post-2411\" class=\"post post-2411 type-post status-publish format-standard has-post-thumbnail hentry category-uncategorized-sl\">\n<div class=\"entry-main\">\n<div class=\"entry-content\">\n<div id=\"pl-2411\" class=\"panel-layout\">\n<div id=\"pg-2411-1\" class=\"panel-grid panel-no-style\">\n<div id=\"pgc-2411-1-0\" class=\"panel-grid-cell\">\n<div id=\"panel-2411-1-0-0\" class=\"so-panel widget widget_sow-editor panel-first-child panel-last-child\" data-index=\"2\">\n<div class=\"so-widget-sow-editor so-widget-sow-editor-base\">\n<div class=\"siteorigin-widget-tinymce textwidget\">\n<p>\u2014<\/p>\n<\/div>\n<\/div>\n<\/div>\n<\/div>\n<\/div>\n<\/div>\n<\/div>\n<\/div>\n<\/article>\n<\/div>\n<\/div>\n<\/div>\n<p>KAJ JE FEMINISTI\u010cNA TURA?<\/p>\n<p>Ljubljanska feministi\u010dna tura je nastala leta 2017 pod okriljem zavoda Urbana Vrana. Ob svojem nastanku je bila br\u017ekone edina redna feministi\u010dna tura na svetu, saj jo lahko rezervirate za manj\u0161e ali ve\u010dje skupine prav vsak dan. Tura prejema pohvale tako iz profesionalnih turisti\u010dnih krogov kot iz akademske sfere in feministi\u010dne scene.<\/p>\n<p>Po udele\u017ebi na turi so nekatere gostje poudarile, da si \u017eelijo vzpostaviti podobne feministi\u010dne oglede v svojih doma\u010dih krajih. Tako sta denimo feministi\u010dni turi po ljubljanskem navdihu \u017ee nastali v Beogradu in Reykjaviku, posebno feministi\u010dno turo pa po lastnih besedah na\u010drtujeta tudi vnukinja in pravnukinja slovite Eleanor Roosevelt in 32. predsednika ZDA Franklina Delana Roosevelta, ki sta se Ljubljanske feministi\u010dne ture udele\u017eili v avgustu 2018. Kulturno-turisti\u010dne ture, ki nosijo v svojem nazivu pridevnik &#8220;feministi\u010dne&#8221;, se po svetu v zadnjih mesecih hitro mno\u017eijo. V letu 2020 je tako Urbana Vrana s ponosom soustanovila Globalno mre\u017eo feministi\u010dnih tur.<\/p>\n<p>Za kaj pri feministi\u010dni turi pravzaprav gre? Na kratko, gre za ogled Ljubljane skozi feministi\u010dna o\u010dala, pri \u010demer ne manjka zgod in prigod umetnic, arhitektk, politi\u010dnih voditeljic, dru\u017ebenih aktivistk, u\u010diteljic, nun, \u010dlanic Antifa\u0161isti\u010dne Fronte \u017densk, humanisti\u010dnih, dru\u017eboslovnih in naravoslovnih znanstvenic, bork za pravice \u017eensk, zapornic, lastnic tovarn, tovarni\u0161kih delavk, narodnih buditeljic, &#8220;\u010darovnic&#8221; in drugih \u017eensk, ki so zaznamovale Ljubljano, Slovenijo in okoli\u0161ke kraje.<\/p>\n<p>Tura obiskovalke_ce popelje po Stari Ljubljani in \u0161ir\u0161em centru mesta. Z \u017eenskim \u017earometom osvetli marsikatero zgradbo, ulico, trg ali spomenik, ki tako zasijejo v povsem novi lu\u010di. Iz hudomu\u0161ne in obenem kriti\u010dne analize ne izpusti ne socializma, ne kapitalizma, ne katoli\u0161kih \u0161ol, ne lai\u010dnega \u0161olstva, pa tudi Ple\u010dnika in Kobilce ne. A tudi s pohvalami ne var\u010duje. Tura se namre\u010d prikloni mnogim preteklim bojem za pravice \u017eensk na teh prostorih, polega tega pa tudi tistim spodbudnim sodobnim rezultatom, ki jih Slovenija pri opolnomo\u010denju \u017eensk \u017ee dosega. \u010cetudi se lahko ob poslu\u0161anju ljubljanskih \u017eenskih zgodb bodisi glasno krohotate bodisi tiho zahlipate, je eno gotovo &#8211; feministi\u010dna tura vas ne bo pustila ravnodu\u0161nih.<\/p>\n<p>\u0160tevilne pozitivne in navdihujo\u010de vtise s preteklih feministi\u010dnih tur najdete\u00a0<a href=\"https:\/\/www.tripadvisor.com\/Attraction_Review-g274873-d8567506-Reviews-Ljubljana_Urban_Tours-Ljubljana_Upper_Carniola_Region.html\"><u>tukaj<\/u><\/a>.<\/p>\n<\/div>\n<p>Tura je primerna tudi za uporabnice_ke vozi\u010dkov.<\/p>\n<p>\u010ce \u017eelite prejemati obvestila o bodo\u010dih brezpla\u010dnih turah na va\u0161 email naslov, se lahko prijavite na na\u0161e mese\u010dne e-novice <a href=\"https:\/\/www.ljubljanaurbantours.com\/sl\/e-novice\/\"><u>tukaj<\/u><\/a>.<\/p>\n<div id=\"panel-2411-1-0-0\" class=\"so-panel widget widget_sow-editor panel-first-child panel-last-child\" data-index=\"2\">\n<p>&nbsp;<\/p>\n<div class=\"full-container\">\n<div id=\"primary\" class=\"content-area\">\n<div id=\"content\" class=\"site-content\" role=\"main\">\n<article id=\"post-2411\" class=\"post post-2411 type-post status-publish format-standard has-post-thumbnail hentry category-uncategorized-sl\">\n<div class=\"entry-main\">\n<p><strong>OSNOVNE INFORMACIJE<\/strong><\/p>\n<div class=\"entry-content\">\n<div id=\"pl-2411\" class=\"panel-layout\">\n<div id=\"pg-2411-1\" class=\"panel-grid panel-no-style\">\n<div id=\"pgc-2411-1-0\" class=\"panel-grid-cell\">\n<p>Kdaj: v sredo 10. junija 2020 med 17. in 19. uro<\/p>\n<p>Zbirno mesto: Gornji trg 9 (pred modno trgovinico Dra\u017e)<\/p>\n<div id=\"panel-2411-1-0-0\" class=\"so-panel widget widget_sow-editor panel-first-child panel-last-child\" data-index=\"2\">\n<p>Zaklju\u010dek: pred Mestno hi\u0161o<\/p>\n<p>Jezik: sloven\u0161\u010dina<\/p>\n<p>Organizacija: Urbana Vrana<\/p>\n<p>Vreme: turo izvedemo v vsakem vremenu<\/p>\n<p>Cena: 10 eur\/oseba (pla\u010dilo po predra\u010dunu)<\/p>\n<\/div>\n<\/div>\n<\/div>\n<\/div>\n<\/div>\n<\/div>\n<\/article>\n<\/div>\n<\/div>\n<\/div>\n<\/div>\n<\/div>\n<p><iframe loading=\"lazy\" src=\"https:\/\/docs.google.com\/forms\/d\/e\/1FAIpQLSfaLppDOnAzZI5Op_QkKGxB8P2ABqQjEVlXfyd4_MpJYWWSQw\/viewform?embedded=true\" width=\"100%\" height=\"2200\" frameborder=\"0\" marginwidth=\"0\" marginheight=\"0\">Loading\u2026<\/iframe><\/p>\n<\/div>\n<\/div>\n<\/div>\n<\/div>\n<\/article>\n<\/div>\n<\/div>\n<\/div>\n<\/div>\n<\/div>\n<\/div>\n<\/div>\n<\/div>\n<\/div>\n<\/div>\n<\/div>\n<\/article>\n<\/div>\n<\/div>\n<\/div>\n<\/div>\n<\/div>\n<\/div>\n<\/div>\n<\/div>\n<\/div>\n<\/div>\n<\/div>\n","protected":false},"excerpt":{"rendered":"<p>Prijavite se na, uh, \u0161ele prvo Ljubljansko feministi\u010dno turo v letu 2020. Noro, s to korono se je res vse ustavilo. Ampak pustimo&#8230; Zdaj je spet tu feministi\u010dna zgodovina in sedanjost v obliki nadvse zanimivega ogleda Ljubljane, o katere \u017eenski plati vam bo povedala veliko in \u0161e ve\u010d mag. Jasmina Jerant. \u010ce niste zasledili, si [&hellip;]<\/p>\n","protected":false},"author":3,"featured_media":8907,"comment_status":"closed","ping_status":"open","sticky":false,"template":"","format":"standard","meta":{"_monsterinsights_skip_tracking":false,"_monsterinsights_sitenote_active":false,"_monsterinsights_sitenote_note":"","_monsterinsights_sitenote_category":0,"footnotes":""},"categories":[61,54],"tags":[89,101,95],"class_list":["post-10219","post","type-post","status-publish","format-standard","has-post-thumbnail","hentry","category-news-sl","category-uncategorized-sl","tag-novice","tag-urbane-ture","tag-zenske"],"yoast_head":"<!-- This site is optimized with the Yoast SEO plugin v27.4 - https:\/\/yoast.com\/product\/yoast-seo-wordpress\/ -->\n<title>Nazaj je tudi na\u0161a znamenita feministi\u010dna tura po Ljubljani<\/title>\n<meta name=\"description\" content=\"Zavod Urbana Vrana organizira znamenito feministi\u010dno turo po Ljubljani za staro in mlado, gosposko in damsko. Dobimo se na Gornjem trgu!\" \/>\n<meta name=\"robots\" content=\"index, follow, max-snippet:-1, max-image-preview:large, max-video-preview:-1\" \/>\n<link rel=\"canonical\" href=\"https:\/\/ptich.si\/sl\/feministicna-tura-junij-2020\/\" \/>\n<meta property=\"og:locale\" content=\"sl_SI\" \/>\n<meta property=\"og:type\" content=\"article\" \/>\n<meta property=\"og:title\" content=\"Nazaj je tudi na\u0161a znamenita feministi\u010dna tura po Ljubljani\" \/>\n<meta property=\"og:description\" content=\"Zavod Urbana Vrana organizira znamenito feministi\u010dno turo po Ljubljani za staro in mlado, gosposko in damsko. Dobimo se na Gornjem trgu!\" \/>\n<meta property=\"og:url\" content=\"https:\/\/ptich.si\/sl\/feministicna-tura-junij-2020\/\" \/>\n<meta property=\"og:site_name\" content=\"Ptich\" \/>\n<meta property=\"article:publisher\" content=\"https:\/\/www.facebook.com\/PtichSlovenia\/\" \/>\n<meta property=\"article:published_time\" content=\"2020-06-01T18:24:12+00:00\" \/>\n<meta property=\"article:modified_time\" content=\"2020-10-22T18:07:29+00:00\" \/>\n<meta property=\"og:image\" content=\"https:\/\/ptich.si\/wp-content\/uploads\/2020\/03\/Misterij-odrezana-1200x800.jpg\" \/>\n\t<meta property=\"og:image:width\" content=\"1200\" \/>\n\t<meta property=\"og:image:height\" content=\"799\" \/>\n\t<meta property=\"og:image:type\" content=\"image\/jpeg\" \/>\n<meta name=\"author\" content=\"laganosportski\" \/>\n<meta name=\"twitter:card\" content=\"summary_large_image\" \/>\n<meta name=\"twitter:label1\" content=\"Written by\" \/>\n\t<meta name=\"twitter:data1\" content=\"laganosportski\" \/>\n\t<meta name=\"twitter:label2\" content=\"Est. reading time\" \/>\n\t<meta name=\"twitter:data2\" content=\"4 minute\" \/>\n<script type=\"application\/ld+json\" class=\"yoast-schema-graph\">{\"@context\":\"https:\\\/\\\/schema.org\",\"@graph\":[{\"@type\":\"Article\",\"@id\":\"https:\\\/\\\/ptich.si\\\/sl\\\/feministicna-tura-junij-2020\\\/#article\",\"isPartOf\":{\"@id\":\"https:\\\/\\\/ptich.si\\\/sl\\\/feministicna-tura-junij-2020\\\/\"},\"author\":{\"name\":\"laganosportski\",\"@id\":\"https:\\\/\\\/ptich.si\\\/sl\\\/#\\\/schema\\\/person\\\/87f1654008fb02442dde62aa7c216b42\"},\"headline\":\"Nazaj je pri\u0161la tudi na\u0161a znamenita feministi\u010dna tura po Ljubljani\",\"datePublished\":\"2020-06-01T18:24:12+00:00\",\"dateModified\":\"2020-10-22T18:07:29+00:00\",\"mainEntityOfPage\":{\"@id\":\"https:\\\/\\\/ptich.si\\\/sl\\\/feministicna-tura-junij-2020\\\/\"},\"wordCount\":751,\"publisher\":{\"@id\":\"https:\\\/\\\/ptich.si\\\/sl\\\/#organization\"},\"image\":{\"@id\":\"https:\\\/\\\/ptich.si\\\/sl\\\/feministicna-tura-junij-2020\\\/#primaryimage\"},\"thumbnailUrl\":\"https:\\\/\\\/ptich.si\\\/wp-content\\\/uploads\\\/2020\\\/03\\\/Misterij-odrezana-1200x800.jpg\",\"keywords\":[\"NOVICE\",\"URBANE TURE\",\"\u017dENSKE\"],\"articleSection\":[\"News-sl\",\"Uncategorized @sl\"],\"inLanguage\":\"sl-SI\"},{\"@type\":\"WebPage\",\"@id\":\"https:\\\/\\\/ptich.si\\\/sl\\\/feministicna-tura-junij-2020\\\/\",\"url\":\"https:\\\/\\\/ptich.si\\\/sl\\\/feministicna-tura-junij-2020\\\/\",\"name\":\"Nazaj je tudi na\u0161a znamenita feministi\u010dna tura po Ljubljani\",\"isPartOf\":{\"@id\":\"https:\\\/\\\/ptich.si\\\/sl\\\/#website\"},\"primaryImageOfPage\":{\"@id\":\"https:\\\/\\\/ptich.si\\\/sl\\\/feministicna-tura-junij-2020\\\/#primaryimage\"},\"image\":{\"@id\":\"https:\\\/\\\/ptich.si\\\/sl\\\/feministicna-tura-junij-2020\\\/#primaryimage\"},\"thumbnailUrl\":\"https:\\\/\\\/ptich.si\\\/wp-content\\\/uploads\\\/2020\\\/03\\\/Misterij-odrezana-1200x800.jpg\",\"datePublished\":\"2020-06-01T18:24:12+00:00\",\"dateModified\":\"2020-10-22T18:07:29+00:00\",\"description\":\"Zavod Urbana Vrana organizira znamenito feministi\u010dno turo po Ljubljani za staro in mlado, gosposko in damsko. Dobimo se na Gornjem trgu!\",\"breadcrumb\":{\"@id\":\"https:\\\/\\\/ptich.si\\\/sl\\\/feministicna-tura-junij-2020\\\/#breadcrumb\"},\"inLanguage\":\"sl-SI\",\"potentialAction\":[{\"@type\":\"ReadAction\",\"target\":[\"https:\\\/\\\/ptich.si\\\/sl\\\/feministicna-tura-junij-2020\\\/\"]}]},{\"@type\":\"ImageObject\",\"inLanguage\":\"sl-SI\",\"@id\":\"https:\\\/\\\/ptich.si\\\/sl\\\/feministicna-tura-junij-2020\\\/#primaryimage\",\"url\":\"https:\\\/\\\/ptich.si\\\/wp-content\\\/uploads\\\/2020\\\/03\\\/Misterij-odrezana-1200x800.jpg\",\"contentUrl\":\"https:\\\/\\\/ptich.si\\\/wp-content\\\/uploads\\\/2020\\\/03\\\/Misterij-odrezana-1200x800.jpg\",\"width\":1200,\"height\":799},{\"@type\":\"BreadcrumbList\",\"@id\":\"https:\\\/\\\/ptich.si\\\/sl\\\/feministicna-tura-junij-2020\\\/#breadcrumb\",\"itemListElement\":[{\"@type\":\"ListItem\",\"position\":1,\"name\":\"Home\",\"item\":\"https:\\\/\\\/ptich.si\\\/sl\\\/\"},{\"@type\":\"ListItem\",\"position\":2,\"name\":\"Nazaj je pri\u0161la tudi na\u0161a znamenita feministi\u010dna tura po Ljubljani\"}]},{\"@type\":\"WebSite\",\"@id\":\"https:\\\/\\\/ptich.si\\\/sl\\\/#website\",\"url\":\"https:\\\/\\\/ptich.si\\\/sl\\\/\",\"name\":\"Ptich\",\"description\":\"Glasbeni izleti & urbane ture | Ljubljana | Slovenija\",\"publisher\":{\"@id\":\"https:\\\/\\\/ptich.si\\\/sl\\\/#organization\"},\"potentialAction\":[{\"@type\":\"SearchAction\",\"target\":{\"@type\":\"EntryPoint\",\"urlTemplate\":\"https:\\\/\\\/ptich.si\\\/sl\\\/?s={search_term_string}\"},\"query-input\":{\"@type\":\"PropertyValueSpecification\",\"valueRequired\":true,\"valueName\":\"search_term_string\"}}],\"inLanguage\":\"sl-SI\"},{\"@type\":\"Organization\",\"@id\":\"https:\\\/\\\/ptich.si\\\/sl\\\/#organization\",\"name\":\"Ptich\",\"url\":\"https:\\\/\\\/ptich.si\\\/sl\\\/\",\"logo\":{\"@type\":\"ImageObject\",\"inLanguage\":\"sl-SI\",\"@id\":\"https:\\\/\\\/ptich.si\\\/sl\\\/#\\\/schema\\\/logo\\\/image\\\/\",\"url\":\"https:\\\/\\\/ptich.si\\\/wp-content\\\/uploads\\\/2020\\\/05\\\/ptich-logo-mali.png\",\"contentUrl\":\"https:\\\/\\\/ptich.si\\\/wp-content\\\/uploads\\\/2020\\\/05\\\/ptich-logo-mali.png\",\"width\":135,\"height\":40,\"caption\":\"Ptich\"},\"image\":{\"@id\":\"https:\\\/\\\/ptich.si\\\/sl\\\/#\\\/schema\\\/logo\\\/image\\\/\"},\"sameAs\":[\"https:\\\/\\\/www.facebook.com\\\/PtichSlovenia\\\/\"]},{\"@type\":\"Person\",\"@id\":\"https:\\\/\\\/ptich.si\\\/sl\\\/#\\\/schema\\\/person\\\/87f1654008fb02442dde62aa7c216b42\",\"name\":\"laganosportski\",\"image\":{\"@type\":\"ImageObject\",\"inLanguage\":\"sl-SI\",\"@id\":\"https:\\\/\\\/secure.gravatar.com\\\/avatar\\\/121c035730a9a139bd7a88b8fd9f2166d16a959771369011d043d6d01676ec61?s=96&d=mm&r=g\",\"url\":\"https:\\\/\\\/secure.gravatar.com\\\/avatar\\\/121c035730a9a139bd7a88b8fd9f2166d16a959771369011d043d6d01676ec61?s=96&d=mm&r=g\",\"contentUrl\":\"https:\\\/\\\/secure.gravatar.com\\\/avatar\\\/121c035730a9a139bd7a88b8fd9f2166d16a959771369011d043d6d01676ec61?s=96&d=mm&r=g\",\"caption\":\"laganosportski\"},\"url\":\"https:\\\/\\\/ptich.si\\\/sl\\\/author\\\/laganosportski\\\/\"}]}<\/script>\n<!-- \/ Yoast SEO plugin. -->","yoast_head_json":{"title":"Nazaj je tudi na\u0161a znamenita feministi\u010dna tura po Ljubljani","description":"Zavod Urbana Vrana organizira znamenito feministi\u010dno turo po Ljubljani za staro in mlado, gosposko in damsko. Dobimo se na Gornjem trgu!","robots":{"index":"index","follow":"follow","max-snippet":"max-snippet:-1","max-image-preview":"max-image-preview:large","max-video-preview":"max-video-preview:-1"},"canonical":"https:\/\/ptich.si\/sl\/feministicna-tura-junij-2020\/","og_locale":"sl_SI","og_type":"article","og_title":"Nazaj je tudi na\u0161a znamenita feministi\u010dna tura po Ljubljani","og_description":"Zavod Urbana Vrana organizira znamenito feministi\u010dno turo po Ljubljani za staro in mlado, gosposko in damsko. Dobimo se na Gornjem trgu!","og_url":"https:\/\/ptich.si\/sl\/feministicna-tura-junij-2020\/","og_site_name":"Ptich","article_publisher":"https:\/\/www.facebook.com\/PtichSlovenia\/","article_published_time":"2020-06-01T18:24:12+00:00","article_modified_time":"2020-10-22T18:07:29+00:00","og_image":[{"width":1200,"height":799,"url":"https:\/\/ptich.si\/wp-content\/uploads\/2020\/03\/Misterij-odrezana-1200x800.jpg","type":"image\/jpeg"}],"author":"laganosportski","twitter_card":"summary_large_image","twitter_misc":{"Written by":"laganosportski","Est. reading time":"4 minute"},"schema":{"@context":"https:\/\/schema.org","@graph":[{"@type":"Article","@id":"https:\/\/ptich.si\/sl\/feministicna-tura-junij-2020\/#article","isPartOf":{"@id":"https:\/\/ptich.si\/sl\/feministicna-tura-junij-2020\/"},"author":{"name":"laganosportski","@id":"https:\/\/ptich.si\/sl\/#\/schema\/person\/87f1654008fb02442dde62aa7c216b42"},"headline":"Nazaj je pri\u0161la tudi na\u0161a znamenita feministi\u010dna tura po Ljubljani","datePublished":"2020-06-01T18:24:12+00:00","dateModified":"2020-10-22T18:07:29+00:00","mainEntityOfPage":{"@id":"https:\/\/ptich.si\/sl\/feministicna-tura-junij-2020\/"},"wordCount":751,"publisher":{"@id":"https:\/\/ptich.si\/sl\/#organization"},"image":{"@id":"https:\/\/ptich.si\/sl\/feministicna-tura-junij-2020\/#primaryimage"},"thumbnailUrl":"https:\/\/ptich.si\/wp-content\/uploads\/2020\/03\/Misterij-odrezana-1200x800.jpg","keywords":["NOVICE","URBANE TURE","\u017dENSKE"],"articleSection":["News-sl","Uncategorized @sl"],"inLanguage":"sl-SI"},{"@type":"WebPage","@id":"https:\/\/ptich.si\/sl\/feministicna-tura-junij-2020\/","url":"https:\/\/ptich.si\/sl\/feministicna-tura-junij-2020\/","name":"Nazaj je tudi na\u0161a znamenita feministi\u010dna tura po Ljubljani","isPartOf":{"@id":"https:\/\/ptich.si\/sl\/#website"},"primaryImageOfPage":{"@id":"https:\/\/ptich.si\/sl\/feministicna-tura-junij-2020\/#primaryimage"},"image":{"@id":"https:\/\/ptich.si\/sl\/feministicna-tura-junij-2020\/#primaryimage"},"thumbnailUrl":"https:\/\/ptich.si\/wp-content\/uploads\/2020\/03\/Misterij-odrezana-1200x800.jpg","datePublished":"2020-06-01T18:24:12+00:00","dateModified":"2020-10-22T18:07:29+00:00","description":"Zavod Urbana Vrana organizira znamenito feministi\u010dno turo po Ljubljani za staro in mlado, gosposko in damsko. Dobimo se na Gornjem trgu!","breadcrumb":{"@id":"https:\/\/ptich.si\/sl\/feministicna-tura-junij-2020\/#breadcrumb"},"inLanguage":"sl-SI","potentialAction":[{"@type":"ReadAction","target":["https:\/\/ptich.si\/sl\/feministicna-tura-junij-2020\/"]}]},{"@type":"ImageObject","inLanguage":"sl-SI","@id":"https:\/\/ptich.si\/sl\/feministicna-tura-junij-2020\/#primaryimage","url":"https:\/\/ptich.si\/wp-content\/uploads\/2020\/03\/Misterij-odrezana-1200x800.jpg","contentUrl":"https:\/\/ptich.si\/wp-content\/uploads\/2020\/03\/Misterij-odrezana-1200x800.jpg","width":1200,"height":799},{"@type":"BreadcrumbList","@id":"https:\/\/ptich.si\/sl\/feministicna-tura-junij-2020\/#breadcrumb","itemListElement":[{"@type":"ListItem","position":1,"name":"Home","item":"https:\/\/ptich.si\/sl\/"},{"@type":"ListItem","position":2,"name":"Nazaj je pri\u0161la tudi na\u0161a znamenita feministi\u010dna tura po Ljubljani"}]},{"@type":"WebSite","@id":"https:\/\/ptich.si\/sl\/#website","url":"https:\/\/ptich.si\/sl\/","name":"Ptich","description":"Glasbeni izleti & urbane ture | Ljubljana | Slovenija","publisher":{"@id":"https:\/\/ptich.si\/sl\/#organization"},"potentialAction":[{"@type":"SearchAction","target":{"@type":"EntryPoint","urlTemplate":"https:\/\/ptich.si\/sl\/?s={search_term_string}"},"query-input":{"@type":"PropertyValueSpecification","valueRequired":true,"valueName":"search_term_string"}}],"inLanguage":"sl-SI"},{"@type":"Organization","@id":"https:\/\/ptich.si\/sl\/#organization","name":"Ptich","url":"https:\/\/ptich.si\/sl\/","logo":{"@type":"ImageObject","inLanguage":"sl-SI","@id":"https:\/\/ptich.si\/sl\/#\/schema\/logo\/image\/","url":"https:\/\/ptich.si\/wp-content\/uploads\/2020\/05\/ptich-logo-mali.png","contentUrl":"https:\/\/ptich.si\/wp-content\/uploads\/2020\/05\/ptich-logo-mali.png","width":135,"height":40,"caption":"Ptich"},"image":{"@id":"https:\/\/ptich.si\/sl\/#\/schema\/logo\/image\/"},"sameAs":["https:\/\/www.facebook.com\/PtichSlovenia\/"]},{"@type":"Person","@id":"https:\/\/ptich.si\/sl\/#\/schema\/person\/87f1654008fb02442dde62aa7c216b42","name":"laganosportski","image":{"@type":"ImageObject","inLanguage":"sl-SI","@id":"https:\/\/secure.gravatar.com\/avatar\/121c035730a9a139bd7a88b8fd9f2166d16a959771369011d043d6d01676ec61?s=96&d=mm&r=g","url":"https:\/\/secure.gravatar.com\/avatar\/121c035730a9a139bd7a88b8fd9f2166d16a959771369011d043d6d01676ec61?s=96&d=mm&r=g","contentUrl":"https:\/\/secure.gravatar.com\/avatar\/121c035730a9a139bd7a88b8fd9f2166d16a959771369011d043d6d01676ec61?s=96&d=mm&r=g","caption":"laganosportski"},"url":"https:\/\/ptich.si\/sl\/author\/laganosportski\/"}]}},"jetpack_featured_media_url":"https:\/\/ptich.si\/wp-content\/uploads\/2020\/03\/Misterij-odrezana-1200x800.jpg","_links":{"self":[{"href":"https:\/\/ptich.si\/sl\/wp-json\/wp\/v2\/posts\/10219","targetHints":{"allow":["GET"]}}],"collection":[{"href":"https:\/\/ptich.si\/sl\/wp-json\/wp\/v2\/posts"}],"about":[{"href":"https:\/\/ptich.si\/sl\/wp-json\/wp\/v2\/types\/post"}],"author":[{"embeddable":true,"href":"https:\/\/ptich.si\/sl\/wp-json\/wp\/v2\/users\/3"}],"replies":[{"embeddable":true,"href":"https:\/\/ptich.si\/sl\/wp-json\/wp\/v2\/comments?post=10219"}],"version-history":[{"count":1,"href":"https:\/\/ptich.si\/sl\/wp-json\/wp\/v2\/posts\/10219\/revisions"}],"predecessor-version":[{"id":11767,"href":"https:\/\/ptich.si\/sl\/wp-json\/wp\/v2\/posts\/10219\/revisions\/11767"}],"wp:featuredmedia":[{"embeddable":true,"href":"https:\/\/ptich.si\/sl\/wp-json\/wp\/v2\/media\/8907"}],"wp:attachment":[{"href":"https:\/\/ptich.si\/sl\/wp-json\/wp\/v2\/media?parent=10219"}],"wp:term":[{"taxonomy":"category","embeddable":true,"href":"https:\/\/ptich.si\/sl\/wp-json\/wp\/v2\/categories?post=10219"},{"taxonomy":"post_tag","embeddable":true,"href":"https:\/\/ptich.si\/sl\/wp-json\/wp\/v2\/tags?post=10219"}],"curies":[{"name":"wp","href":"https:\/\/api.w.org\/{rel}","templated":true}]}}