{"id":10713,"date":"2020-06-12T07:16:38","date_gmt":"2020-06-12T07:16:38","guid":{"rendered":"https:\/\/ptich.si\/?p=10713"},"modified":"2020-10-22T18:02:06","modified_gmt":"2020-10-22T18:02:06","slug":"deset-slovenskih-glasbenikov-raziskujejo-spiritualno-glasbo","status":"publish","type":"post","link":"https:\/\/ptich.si\/sl\/deset-slovenskih-glasbenikov-raziskujejo-spiritualno-glasbo\/","title":{"rendered":"Med zemljo in nebom: 10 slovenskih glasbenikov, ki raziskujejo spiritualne odtenke glasbe"},"content":{"rendered":"<div class=\"entry-content\">\n<div id=\"pl-2424\" class=\"panel-layout\">\n<div id=\"pg-2424-5\" class=\"panel-grid panel-no-style\">\n<div id=\"pgc-2424-5-0\" class=\"panel-grid-cell\">\n<div id=\"panel-2424-5-0-0\" class=\"so-panel widget widget_sow-editor panel-first-child panel-last-child\" data-index=\"8\">\n<div class=\"so-widget-sow-editor so-widget-sow-editor-base\">\n<div class=\"siteorigin-widget-tinymce textwidget\">\n<div id=\"main\" class=\"site-main\">\n<div class=\"full-container\">\n<div id=\"primary\" class=\"content-area\">\n<div id=\"content\" class=\"site-content\" role=\"main\">\n<article id=\"post-2411\" class=\"post post-2411 type-post status-publish format-standard has-post-thumbnail hentry category-uncategorized-sl\">\n<div class=\"entry-main\">\n<div class=\"entry-content\">\n<div id=\"pl-2411\" class=\"panel-layout\">\n<div id=\"pg-2411-1\" class=\"panel-grid panel-no-style\">\n<div id=\"pgc-2411-1-0\" class=\"panel-grid-cell\">\n<div id=\"panel-2411-1-0-0\" class=\"so-panel widget widget_sow-editor panel-first-child panel-last-child\" data-index=\"2\">\n<div class=\"so-widget-sow-editor so-widget-sow-editor-base\">\n<div class=\"siteorigin-widget-tinymce textwidget\">\n<div class=\"full-container\">\n<div id=\"primary\" class=\"content-area\">\n<div id=\"content\" class=\"site-content\" role=\"main\">\n<article id=\"post-2411\" class=\"post post-2411 type-post status-publish format-standard has-post-thumbnail hentry category-uncategorized-sl\">\n<div class=\"entry-main\">\n<div class=\"entry-content\">\n<div id=\"pl-2411\" class=\"panel-layout\">\n<div id=\"pg-2411-1\" class=\"panel-grid panel-no-style\">\n<div id=\"pgc-2411-1-0\" class=\"panel-grid-cell\">\n<div id=\"panel-2411-1-0-0\" class=\"so-panel widget widget_sow-editor panel-first-child panel-last-child\" data-index=\"2\">\n<div class=\"so-widget-sow-editor so-widget-sow-editor-base\">\n<p>Skozi tiso\u010dletja smo ljudje izna\u0161li mnogo na\u010dinov za izra\u017eanje svojega \u201cnotranjega jaza\u201d, svoje \u201cdu\u0161e\u201d ter njene povezanosti z naravnim in nadnaravnim. Glasba je pri tem vedno igrala klju\u010dno vlogo, bodisi pri prvobitnih in \u0161amanskih obredih bodisi pri verskih ceremonijah in newageovskih praznovanjih. Duhovni gradniki, pri \u010demer je duhovnost mi\u0161ljena v naj\u0161ir\u0161em in najmanj ideolo\u0161ko zaznamovanem smislu, se lahko pojavljajo v ambientalni, transcendentalni, meditativni ali newageovski glasbi, v (sodobnih in tradicionalnih) glasbah prvobitnih ljudstev, v glasbenih in zvo\u010dnih terapijah, v kr\u0161\u010danskem rocku, gospelu in spiritualih, psalmodiji, poganskem folku, keltskem metalu, kri\u0161nakoru in \u0161e kje.<\/p>\n<p>\u017delim vam predstaviti deset glasbenikov in zasedb s tega konca sveta, ki tako ali druga\u010de, z zelo raznovrstnimi pristopi k ustvarjanju, raziskujejo sr\u010diko neoprijemljive \u010dlove\u0161ke izku\u0161nje ter na\u0161e povezanosti z naravo ali pa premi\u0161ljujejo o duhovni vlogi glasbe v razli\u010dnih kontekstih, nenazadnje tudi s pomo\u010djo najrazli\u010dnje\u0161ih instrumentov, estetik, glasbenih slogov in \u017eanrov.<\/p>\n<p>V zgodnjih dvatiso\u010dih je <strong>Andrej Kocan<\/strong> kot tonski tehnik delal na Radiu \u0160tudent, zraven pa pisal \u0161e doktorat na Fakulteti za strojni\u0161tvo. Kmalu je njegova \u017eivljenjska pot naredila zanimiv ovinek, saj se je vpisal na \u0161tudij klasi\u010dne glasbe v K\u00f8benhavnu, potem pa po enem letu od\u0161el na potovanje v Amazonski pragozd v Peruju. Ko je tam sli\u0161al petje staroselcev, si je obljubil, da nikoli ve\u010d ne bo potoval brez opreme za snemanje terenskih posnetkov. Na svojem naslednjem potovanju je v Ukrajini ujel prve terenske posnetke ljudske glasbe in tradicionalnega bogoslu\u017eja. Ta izku\u0161nja je \u0161e dodatno pod\u017egala njegovo \u017eeljo po tem, da bi tretje leto \u0161tudija pre\u017eivel na Kitajskem, saj je \u017eelel raziskati tradicionalno glasbo te dr\u017eave, predvsem manj\u0161in in ljudstev, ki tam prebivajo.<\/p>\n<p>Po ve\u010d letih usposabljanja na podro\u010dju energetskega zdravljenja je Andrej svojo \u017eeljo po snemanju glasbe zdru\u017eil z \u017eeljo po raziskovanju energij in na\u010dinov, na katere nam glasba pomaga pri vzpostavljanju stika z na\u0161o spiritualnostjo. Po dveh letih priprav je eno celo leto pre\u017eivel na glasbeni akademiji v \u0160anghaju, od koder se je podal na svojo prvo pravo etnomuzikolo\u0161ko odpravo, in sicer v provinco Junan na jugozahod dr\u017eave. Posnetke, ki jih je nabral na poti, je sestavil v enourno glasbeno popotovanje v obliki plo\u0161\u010dka, naslovljenega The Other Side of China. Sicer pa Andrej snema tudi zvoke narave (\u010debel, morja in podobnega) za spro\u0161\u010danje in pomirjanje.<\/p>\n<p><iframe style=\"border: 0; width: 100%; height: 472px;\" src=\"https:\/\/bandcamp.com\/EmbeddedPlayer\/album=3135180342\/size=large\/bgcol=ffffff\/linkcol=de270f\/artwork=small\/transparent=true\/\" seamless=\"\" data-mce-fragment=\"1\"><a href=\"http:\/\/andrejkocan.bandcamp.com\/album\/the-other-side-of-china\">The Other Side of China by Andrej Kocan<\/a><\/iframe><\/p>\n<p>&nbsp;<\/p>\n<p><strong>Andrej Hrvatin<\/strong>, poznan tudi po umetni\u0161kem vzdevku NIMETU, je glasbenik in zvo\u010dni umetnik iz Maribora, ki s pomo\u010djo \u0161irokega nabora ljudskih glasbil z vsega sveta raziskuje polja \u0161amanisti\u010dnih, duhovnih in staroselskih glasb. Sam pravi:<\/p>\n<p><em>\u017delim opredeliti koordinate za umetni\u0161ki \u00bbobred\u00ab in krmariti skozi vrtinec vseh mo\u017enosti, pri tem pa pozabiti na zadr\u017eke in vnaprej dolo\u010dene opredelitve dovoljenega in pri\u010dakovanega. Gre za umetnost, ki\u010d, obred, meditacijo, predstavo, koncert, za la\u017eno ali pristno, za kompleksno ali povr\u0161insko, originalno ali reciklirano? To sploh ni pomembno. Zanimajo me neposredni u\u010dinki ter nepredelano \u010dustveno in telesno izkustvo zvoka, ne pa konceptualizacije tega, kaj bi zvok \u00bbmoral biti\u00ab.<\/em><\/p>\n<p><iframe loading=\"lazy\" src=\"https:\/\/www.youtube.com\/embed\/9ZT2CvGZqY8\" width=\"560\" height=\"315\" frameborder=\"0\" allowfullscreen=\"allowfullscreen\" data-mce-fragment=\"1\"><\/iframe><\/p>\n<div>\n<p>&nbsp;<\/p>\n<p><strong>Alja Petric<\/strong> svoje glasbeno in umetni\u0161ko udejstvovanje posve\u010da raziskovanju zvokov ter tradicionalnih vokalnih in glasbenih tehnik raznolikih kultur, pri \u010demer svoje kompozicije zdru\u017euje s poezijo, d\u017eezom in sodobnimi eksperimentalnimi zvo\u010dnimi performansi. Leta raziskovanja starodavnih terapevtskih instrumentov je pred nekaj leti na albumu Zven trenutka obogatila z vokalno umetnostjo, zdaj pa obseg tega raziskovanja s pomo\u010djo mnogih glasbenih gostov \u0161e dodatno \u0161iri.<\/p>\n<p><iframe loading=\"lazy\" src=\"https:\/\/www.youtube.com\/embed\/1XqwRv-VNcI\" width=\"560\" height=\"315\" frameborder=\"0\" allowfullscreen=\"allowfullscreen\"><\/iframe><\/p>\n<p>&nbsp;<\/p>\n<p>Socialna delavka in terapevtka <strong>Irena Zupan\u010di\u010d<\/strong> tehnike zvo\u010dne terapije (\u0161amanski bobni, gongi, vibracije itd.) uporablja tako v okviru terapevtskih seans kot tudi na nastopih pred ob\u010dinstvom. Leta 2016 je s klaviaturistom Rokom Lopati\u010dem izdala plo\u0161\u010do ambientalne glasbe z naslovom Valovi ravnovesja.<\/p>\n<p><iframe loading=\"lazy\" src=\"https:\/\/www.youtube.com\/embed\/7XNcUIEpXII\" width=\"560\" height=\"315\" frameborder=\"0\" allowfullscreen=\"allowfullscreen\" data-mce-fragment=\"1\"><\/iframe><\/p>\n<p>&nbsp;<\/p>\n<p>Obstaja \u0161e veliko drugih glasbenih terapevtov in zdravilcev, ki tako pri svojem terapevtskem delu kot na nastopih uporabljajo ambientalno ali ljudsko glasbo (bodisi slovenskega izvora bodisi katero od svetovnih ljudskih glasb, zvokov ali petij).<\/p>\n<p><strong>Vedun <\/strong>je ansambel, ki se osredoto\u010da na starodavno meditativno glasbo in na obuditev tradicionalnih zvokov duhovnega zdravljenja z vsega sveta. Ustanovna \u010dlanica ansambla, <strong>Mira Omerzel Mirit<\/strong>, je skupaj s svojo zasedbo <strong>Trutamora Slovenica<\/strong> (zdaj poznana pod imenom <strong>Truta<\/strong>) ena od pionirk preporoda slovenske ljudske glasbe v 80-ih. V repertoarju in navdihu zasedbe, ki sta najprej temeljila predvsem na lokalni tradicionalni glasbi in lokalnih glasbilih, je zdaj vklju\u010dena tudi glasba za zdravljenje, duhovnost in terapijo z vsega sveta.<\/p>\n<p><iframe loading=\"lazy\" src=\"https:\/\/www.youtube.com\/embed\/AB1_W-KTCP8\" width=\"560\" height=\"315\" frameborder=\"0\" allowfullscreen=\"allowfullscreen\" data-mce-fragment=\"1\"><span data-mce-type=\"bookmark\" style=\"display: inline-block; width: 0px; overflow: hidden; line-height: 0;\" class=\"mce_SELRES_start\">\ufeff<\/span><\/iframe><\/p>\n<p>\u010clani zasedbe Vedun se opredeljujejo kot glasbeniki in terapevti, ki o\u017eivljajo starodavno sveto glasbeno delovanje razli\u010dnih duhovnikov zdravilcev. Z igranjem v transcendentalnem stanju zavesti obujajo pozabljene zvo\u010dne prakse. Po vsej regiji pogosto organizirajo delavnice in koncertirajo.<\/p>\n<\/div>\n<\/div>\n<\/div>\n<\/div>\n<\/div>\n<\/div>\n<\/div>\n<\/div>\n<\/article>\n<\/div>\n<\/div>\n<\/div>\n<div class=\"full-container\">\n<div id=\"primary\" class=\"content-area\">\n<div id=\"content\" class=\"site-content\" role=\"main\">\n<article id=\"post-2411\" class=\"post post-2411 type-post status-publish format-standard has-post-thumbnail hentry category-uncategorized-sl\">\n<div class=\"entry-main\">\n<div class=\"entry-content\">\n<div id=\"pl-2411\" class=\"panel-layout\">\n<div id=\"pg-2411-1\" class=\"panel-grid panel-no-style\">\n<div id=\"pgc-2411-1-0\" class=\"panel-grid-cell\">\n<div id=\"panel-2411-1-0-0\" class=\"so-panel widget widget_sow-editor panel-first-child panel-last-child\" data-index=\"2\">\n<div class=\"full-container\">\n<div id=\"primary\" class=\"content-area\">\n<div id=\"content\" class=\"site-content\" role=\"main\">\n<article id=\"post-2411\" class=\"post post-2411 type-post status-publish format-standard has-post-thumbnail hentry category-uncategorized-sl\">\n<div class=\"entry-main\">\n<div class=\"entry-content\">\n<div id=\"pl-2411\" class=\"panel-layout\">\n<div id=\"pg-2411-1\" class=\"panel-grid panel-no-style\">\n<div id=\"pgc-2411-1-0\" class=\"panel-grid-cell\">\n<div id=\"panel-2411-1-0-0\" class=\"so-panel widget widget_sow-editor panel-first-child panel-last-child\" data-index=\"2\">\n<p>&nbsp;<\/p>\n<p><strong>Ljoba Jen\u010de<\/strong> je pevka, pripovedovalka in zbiralka slovenskih ljudskih tradicij. Leta 1995 je odpotovala v Tibet in Nepal, kjer je starodavne slovenske ljudske pesmi igrala ob spremljavi petja tibetanskih menihov. Po dalajlamovem obisku Slovenije leta 2002 je izdala album Lepote Modrosti, na katerem se starodavne slovenske molitvene pesmi prepletajo s petjem tibetanskih menihov reda Gjuto. Ljoba Jen\u010de je v svoji karieri izdala veliko \u0161tevilo albumov in nastopala v mnogih dr\u017eavah po vsem svetu.<\/p>\n<p><iframe loading=\"lazy\" src=\"https:\/\/www.youtube.com\/embed\/ab4cY--7e-w\" width=\"560\" height=\"315\" frameborder=\"0\" allowfullscreen=\"allowfullscreen\" data-mce-fragment=\"1\"><\/iframe><\/p>\n<p>&nbsp;<\/p>\n<p><strong>Terra Mystica<\/strong> je glasbena zasedba, ki se od devetdesetih nenehno spreminja in razvija okrog kitarista in pesmopisca <strong>Danijela \u010cerneta<\/strong>. Skupina je na prelomu tiso\u010dletij sicer razpadla, a je pred desetimi leti spet za\u010dela ustvarjati. Trenutno je sestavljena iz o\u010deta (Danijela) in njegovega sina (flavtista <strong>Ana \u010cerneta)<\/strong>.<\/p>\n<p>Skupina raziskuje raznorazne tradicije ljudske glasbe, new aga in progresivnega rocka, odvisno od zna\u010daja trenutnega projekta. Glasbena premisa zasedbe sloni na misti\u010dni, s soncem in vetrom pre\u017eeti kra\u0161ki pokrajini, naslikani v taktih ve\u010dinoma instrumentalne muzike, ki pa jo v\u010dasih spremlja tudi poezija, ponavadi najznamenitej\u0161ega kra\u0161kega pesnika Sre\u010dka Kosovela.<\/p>\n<p><iframe loading=\"lazy\" src=\"https:\/\/www.youtube.com\/embed\/jdJQ78M5-JM\" width=\"560\" height=\"315\" frameborder=\"0\" allowfullscreen=\"allowfullscreen\" data-mce-fragment=\"1\"><\/iframe><\/p>\n<p>&nbsp;<\/p>\n<p>Po severozahodni Sloveniji, predvsem po zgornji dolini So\u010de, \u0161e vedno odzvanja predkr\u0161\u010danska mitologija in staroverstvo. Repertoar <strong>Bakaline Velike<\/strong>, zasedbe, ki igra pod taktirko gorskega pridelovalca sira in kantavtorja <strong>Janija Kutina<\/strong>, je trdno zakoreninjen v tej tradiciji in svojem okolju, ki sta navdih za hvalnice naravi, mitologiji, ljudski zapu\u0161\u010dini, zgodovini in starodavnim verovanjem.<\/p>\n<p><iframe loading=\"lazy\" src=\"https:\/\/www.youtube.com\/embed\/AXp9Q3Zx5PM\" width=\"560\" height=\"315\" frameborder=\"0\" allowfullscreen=\"allowfullscreen\" data-mce-fragment=\"1\"><\/iframe><\/p>\n<p>&nbsp;<\/p>\n<p>Njegov brat dvoj\u010dek, multiin\u0161trumentalist in izdelovalec in\u0161trumentov <strong>Samo Kutin<\/strong> (ki je prav tako \u010dlan Bakaline Velike), je \u010dlan mednarodno priznanega tria <strong>\u0160irom<\/strong>, ki ob\u010dinstva navdu\u0161uje s svojo domi\u0161ljijsko ljudsko glasbo, v kateri se raznolike zvo\u010dne pokrajine, prepojene z ljudsko tradicijo, sre\u010dujejo s trojico domi\u0161ljijskih svetov. Zasedba, ki so jo ustanovili <strong>Samo Kutin<\/strong> in njegova partnerka <strong>Ana Kravanja<\/strong> ter <strong>Iztok Koren<\/strong>, je posnela tri kriti\u0161ko \u010dislane albume, hkrati pa neumorno koncertira po Evropi.<\/p>\n<p><iframe loading=\"lazy\" src=\"https:\/\/www.youtube.com\/embed\/CJiOrUby010\" width=\"560\" height=\"315\" frameborder=\"0\" allowfullscreen=\"allowfullscreen\" data-mce-fragment=\"1\"><\/iframe><\/p>\n<p>&nbsp;<\/p>\n<p>Samo in Ana transcendentalno naravo akusti\u010dnih zvokov, zaigranih na doma izdelana glasbila ali glasbila, ki sta jih na\u0161la na katerem od svojih \u0161tevilnih potovanj ali turnej, raziskujeta tudi kot glasbeni dvojec.<\/p>\n<p><iframe loading=\"lazy\" src=\"https:\/\/www.youtube.com\/embed\/aA8FyR-tT5g\" width=\"560\" height=\"315\" frameborder=\"0\" allowfullscreen=\"allowfullscreen\" data-mce-fragment=\"1\"><\/iframe><\/p>\n<p>&nbsp;<\/p>\n<p>Predkr\u0161\u010danska, poganska verovanja odzvanjajo tudi v ustvarjanju ezoteri\u010dne zasedbe <strong>Indigo<\/strong>, ki je pred kratkim pod naslovom Nikrmana (ki v kontekstu staroverskega verovanja pomeni prvobitno silo) izdala svoj drugi album. Glasbeni slog plo\u0161\u010de \u010dlani zasedbe opisujejo kot eteri\u010dni pop z elektronskimi in etno sestavinami. Skupina opozarja na pasti, v katere se ujema \u010dlove\u0161tvo, a vseeno verjame v spremembe, ki jih bo prinesla nova doba, ter spodbuja k iskanju bolj\u0161e povezanosti z naravo in njenimi elementi.<\/p>\n<p><iframe loading=\"lazy\" src=\"https:\/\/www.youtube.com\/embed\/sKTC6VCoNgk\" width=\"560\" height=\"315\" frameborder=\"0\" allowfullscreen=\"allowfullscreen\" data-mce-fragment=\"1\"><\/iframe><\/p>\n<p>&nbsp;<\/p>\n<p>Razgibana topografija slovenske pokrajine, v kateri je prisotno mno\u0161tvo naravnih pojavov, ki so jih vklesali, izoblikovali ali prekrili voda, kamen, vreme in les, je ljudi vedno vabila k pogovoru s silami, ki so jo ustvarile. Hkrati je vplivala tudi na spiritualno delovanje ljudi, ki se ka\u017ee v glasbenih in drugih umetni\u0161kih izku\u0161njah tistih, ki tu \u017eivijo ali pa so skozi ta prostor zgolj potovali. Potem pa je tu \u0161e dolga, odprta cesta, ki glasbenike z na\u0161ega konca sveta vodi do odro\u010dnih koti\u010dkov planeta, kjer se pove\u017eejo s svetom, z njegovo \u010dlove\u0161ko in biolo\u0161ko raznolikostjo.<\/p>\n<p>V Sloveniji oziroma iz Slovenije je \u0161e cela vrsta drugih glasbenikov, ki se pri svojem delu napajajo iz vodnjaka svetega, spiritualnega, mitskega in misti\u010dnega. Ta izbor, ki temelji na mojem okusu in poznavanju, je seveda le kratek uvod v nekatere protagoniste in njihovo ustvarjanje. Preostanek zakladnice v raziskovanje z veseljem prepustim va\u0161i domi\u0161ljiji in radovednosti.<\/p>\n<p>&nbsp;<\/p>\n<p>Besedilo: Katarina Juvan\u010di\u010d<\/p>\n<p>Naslovna fotografija zasedbe \u0160irom: Nada \u017dgank<\/p>\n<\/div>\n<p>&nbsp;<\/p>\n<\/div>\n<\/div>\n<\/div>\n<\/div>\n<\/div>\n<\/article>\n<\/div>\n<\/div>\n<\/div>\n<\/div>\n<\/div>\n<\/div>\n<\/div>\n<\/div>\n<\/div>\n<\/article>\n<\/div>\n<\/div>\n<\/div>\n<\/div>\n<\/div>\n<\/div>\n<\/div>\n<\/div>\n<\/div>\n<\/div>\n<\/div>\n<\/article>\n<\/div>\n<\/div>\n<\/div>\n<\/div>\n<\/div>\n<\/div>\n<\/div>\n<\/div>\n<\/div>\n<\/div>\n<\/div>\n","protected":false},"excerpt":{"rendered":"<p>Skozi tiso\u010dletja smo ljudje izna\u0161li mnogo na\u010dinov za izra\u017eanje svojega \u201cnotranjega jaza\u201d, svoje \u201cdu\u0161e\u201d ter njene povezanosti z naravnim in nadnaravnim. Glasba je pri tem vedno igrala klju\u010dno vlogo, bodisi pri prvobitnih in \u0161amanskih obredih bodisi pri verskih ceremonijah in newageovskih praznovanjih. Duhovni gradniki, pri \u010demer je duhovnost mi\u0161ljena v naj\u0161ir\u0161em in najmanj ideolo\u0161ko zaznamovanem [&hellip;]<\/p>\n","protected":false},"author":3,"featured_media":10721,"comment_status":"closed","ping_status":"open","sticky":false,"template":"","format":"standard","meta":{"_monsterinsights_skip_tracking":false,"_monsterinsights_sitenote_active":false,"_monsterinsights_sitenote_note":"","_monsterinsights_sitenote_category":0,"footnotes":""},"categories":[73,61,54],"tags":[93,84,105],"class_list":["post-10713","post","type-post","status-publish","format-standard","has-post-thumbnail","hentry","category-news-all","category-news-sl","category-uncategorized-sl","tag-blog","tag-glasba","tag-slovenija"],"yoast_head":"<!-- This site is optimized with the Yoast SEO plugin v27.4 - https:\/\/yoast.com\/product\/yoast-seo-wordpress\/ -->\n<title>Feministi\u010dna tura z mag. Jasmino Jerant tudi v za\u010detku julija<\/title>\n<meta name=\"description\" content=\"Zavod Urbana Vrana organizira znamenito feministi\u010dno turo po Ljubljani za staro in mlado, gosposko in damsko. Dobimo se na Gornjem trgu!\" \/>\n<meta name=\"robots\" content=\"index, follow, max-snippet:-1, max-image-preview:large, max-video-preview:-1\" \/>\n<link rel=\"canonical\" href=\"https:\/\/ptich.si\/sl\/deset-slovenskih-glasbenikov-raziskujejo-spiritualno-glasbo\/\" \/>\n<meta property=\"og:locale\" content=\"sl_SI\" \/>\n<meta property=\"og:type\" content=\"article\" \/>\n<meta property=\"og:title\" content=\"Feministi\u010dna tura z mag. Jasmino Jerant tudi v za\u010detku julija\" \/>\n<meta property=\"og:description\" content=\"Zavod Urbana Vrana organizira znamenito feministi\u010dno turo po Ljubljani za staro in mlado, gosposko in damsko. Dobimo se na Gornjem trgu!\" \/>\n<meta property=\"og:url\" content=\"https:\/\/ptich.si\/sl\/deset-slovenskih-glasbenikov-raziskujejo-spiritualno-glasbo\/\" \/>\n<meta property=\"og:site_name\" content=\"Ptich\" \/>\n<meta property=\"article:publisher\" content=\"https:\/\/www.facebook.com\/PtichSlovenia\/\" \/>\n<meta property=\"article:published_time\" content=\"2020-06-12T07:16:38+00:00\" \/>\n<meta property=\"article:modified_time\" content=\"2020-10-22T18:02:06+00:00\" \/>\n<meta property=\"og:image\" content=\"https:\/\/ptich.si\/wp-content\/uploads\/2020\/07\/Sirom_foto-_Nada_Zgank-1.jpg\" \/>\n\t<meta property=\"og:image:width\" content=\"1200\" \/>\n\t<meta property=\"og:image:height\" content=\"800\" \/>\n\t<meta property=\"og:image:type\" content=\"image\/jpeg\" \/>\n<meta name=\"author\" content=\"laganosportski\" \/>\n<meta name=\"twitter:card\" content=\"summary_large_image\" \/>\n<meta name=\"twitter:label1\" content=\"Written by\" \/>\n\t<meta name=\"twitter:data1\" content=\"laganosportski\" \/>\n\t<meta name=\"twitter:label2\" content=\"Est. reading time\" \/>\n\t<meta name=\"twitter:data2\" content=\"7 minut\" \/>\n<script type=\"application\/ld+json\" class=\"yoast-schema-graph\">{\"@context\":\"https:\\\/\\\/schema.org\",\"@graph\":[{\"@type\":\"Article\",\"@id\":\"https:\\\/\\\/ptich.si\\\/sl\\\/deset-slovenskih-glasbenikov-raziskujejo-spiritualno-glasbo\\\/#article\",\"isPartOf\":{\"@id\":\"https:\\\/\\\/ptich.si\\\/sl\\\/deset-slovenskih-glasbenikov-raziskujejo-spiritualno-glasbo\\\/\"},\"author\":{\"name\":\"laganosportski\",\"@id\":\"https:\\\/\\\/ptich.si\\\/sl\\\/#\\\/schema\\\/person\\\/87f1654008fb02442dde62aa7c216b42\"},\"headline\":\"Med zemljo in nebom: 10 slovenskih glasbenikov, ki raziskujejo spiritualne odtenke glasbe\",\"datePublished\":\"2020-06-12T07:16:38+00:00\",\"dateModified\":\"2020-10-22T18:02:06+00:00\",\"mainEntityOfPage\":{\"@id\":\"https:\\\/\\\/ptich.si\\\/sl\\\/deset-slovenskih-glasbenikov-raziskujejo-spiritualno-glasbo\\\/\"},\"wordCount\":1428,\"publisher\":{\"@id\":\"https:\\\/\\\/ptich.si\\\/sl\\\/#organization\"},\"image\":{\"@id\":\"https:\\\/\\\/ptich.si\\\/sl\\\/deset-slovenskih-glasbenikov-raziskujejo-spiritualno-glasbo\\\/#primaryimage\"},\"thumbnailUrl\":\"https:\\\/\\\/ptich.si\\\/wp-content\\\/uploads\\\/2020\\\/07\\\/Sirom_foto-_Nada_Zgank-1.jpg\",\"keywords\":[\"BLOG\",\"GLASBA\",\"SLOVENIJA\"],\"articleSection\":[\"News-all\",\"News-sl\",\"Uncategorized @sl\"],\"inLanguage\":\"sl-SI\"},{\"@type\":\"WebPage\",\"@id\":\"https:\\\/\\\/ptich.si\\\/sl\\\/deset-slovenskih-glasbenikov-raziskujejo-spiritualno-glasbo\\\/\",\"url\":\"https:\\\/\\\/ptich.si\\\/sl\\\/deset-slovenskih-glasbenikov-raziskujejo-spiritualno-glasbo\\\/\",\"name\":\"Feministi\u010dna tura z mag. Jasmino Jerant tudi v za\u010detku julija\",\"isPartOf\":{\"@id\":\"https:\\\/\\\/ptich.si\\\/sl\\\/#website\"},\"primaryImageOfPage\":{\"@id\":\"https:\\\/\\\/ptich.si\\\/sl\\\/deset-slovenskih-glasbenikov-raziskujejo-spiritualno-glasbo\\\/#primaryimage\"},\"image\":{\"@id\":\"https:\\\/\\\/ptich.si\\\/sl\\\/deset-slovenskih-glasbenikov-raziskujejo-spiritualno-glasbo\\\/#primaryimage\"},\"thumbnailUrl\":\"https:\\\/\\\/ptich.si\\\/wp-content\\\/uploads\\\/2020\\\/07\\\/Sirom_foto-_Nada_Zgank-1.jpg\",\"datePublished\":\"2020-06-12T07:16:38+00:00\",\"dateModified\":\"2020-10-22T18:02:06+00:00\",\"description\":\"Zavod Urbana Vrana organizira znamenito feministi\u010dno turo po Ljubljani za staro in mlado, gosposko in damsko. Dobimo se na Gornjem trgu!\",\"breadcrumb\":{\"@id\":\"https:\\\/\\\/ptich.si\\\/sl\\\/deset-slovenskih-glasbenikov-raziskujejo-spiritualno-glasbo\\\/#breadcrumb\"},\"inLanguage\":\"sl-SI\",\"potentialAction\":[{\"@type\":\"ReadAction\",\"target\":[\"https:\\\/\\\/ptich.si\\\/sl\\\/deset-slovenskih-glasbenikov-raziskujejo-spiritualno-glasbo\\\/\"]}]},{\"@type\":\"ImageObject\",\"inLanguage\":\"sl-SI\",\"@id\":\"https:\\\/\\\/ptich.si\\\/sl\\\/deset-slovenskih-glasbenikov-raziskujejo-spiritualno-glasbo\\\/#primaryimage\",\"url\":\"https:\\\/\\\/ptich.si\\\/wp-content\\\/uploads\\\/2020\\\/07\\\/Sirom_foto-_Nada_Zgank-1.jpg\",\"contentUrl\":\"https:\\\/\\\/ptich.si\\\/wp-content\\\/uploads\\\/2020\\\/07\\\/Sirom_foto-_Nada_Zgank-1.jpg\",\"width\":1200,\"height\":800},{\"@type\":\"BreadcrumbList\",\"@id\":\"https:\\\/\\\/ptich.si\\\/sl\\\/deset-slovenskih-glasbenikov-raziskujejo-spiritualno-glasbo\\\/#breadcrumb\",\"itemListElement\":[{\"@type\":\"ListItem\",\"position\":1,\"name\":\"Home\",\"item\":\"https:\\\/\\\/ptich.si\\\/sl\\\/\"},{\"@type\":\"ListItem\",\"position\":2,\"name\":\"Med zemljo in nebom: 10 slovenskih glasbenikov, ki raziskujejo spiritualne odtenke glasbe\"}]},{\"@type\":\"WebSite\",\"@id\":\"https:\\\/\\\/ptich.si\\\/sl\\\/#website\",\"url\":\"https:\\\/\\\/ptich.si\\\/sl\\\/\",\"name\":\"Ptich\",\"description\":\"Glasbeni izleti & urbane ture | Ljubljana | Slovenija\",\"publisher\":{\"@id\":\"https:\\\/\\\/ptich.si\\\/sl\\\/#organization\"},\"potentialAction\":[{\"@type\":\"SearchAction\",\"target\":{\"@type\":\"EntryPoint\",\"urlTemplate\":\"https:\\\/\\\/ptich.si\\\/sl\\\/?s={search_term_string}\"},\"query-input\":{\"@type\":\"PropertyValueSpecification\",\"valueRequired\":true,\"valueName\":\"search_term_string\"}}],\"inLanguage\":\"sl-SI\"},{\"@type\":\"Organization\",\"@id\":\"https:\\\/\\\/ptich.si\\\/sl\\\/#organization\",\"name\":\"Ptich\",\"url\":\"https:\\\/\\\/ptich.si\\\/sl\\\/\",\"logo\":{\"@type\":\"ImageObject\",\"inLanguage\":\"sl-SI\",\"@id\":\"https:\\\/\\\/ptich.si\\\/sl\\\/#\\\/schema\\\/logo\\\/image\\\/\",\"url\":\"https:\\\/\\\/ptich.si\\\/wp-content\\\/uploads\\\/2020\\\/05\\\/ptich-logo-mali.png\",\"contentUrl\":\"https:\\\/\\\/ptich.si\\\/wp-content\\\/uploads\\\/2020\\\/05\\\/ptich-logo-mali.png\",\"width\":135,\"height\":40,\"caption\":\"Ptich\"},\"image\":{\"@id\":\"https:\\\/\\\/ptich.si\\\/sl\\\/#\\\/schema\\\/logo\\\/image\\\/\"},\"sameAs\":[\"https:\\\/\\\/www.facebook.com\\\/PtichSlovenia\\\/\"]},{\"@type\":\"Person\",\"@id\":\"https:\\\/\\\/ptich.si\\\/sl\\\/#\\\/schema\\\/person\\\/87f1654008fb02442dde62aa7c216b42\",\"name\":\"laganosportski\",\"image\":{\"@type\":\"ImageObject\",\"inLanguage\":\"sl-SI\",\"@id\":\"https:\\\/\\\/secure.gravatar.com\\\/avatar\\\/121c035730a9a139bd7a88b8fd9f2166d16a959771369011d043d6d01676ec61?s=96&d=mm&r=g\",\"url\":\"https:\\\/\\\/secure.gravatar.com\\\/avatar\\\/121c035730a9a139bd7a88b8fd9f2166d16a959771369011d043d6d01676ec61?s=96&d=mm&r=g\",\"contentUrl\":\"https:\\\/\\\/secure.gravatar.com\\\/avatar\\\/121c035730a9a139bd7a88b8fd9f2166d16a959771369011d043d6d01676ec61?s=96&d=mm&r=g\",\"caption\":\"laganosportski\"},\"url\":\"https:\\\/\\\/ptich.si\\\/sl\\\/author\\\/laganosportski\\\/\"}]}<\/script>\n<!-- \/ Yoast SEO plugin. -->","yoast_head_json":{"title":"Feministi\u010dna tura z mag. Jasmino Jerant tudi v za\u010detku julija","description":"Zavod Urbana Vrana organizira znamenito feministi\u010dno turo po Ljubljani za staro in mlado, gosposko in damsko. Dobimo se na Gornjem trgu!","robots":{"index":"index","follow":"follow","max-snippet":"max-snippet:-1","max-image-preview":"max-image-preview:large","max-video-preview":"max-video-preview:-1"},"canonical":"https:\/\/ptich.si\/sl\/deset-slovenskih-glasbenikov-raziskujejo-spiritualno-glasbo\/","og_locale":"sl_SI","og_type":"article","og_title":"Feministi\u010dna tura z mag. Jasmino Jerant tudi v za\u010detku julija","og_description":"Zavod Urbana Vrana organizira znamenito feministi\u010dno turo po Ljubljani za staro in mlado, gosposko in damsko. Dobimo se na Gornjem trgu!","og_url":"https:\/\/ptich.si\/sl\/deset-slovenskih-glasbenikov-raziskujejo-spiritualno-glasbo\/","og_site_name":"Ptich","article_publisher":"https:\/\/www.facebook.com\/PtichSlovenia\/","article_published_time":"2020-06-12T07:16:38+00:00","article_modified_time":"2020-10-22T18:02:06+00:00","og_image":[{"width":1200,"height":800,"url":"https:\/\/ptich.si\/wp-content\/uploads\/2020\/07\/Sirom_foto-_Nada_Zgank-1.jpg","type":"image\/jpeg"}],"author":"laganosportski","twitter_card":"summary_large_image","twitter_misc":{"Written by":"laganosportski","Est. reading time":"7 minut"},"schema":{"@context":"https:\/\/schema.org","@graph":[{"@type":"Article","@id":"https:\/\/ptich.si\/sl\/deset-slovenskih-glasbenikov-raziskujejo-spiritualno-glasbo\/#article","isPartOf":{"@id":"https:\/\/ptich.si\/sl\/deset-slovenskih-glasbenikov-raziskujejo-spiritualno-glasbo\/"},"author":{"name":"laganosportski","@id":"https:\/\/ptich.si\/sl\/#\/schema\/person\/87f1654008fb02442dde62aa7c216b42"},"headline":"Med zemljo in nebom: 10 slovenskih glasbenikov, ki raziskujejo spiritualne odtenke glasbe","datePublished":"2020-06-12T07:16:38+00:00","dateModified":"2020-10-22T18:02:06+00:00","mainEntityOfPage":{"@id":"https:\/\/ptich.si\/sl\/deset-slovenskih-glasbenikov-raziskujejo-spiritualno-glasbo\/"},"wordCount":1428,"publisher":{"@id":"https:\/\/ptich.si\/sl\/#organization"},"image":{"@id":"https:\/\/ptich.si\/sl\/deset-slovenskih-glasbenikov-raziskujejo-spiritualno-glasbo\/#primaryimage"},"thumbnailUrl":"https:\/\/ptich.si\/wp-content\/uploads\/2020\/07\/Sirom_foto-_Nada_Zgank-1.jpg","keywords":["BLOG","GLASBA","SLOVENIJA"],"articleSection":["News-all","News-sl","Uncategorized @sl"],"inLanguage":"sl-SI"},{"@type":"WebPage","@id":"https:\/\/ptich.si\/sl\/deset-slovenskih-glasbenikov-raziskujejo-spiritualno-glasbo\/","url":"https:\/\/ptich.si\/sl\/deset-slovenskih-glasbenikov-raziskujejo-spiritualno-glasbo\/","name":"Feministi\u010dna tura z mag. Jasmino Jerant tudi v za\u010detku julija","isPartOf":{"@id":"https:\/\/ptich.si\/sl\/#website"},"primaryImageOfPage":{"@id":"https:\/\/ptich.si\/sl\/deset-slovenskih-glasbenikov-raziskujejo-spiritualno-glasbo\/#primaryimage"},"image":{"@id":"https:\/\/ptich.si\/sl\/deset-slovenskih-glasbenikov-raziskujejo-spiritualno-glasbo\/#primaryimage"},"thumbnailUrl":"https:\/\/ptich.si\/wp-content\/uploads\/2020\/07\/Sirom_foto-_Nada_Zgank-1.jpg","datePublished":"2020-06-12T07:16:38+00:00","dateModified":"2020-10-22T18:02:06+00:00","description":"Zavod Urbana Vrana organizira znamenito feministi\u010dno turo po Ljubljani za staro in mlado, gosposko in damsko. Dobimo se na Gornjem trgu!","breadcrumb":{"@id":"https:\/\/ptich.si\/sl\/deset-slovenskih-glasbenikov-raziskujejo-spiritualno-glasbo\/#breadcrumb"},"inLanguage":"sl-SI","potentialAction":[{"@type":"ReadAction","target":["https:\/\/ptich.si\/sl\/deset-slovenskih-glasbenikov-raziskujejo-spiritualno-glasbo\/"]}]},{"@type":"ImageObject","inLanguage":"sl-SI","@id":"https:\/\/ptich.si\/sl\/deset-slovenskih-glasbenikov-raziskujejo-spiritualno-glasbo\/#primaryimage","url":"https:\/\/ptich.si\/wp-content\/uploads\/2020\/07\/Sirom_foto-_Nada_Zgank-1.jpg","contentUrl":"https:\/\/ptich.si\/wp-content\/uploads\/2020\/07\/Sirom_foto-_Nada_Zgank-1.jpg","width":1200,"height":800},{"@type":"BreadcrumbList","@id":"https:\/\/ptich.si\/sl\/deset-slovenskih-glasbenikov-raziskujejo-spiritualno-glasbo\/#breadcrumb","itemListElement":[{"@type":"ListItem","position":1,"name":"Home","item":"https:\/\/ptich.si\/sl\/"},{"@type":"ListItem","position":2,"name":"Med zemljo in nebom: 10 slovenskih glasbenikov, ki raziskujejo spiritualne odtenke glasbe"}]},{"@type":"WebSite","@id":"https:\/\/ptich.si\/sl\/#website","url":"https:\/\/ptich.si\/sl\/","name":"Ptich","description":"Glasbeni izleti & urbane ture | Ljubljana | Slovenija","publisher":{"@id":"https:\/\/ptich.si\/sl\/#organization"},"potentialAction":[{"@type":"SearchAction","target":{"@type":"EntryPoint","urlTemplate":"https:\/\/ptich.si\/sl\/?s={search_term_string}"},"query-input":{"@type":"PropertyValueSpecification","valueRequired":true,"valueName":"search_term_string"}}],"inLanguage":"sl-SI"},{"@type":"Organization","@id":"https:\/\/ptich.si\/sl\/#organization","name":"Ptich","url":"https:\/\/ptich.si\/sl\/","logo":{"@type":"ImageObject","inLanguage":"sl-SI","@id":"https:\/\/ptich.si\/sl\/#\/schema\/logo\/image\/","url":"https:\/\/ptich.si\/wp-content\/uploads\/2020\/05\/ptich-logo-mali.png","contentUrl":"https:\/\/ptich.si\/wp-content\/uploads\/2020\/05\/ptich-logo-mali.png","width":135,"height":40,"caption":"Ptich"},"image":{"@id":"https:\/\/ptich.si\/sl\/#\/schema\/logo\/image\/"},"sameAs":["https:\/\/www.facebook.com\/PtichSlovenia\/"]},{"@type":"Person","@id":"https:\/\/ptich.si\/sl\/#\/schema\/person\/87f1654008fb02442dde62aa7c216b42","name":"laganosportski","image":{"@type":"ImageObject","inLanguage":"sl-SI","@id":"https:\/\/secure.gravatar.com\/avatar\/121c035730a9a139bd7a88b8fd9f2166d16a959771369011d043d6d01676ec61?s=96&d=mm&r=g","url":"https:\/\/secure.gravatar.com\/avatar\/121c035730a9a139bd7a88b8fd9f2166d16a959771369011d043d6d01676ec61?s=96&d=mm&r=g","contentUrl":"https:\/\/secure.gravatar.com\/avatar\/121c035730a9a139bd7a88b8fd9f2166d16a959771369011d043d6d01676ec61?s=96&d=mm&r=g","caption":"laganosportski"},"url":"https:\/\/ptich.si\/sl\/author\/laganosportski\/"}]}},"jetpack_featured_media_url":"https:\/\/ptich.si\/wp-content\/uploads\/2020\/07\/Sirom_foto-_Nada_Zgank-1.jpg","_links":{"self":[{"href":"https:\/\/ptich.si\/sl\/wp-json\/wp\/v2\/posts\/10713","targetHints":{"allow":["GET"]}}],"collection":[{"href":"https:\/\/ptich.si\/sl\/wp-json\/wp\/v2\/posts"}],"about":[{"href":"https:\/\/ptich.si\/sl\/wp-json\/wp\/v2\/types\/post"}],"author":[{"embeddable":true,"href":"https:\/\/ptich.si\/sl\/wp-json\/wp\/v2\/users\/3"}],"replies":[{"embeddable":true,"href":"https:\/\/ptich.si\/sl\/wp-json\/wp\/v2\/comments?post=10713"}],"version-history":[{"count":4,"href":"https:\/\/ptich.si\/sl\/wp-json\/wp\/v2\/posts\/10713\/revisions"}],"predecessor-version":[{"id":10929,"href":"https:\/\/ptich.si\/sl\/wp-json\/wp\/v2\/posts\/10713\/revisions\/10929"}],"wp:featuredmedia":[{"embeddable":true,"href":"https:\/\/ptich.si\/sl\/wp-json\/wp\/v2\/media\/10721"}],"wp:attachment":[{"href":"https:\/\/ptich.si\/sl\/wp-json\/wp\/v2\/media?parent=10713"}],"wp:term":[{"taxonomy":"category","embeddable":true,"href":"https:\/\/ptich.si\/sl\/wp-json\/wp\/v2\/categories?post=10713"},{"taxonomy":"post_tag","embeddable":true,"href":"https:\/\/ptich.si\/sl\/wp-json\/wp\/v2\/tags?post=10713"}],"curies":[{"name":"wp","href":"https:\/\/api.w.org\/{rel}","templated":true}]}}