{"id":10771,"date":"2020-06-13T07:35:23","date_gmt":"2020-06-13T07:35:23","guid":{"rendered":"https:\/\/ptich.si\/?p=10771"},"modified":"2020-10-22T18:00:17","modified_gmt":"2020-10-22T18:00:17","slug":"nova-istra-ali-kako-se-dela-folk","status":"publish","type":"post","link":"https:\/\/ptich.si\/sl\/nova-istra-ali-kako-se-dela-folk\/","title":{"rendered":"Nova Istra ali kako se dela folk?"},"content":{"rendered":"<div class=\"entry-content\">\n<div id=\"pl-2424\" class=\"panel-layout\">\n<div id=\"pg-2424-5\" class=\"panel-grid panel-no-style\">\n<div id=\"pgc-2424-5-0\" class=\"panel-grid-cell\">\n<div id=\"panel-2424-5-0-0\" class=\"so-panel widget widget_sow-editor panel-first-child panel-last-child\" data-index=\"8\">\n<div class=\"so-widget-sow-editor so-widget-sow-editor-base\">\n<div class=\"siteorigin-widget-tinymce textwidget\">\n<div id=\"main\" class=\"site-main\">\n<div class=\"full-container\">\n<div id=\"primary\" class=\"content-area\">\n<div id=\"content\" class=\"site-content\" role=\"main\">\n<article id=\"post-2411\" class=\"post post-2411 type-post status-publish format-standard has-post-thumbnail hentry category-uncategorized-sl\">\n<div class=\"entry-main\">\n<div class=\"entry-content\">\n<div id=\"pl-2411\" class=\"panel-layout\">\n<div id=\"pg-2411-1\" class=\"panel-grid panel-no-style\">\n<div id=\"pgc-2411-1-0\" class=\"panel-grid-cell\">\n<div id=\"panel-2411-1-0-0\" class=\"so-panel widget widget_sow-editor panel-first-child panel-last-child\" data-index=\"2\">\n<div class=\"so-widget-sow-editor so-widget-sow-editor-base\">\n<div class=\"siteorigin-widget-tinymce textwidget\">\n<div class=\"full-container\">\n<div id=\"primary\" class=\"content-area\">\n<div id=\"content\" class=\"site-content\" role=\"main\">\n<article id=\"post-2411\" class=\"post post-2411 type-post status-publish format-standard has-post-thumbnail hentry category-uncategorized-sl\">\n<div class=\"entry-main\">\n<div class=\"entry-content\">\n<div id=\"pl-2411\" class=\"panel-layout\">\n<div id=\"pg-2411-1\" class=\"panel-grid panel-no-style\">\n<div id=\"pgc-2411-1-0\" class=\"panel-grid-cell\">\n<div id=\"panel-2411-1-0-0\" class=\"so-panel widget widget_sow-editor panel-first-child panel-last-child\" data-index=\"2\">\n<div class=\"so-widget-sow-editor so-widget-sow-editor-base\">\n<p>Ne, to ni vpra\u0161anje o \u0161torkljah, ampak o tem, kako se ustvarja folk glasba na neki specifi\u010dni lokaciji. Kdo jo ustvari, kdo \u201codkrije\u201d, kdo preoblikuje, kako in zakaj?<\/p>\n<p>Ljudska glasba je nekaj starega, nekaj, kar se po ustnem izro\u010dilu prena\u0161a iz roda v rod, nekaj avtenti\u010dnega, prvobitnega, nekaj, kar nas povezuje s preteklostjo naroda, nekaj, kar nas spomni na dobre, stare \u010dase. Seveda je v vsem tem tudi kak\u0161no zrno resnice, a hkrati so to tudi najpogostej\u0161i miti, povezani s percepcijo o tem, kaj ljudska glasba sploh je.<\/p>\n<p>Pomudimo se malo pri ljudski muziki z obalno-istrskega obmo\u010dja in poglejmo, kaj se zgodi z miti, ko jih soo\u010dimo z realnostjo.<\/p>\n<p>V poznih 70.letih prej\u0161njega stoletja so se v \u0161tudentskem naselju v Ljubljani zna\u0161li \u0161tudentje iz obale, ki so jih navdu\u0161evale muzike iz vseh koncev sveta. O ljudski muziki iz svojega okolja so takrat vedeli zelo malo. Do glasbe \u201csvojega dvori\u0161\u010da\u201d so torej pri\u0161li preko dolgega ovinka, oziroma preko muzik keltskega obrobja Evrope, do ZDA in Ju\u017ene Amerike.<\/p>\n<p><em><strong>Dario Maru\u0161i\u0107<\/strong><\/em><em>, ustanovni \u010dlan skupine <strong>Istranova<\/strong>, ki je s terenskimi raziskavami lokalni godb za\u010del \u017ee v svojih \u0161tudentskih letih, in zanjo navdu\u0161il \u0161e nekatere druge kolege, pravi<\/em><em>: \u201c<\/em>V \u010dasu nastanka Istranove je bilo v slovenskem delu Istre okoli 70 odstotkov prebivalcev pri\u0161lekov in prva generacija otrok pri\u0161lekov. Mnogi od njih niso nikoli sprejeli najdene kulture za svojo. Ve\u010dina jih ni hotela, nekateri pa tega enostavno niso zmogli. V samih mestih je ostal le neznaten dele\u017e prvotnega prebivalstva, ljudem na vasi pa so dali vedeti, da je vse v zvezi s tradicijo nekaj zaostalega. Sam sem imel pa\u010d sre\u010do, da smo v dru\u017eini bili dovolj \u00bbzaostali\u00ab, tako da sem se zelo zgodaj prek dru\u017einskih vezi sre\u010dal s tradicionalno glasbo svojega okolja. Vendar \u010de ne bi padel v dogajanje britanskega in francoskega (na za\u010detku predvsem bretonskega) folk revivala, morda ne bi nikdar tako mo\u010dno vzljubil svoje doma\u010de glasbe.\u201d<\/p>\n<p>Pevec skupine Istranova, ki se je pozneje pozvetil politi\u010dni karieri, <strong>Franco Juri<\/strong> pa za vzore navaja glasbo anglosa\u0161kega folk rocka (<em>Fairport Convention, Steeleye Span, Clannad<\/em>) ter argentinske in \u010dilenske dru\u017ebeno anga\u017eirane kantavtorje_ice in skupine tistega \u010dasa, ki so bili <em>Victor Jara, Violeta Parra, Inti Illimani, Quilapayun, Atahualpa Yupanqui<\/em> ipd. \u201cIstranova je bil resni\u010dno nekak\u0161en glasbeni laboratorij. Jedro smo sestavljali neprofesionalni glasbeni samouki s strastjo do odkrivanja istrske glasbene tradicije, ki smo imeli \u00bbob\u010dutek\u00ab, voljo pa tudi nekaj posluha,\u201d dodaja.<\/p>\n<p>&nbsp;<\/p>\n<p><iframe loading=\"lazy\" src=\"https:\/\/www.youtube.com\/embed\/1EOR0tY19EU\" width=\"560\" height=\"315\" frameborder=\"0\" allowfullscreen=\"allowfullscreen\"><\/iframe><\/p>\n<\/div>\n<\/div>\n<\/div>\n<\/div>\n<\/div>\n<\/div>\n<\/div>\n<\/article>\n<\/div>\n<\/div>\n<\/div>\n<div class=\"full-container\">\n<div id=\"primary\" class=\"content-area\">\n<div id=\"content\" class=\"site-content\" role=\"main\">\n<article id=\"post-2411\" class=\"post post-2411 type-post status-publish format-standard has-post-thumbnail hentry category-uncategorized-sl\">\n<div class=\"entry-main\">\n<div class=\"entry-content\">\n<div id=\"pl-2411\" class=\"panel-layout\">\n<div id=\"pg-2411-1\" class=\"panel-grid panel-no-style\">\n<div id=\"pgc-2411-1-0\" class=\"panel-grid-cell\">\n<div id=\"panel-2411-1-0-0\" class=\"so-panel widget widget_sow-editor panel-first-child panel-last-child\" data-index=\"2\">\n<div class=\"full-container\">\n<div id=\"primary\" class=\"content-area\">\n<div id=\"content\" class=\"site-content\" role=\"main\">\n<article id=\"post-2411\" class=\"post post-2411 type-post status-publish format-standard has-post-thumbnail hentry category-uncategorized-sl\">\n<div class=\"entry-main\">\n<div class=\"entry-content\">\n<div id=\"pl-2411\" class=\"panel-layout\">\n<div id=\"pg-2411-1\" class=\"panel-grid panel-no-style\">\n<div id=\"pgc-2411-1-0\" class=\"panel-grid-cell\">\n<p>&nbsp;<\/p>\n<div id=\"panel-2411-1-0-0\" class=\"so-panel widget widget_sow-editor panel-first-child panel-last-child\" data-index=\"2\">\n<p>Po za\u010detnem tipanju terena so se za\u010deli vse bolj poglabljati v glasbeno dedi\u0161\u010dino Istre, ki pa je niso iskali zgolj v starih zapisih, pesmaricah in arhivih, ampak so hodili po vaseh, se sre\u010devali z doma\u010dini, se u\u010dili od njih.<\/p>\n<p>Juri pove: \u201cIstrani, ki so \u0161e prepevali ali igrali stare istrske, so nas navdihovali. Poleg glasbe smo radi poslu\u0161ali tudi njihove zgodbe, pili njihovo vino, jedli njihov pr\u0161ut. Hvale\u017enost smo izkazovali tudi tako, da smo te godce vklju\u010devali v razne dogodke, projekte, postali smo prijatelji. Spoznali smo godce, ki so igrali na bajs, sopele, mih, \u0161urle, in izdelovalce teh in\u0161trumentov, jih pri njih naro\u010dali.\u201d<\/p>\n<p><em>Istranova je za\u010drtala smernice raziskovanju istrske ljudske glasbe, ki je bila (do) tedaj povsem marginalizirana in skoraj popolnoma neznana, ter oblikovala repertoar, iz katerega \u0161e danes \u010drpajo tako sodobni ljudski pevci in godci kot \u00bbfolk revival\u00ab in folklorne skupine ter mlaj\u0161a generacija, ki v 21. stoletju na novo odkriva, \u201cdruga\u010di\u201d in \u201cpodoma\u010duje\u201d tisto, s \u010demer so se pred skoraj \u0161tirimi desetletji sre\u010dali \u010dlani Istranove. <\/em><\/p>\n<p><em>Z glasbenimi intervencijami in sodobnimi na\u010dini ustvarjanja glasbe je Istranova spo\u0161tljivo, a pogumno posegla v tradicionalno istrsko glasbeno tkivo, ga presadila v kontekste sodobne popularne glasbe, Istranom pa ponudila novo identifikacijo z lastnim prostorom in njegovimi raznolikimi glasbenimi izrazi, ki so se zgostili v termin \u00bbistrska glasba\u00ab.<\/em><\/p>\n<p><strong>Rudi Bu\u010dar<\/strong>, kantavtor, ki je s prijateljeval s pokojnim \u010dlanom skupine, Lucianom Klevo, ki ga je vpeljal v ljudske muzike, danes u\u017eiva popularnost in prepoznavnost po celi Sloveniji: \u201c\u010ceprav na plo\u0161\u010de dajem \u017ee prete\u017eno svoje avtorske komade, jih pi\u0161em tudi v istrskem jeziku, dodajam istrske glasbene elemente, kot so male terce, istrske lestvice ipd. Hkrati pa jemljem Istro s seboj. Imel sem ve\u010d glasbenih izletov, a vedno ko sem se vrnil k Istri, me je \u010dakala z odprtimi rokami.\u201d Rudi je, mimogrede, magistriral iz jazz petja in aran\u017eiranja na Akademiji za glasbo v Trstu, v najstni\u0161kih letih igral v grunge bandu, v \u0161tudijskih letih pa ga je navdu\u0161eval tudi Thelonious Monk.<\/p>\n<p><iframe loading=\"lazy\" src=\"https:\/\/www.youtube.com\/embed\/bARLcH70Pac\" width=\"560\" height=\"315\" frameborder=\"0\" allowfullscreen=\"allowfullscreen\"><\/iframe><\/p>\n<p>&nbsp;<\/p>\n<p><em>Skupina Istranova je iskala nekonvencionalne na\u010dine muziciranja in alternative uniformirani, utesnjujo\u010di dru\u017ebeni realnosti. Njena svetovljanska dr\u017ea in zoperstavljanje nacionalisti\u010dnim te\u017enjam, ki sicer ves \u010das obte\u017eujejo tudi ljudsko glasbo, odmevata \u0161e danes. Franco Juri dodaja: \u201c<\/em>Mislim, da je bila <em>subverzivnost<\/em> Istranove predvsem v tem, da se je ukvarjala z ljudskim izro\u010dilom mimo folklore in \u0161e bolj mimo enonacionalne govorice. Ubrali in zagovarjali smo pot multikulturnosti oziroma interkulturnosti, saj je za nas \u00bbkontaminacija\u00ab z drugimi kulturami in jeziki veliko bogastvo, ne pa gro\u017enja. Navsezadnje smo tudi sami izhajali iz me\u0161anih dru\u017ein. Istre ne bi mogli razumeti druga\u010de kot prostora, kjer se razli\u010dne etni\u010dne in jezikovne kulture mo\u010dno prepletajo. To je bil tudi glavni \u010dar istrske glasbe. Zato nas nacionalisti niso marali, bili smo pravo nasprotje tistega, k \u010demur so stremeli. \u017deleli so novo mejo, mi pa smo jo sproti presegali in brisali. Tudi z glasbo.\u201d<\/p>\n<p><iframe loading=\"lazy\" src=\"https:\/\/www.youtube.com\/embed\/qQC0o4XzPZg\" width=\"560\" height=\"315\" frameborder=\"0\" allowfullscreen=\"allowfullscreen\"><\/iframe><\/p>\n<p>&nbsp;<\/p>\n<p>V \u010dasih razra\u0161\u010danja fake news in ponovnih vzponov nacionalisti\u010dnih ideologij in mitologij, ki bi ljudsko glasbo ves \u010das o\u010di\u0161\u010devali tega, kar v resnici je, tudi istrska glasba ni imuna, saj je kot zmes lokalnih slovenskih, hrva\u0161kih in italijanskih dialektov za mnoge konzervativne kulturno-politi\u010dne struje \u201cpremalo slovenska\u201d, kot pravi pozneje pridru\u017eeni \u010dlan Istranove, danes pa vodja skupine <strong>Vruja<\/strong>, <strong>Marino Kranjac<\/strong>.<\/p>\n<p><strong>Emil Zonta<\/strong>, ki je bil producent Istranove, se spominja, da je moral v osemdesetih letih vsa njihova besedila iz razli\u010dnih nare\u010dij in jezikov prevesti, da bi lahko imela takratna oblast vpogled v njihovo vsebino. \u010casi se menjajo, zgodbe se vra\u010dajo.<\/p>\n<p>A (z)godba Istranove in njene zapu\u0161\u010dine v 21. stoletju je tista klica, iz katere lahko v vsaki generaciji, ne glede na politi\u010dne preference, (ne)naklonjenost ali brezbri\u017enost centra, na kulturno, etni\u010dno, jezikovno prepi\u0161nem obrobju vedno znova zrase novi \u201cfolk\u201d.<\/p>\n<p>&nbsp;<\/p>\n<p>Besedilo: Katarina Juvan\u010di\u010d<\/p>\n<div class=\"wp-menu-arrow\">\n<div><em>Navedki so vzeti iz Katarininih intervjujev s \u010dlani skupine Istranova in Rudijem Bu\u010darjem, objavljenih na spletnem portalu Odzven.<\/em><\/div>\n<\/div>\n<\/div>\n<p>&nbsp;<\/p>\n<\/div>\n<\/div>\n<\/div>\n<\/div>\n<\/div>\n<\/article>\n<\/div>\n<\/div>\n<\/div>\n<\/div>\n<\/div>\n<\/div>\n<\/div>\n<\/div>\n<\/div>\n<\/article>\n<\/div>\n<\/div>\n<\/div>\n<\/div>\n<\/div>\n<\/div>\n<\/div>\n<\/div>\n<\/div>\n<\/div>\n<\/div>\n<\/article>\n<\/div>\n<\/div>\n<\/div>\n<\/div>\n<\/div>\n<\/div>\n<\/div>\n<\/div>\n<\/div>\n<\/div>\n<\/div>\n","protected":false},"excerpt":{"rendered":"<p>Ne, to ni vpra\u0161anje o \u0161torkljah, ampak o tem, kako se ustvarja folk glasba na neki specifi\u010dni lokaciji. Kdo jo ustvari, kdo \u201codkrije\u201d, kdo preoblikuje, kako in zakaj? Ljudska glasba je nekaj starega, nekaj, kar se po ustnem izro\u010dilu prena\u0161a iz roda v rod, nekaj avtenti\u010dnega, prvobitnega, nekaj, kar nas povezuje s preteklostjo naroda, nekaj, [&hellip;]<\/p>\n","protected":false},"author":3,"featured_media":10782,"comment_status":"closed","ping_status":"open","sticky":false,"template":"","format":"standard","meta":{"_monsterinsights_skip_tracking":false,"_monsterinsights_sitenote_active":false,"_monsterinsights_sitenote_note":"","_monsterinsights_sitenote_category":0,"footnotes":""},"categories":[73,61,54],"tags":[93,84,99,107,105],"class_list":["post-10771","post","type-post","status-publish","format-standard","has-post-thumbnail","hentry","category-news-all","category-news-sl","category-uncategorized-sl","tag-blog","tag-glasba","tag-glasbeni-izleti","tag-hrvaska","tag-slovenija"],"yoast_head":"<!-- This site is optimized with the Yoast SEO plugin v27.4 - https:\/\/yoast.com\/product\/yoast-seo-wordpress\/ -->\n<title>Feministi\u010dna tura z mag. Jasmino Jerant tudi v za\u010detku julija<\/title>\n<meta name=\"description\" content=\"Zavod Urbana Vrana organizira znamenito feministi\u010dno turo po Ljubljani za staro in mlado, gosposko in damsko. Dobimo se na Gornjem trgu!\" \/>\n<meta name=\"robots\" content=\"index, follow, max-snippet:-1, max-image-preview:large, max-video-preview:-1\" \/>\n<link rel=\"canonical\" href=\"https:\/\/ptich.si\/sl\/nova-istra-ali-kako-se-dela-folk\/\" \/>\n<meta property=\"og:locale\" content=\"sl_SI\" \/>\n<meta property=\"og:type\" content=\"article\" \/>\n<meta property=\"og:title\" content=\"Feministi\u010dna tura z mag. Jasmino Jerant tudi v za\u010detku julija\" \/>\n<meta property=\"og:description\" content=\"Zavod Urbana Vrana organizira znamenito feministi\u010dno turo po Ljubljani za staro in mlado, gosposko in damsko. Dobimo se na Gornjem trgu!\" \/>\n<meta property=\"og:url\" content=\"https:\/\/ptich.si\/sl\/nova-istra-ali-kako-se-dela-folk\/\" \/>\n<meta property=\"og:site_name\" content=\"Ptich\" \/>\n<meta property=\"article:publisher\" content=\"https:\/\/www.facebook.com\/PtichSlovenia\/\" \/>\n<meta property=\"article:published_time\" content=\"2020-06-13T07:35:23+00:00\" \/>\n<meta property=\"article:modified_time\" content=\"2020-10-22T18:00:17+00:00\" \/>\n<meta property=\"og:image\" content=\"https:\/\/ptich.si\/wp-content\/uploads\/2020\/07\/Istranova-featured1-1024x640-1.jpg\" \/>\n\t<meta property=\"og:image:width\" content=\"960\" \/>\n\t<meta property=\"og:image:height\" content=\"640\" \/>\n\t<meta property=\"og:image:type\" content=\"image\/jpeg\" \/>\n<meta name=\"author\" content=\"laganosportski\" \/>\n<meta name=\"twitter:card\" content=\"summary_large_image\" \/>\n<meta name=\"twitter:label1\" content=\"Written by\" \/>\n\t<meta name=\"twitter:data1\" content=\"laganosportski\" \/>\n\t<meta name=\"twitter:label2\" content=\"Est. reading time\" \/>\n\t<meta name=\"twitter:data2\" content=\"6 minut\" \/>\n<script type=\"application\/ld+json\" class=\"yoast-schema-graph\">{\"@context\":\"https:\\\/\\\/schema.org\",\"@graph\":[{\"@type\":\"Article\",\"@id\":\"https:\\\/\\\/ptich.si\\\/sl\\\/nova-istra-ali-kako-se-dela-folk\\\/#article\",\"isPartOf\":{\"@id\":\"https:\\\/\\\/ptich.si\\\/sl\\\/nova-istra-ali-kako-se-dela-folk\\\/\"},\"author\":{\"name\":\"laganosportski\",\"@id\":\"https:\\\/\\\/ptich.si\\\/sl\\\/#\\\/schema\\\/person\\\/87f1654008fb02442dde62aa7c216b42\"},\"headline\":\"Nova Istra ali kako se dela folk?\",\"datePublished\":\"2020-06-13T07:35:23+00:00\",\"dateModified\":\"2020-10-22T18:00:17+00:00\",\"mainEntityOfPage\":{\"@id\":\"https:\\\/\\\/ptich.si\\\/sl\\\/nova-istra-ali-kako-se-dela-folk\\\/\"},\"wordCount\":1124,\"publisher\":{\"@id\":\"https:\\\/\\\/ptich.si\\\/sl\\\/#organization\"},\"image\":{\"@id\":\"https:\\\/\\\/ptich.si\\\/sl\\\/nova-istra-ali-kako-se-dela-folk\\\/#primaryimage\"},\"thumbnailUrl\":\"https:\\\/\\\/ptich.si\\\/wp-content\\\/uploads\\\/2020\\\/07\\\/Istranova-featured1-1024x640-1.jpg\",\"keywords\":[\"BLOG\",\"GLASBA\",\"GLASBENI IZLETI\",\"HRVA\u0160KA\",\"SLOVENIJA\"],\"articleSection\":[\"News-all\",\"News-sl\",\"Uncategorized @sl\"],\"inLanguage\":\"sl-SI\"},{\"@type\":\"WebPage\",\"@id\":\"https:\\\/\\\/ptich.si\\\/sl\\\/nova-istra-ali-kako-se-dela-folk\\\/\",\"url\":\"https:\\\/\\\/ptich.si\\\/sl\\\/nova-istra-ali-kako-se-dela-folk\\\/\",\"name\":\"Feministi\u010dna tura z mag. Jasmino Jerant tudi v za\u010detku julija\",\"isPartOf\":{\"@id\":\"https:\\\/\\\/ptich.si\\\/sl\\\/#website\"},\"primaryImageOfPage\":{\"@id\":\"https:\\\/\\\/ptich.si\\\/sl\\\/nova-istra-ali-kako-se-dela-folk\\\/#primaryimage\"},\"image\":{\"@id\":\"https:\\\/\\\/ptich.si\\\/sl\\\/nova-istra-ali-kako-se-dela-folk\\\/#primaryimage\"},\"thumbnailUrl\":\"https:\\\/\\\/ptich.si\\\/wp-content\\\/uploads\\\/2020\\\/07\\\/Istranova-featured1-1024x640-1.jpg\",\"datePublished\":\"2020-06-13T07:35:23+00:00\",\"dateModified\":\"2020-10-22T18:00:17+00:00\",\"description\":\"Zavod Urbana Vrana organizira znamenito feministi\u010dno turo po Ljubljani za staro in mlado, gosposko in damsko. Dobimo se na Gornjem trgu!\",\"breadcrumb\":{\"@id\":\"https:\\\/\\\/ptich.si\\\/sl\\\/nova-istra-ali-kako-se-dela-folk\\\/#breadcrumb\"},\"inLanguage\":\"sl-SI\",\"potentialAction\":[{\"@type\":\"ReadAction\",\"target\":[\"https:\\\/\\\/ptich.si\\\/sl\\\/nova-istra-ali-kako-se-dela-folk\\\/\"]}]},{\"@type\":\"ImageObject\",\"inLanguage\":\"sl-SI\",\"@id\":\"https:\\\/\\\/ptich.si\\\/sl\\\/nova-istra-ali-kako-se-dela-folk\\\/#primaryimage\",\"url\":\"https:\\\/\\\/ptich.si\\\/wp-content\\\/uploads\\\/2020\\\/07\\\/Istranova-featured1-1024x640-1.jpg\",\"contentUrl\":\"https:\\\/\\\/ptich.si\\\/wp-content\\\/uploads\\\/2020\\\/07\\\/Istranova-featured1-1024x640-1.jpg\",\"width\":960,\"height\":640},{\"@type\":\"BreadcrumbList\",\"@id\":\"https:\\\/\\\/ptich.si\\\/sl\\\/nova-istra-ali-kako-se-dela-folk\\\/#breadcrumb\",\"itemListElement\":[{\"@type\":\"ListItem\",\"position\":1,\"name\":\"Home\",\"item\":\"https:\\\/\\\/ptich.si\\\/sl\\\/\"},{\"@type\":\"ListItem\",\"position\":2,\"name\":\"Nova Istra ali kako se dela folk?\"}]},{\"@type\":\"WebSite\",\"@id\":\"https:\\\/\\\/ptich.si\\\/sl\\\/#website\",\"url\":\"https:\\\/\\\/ptich.si\\\/sl\\\/\",\"name\":\"Ptich\",\"description\":\"Glasbeni izleti & urbane ture | Ljubljana | Slovenija\",\"publisher\":{\"@id\":\"https:\\\/\\\/ptich.si\\\/sl\\\/#organization\"},\"potentialAction\":[{\"@type\":\"SearchAction\",\"target\":{\"@type\":\"EntryPoint\",\"urlTemplate\":\"https:\\\/\\\/ptich.si\\\/sl\\\/?s={search_term_string}\"},\"query-input\":{\"@type\":\"PropertyValueSpecification\",\"valueRequired\":true,\"valueName\":\"search_term_string\"}}],\"inLanguage\":\"sl-SI\"},{\"@type\":\"Organization\",\"@id\":\"https:\\\/\\\/ptich.si\\\/sl\\\/#organization\",\"name\":\"Ptich\",\"url\":\"https:\\\/\\\/ptich.si\\\/sl\\\/\",\"logo\":{\"@type\":\"ImageObject\",\"inLanguage\":\"sl-SI\",\"@id\":\"https:\\\/\\\/ptich.si\\\/sl\\\/#\\\/schema\\\/logo\\\/image\\\/\",\"url\":\"https:\\\/\\\/ptich.si\\\/wp-content\\\/uploads\\\/2020\\\/05\\\/ptich-logo-mali.png\",\"contentUrl\":\"https:\\\/\\\/ptich.si\\\/wp-content\\\/uploads\\\/2020\\\/05\\\/ptich-logo-mali.png\",\"width\":135,\"height\":40,\"caption\":\"Ptich\"},\"image\":{\"@id\":\"https:\\\/\\\/ptich.si\\\/sl\\\/#\\\/schema\\\/logo\\\/image\\\/\"},\"sameAs\":[\"https:\\\/\\\/www.facebook.com\\\/PtichSlovenia\\\/\"]},{\"@type\":\"Person\",\"@id\":\"https:\\\/\\\/ptich.si\\\/sl\\\/#\\\/schema\\\/person\\\/87f1654008fb02442dde62aa7c216b42\",\"name\":\"laganosportski\",\"image\":{\"@type\":\"ImageObject\",\"inLanguage\":\"sl-SI\",\"@id\":\"https:\\\/\\\/secure.gravatar.com\\\/avatar\\\/121c035730a9a139bd7a88b8fd9f2166d16a959771369011d043d6d01676ec61?s=96&d=mm&r=g\",\"url\":\"https:\\\/\\\/secure.gravatar.com\\\/avatar\\\/121c035730a9a139bd7a88b8fd9f2166d16a959771369011d043d6d01676ec61?s=96&d=mm&r=g\",\"contentUrl\":\"https:\\\/\\\/secure.gravatar.com\\\/avatar\\\/121c035730a9a139bd7a88b8fd9f2166d16a959771369011d043d6d01676ec61?s=96&d=mm&r=g\",\"caption\":\"laganosportski\"},\"url\":\"https:\\\/\\\/ptich.si\\\/sl\\\/author\\\/laganosportski\\\/\"}]}<\/script>\n<!-- \/ Yoast SEO plugin. -->","yoast_head_json":{"title":"Feministi\u010dna tura z mag. Jasmino Jerant tudi v za\u010detku julija","description":"Zavod Urbana Vrana organizira znamenito feministi\u010dno turo po Ljubljani za staro in mlado, gosposko in damsko. Dobimo se na Gornjem trgu!","robots":{"index":"index","follow":"follow","max-snippet":"max-snippet:-1","max-image-preview":"max-image-preview:large","max-video-preview":"max-video-preview:-1"},"canonical":"https:\/\/ptich.si\/sl\/nova-istra-ali-kako-se-dela-folk\/","og_locale":"sl_SI","og_type":"article","og_title":"Feministi\u010dna tura z mag. Jasmino Jerant tudi v za\u010detku julija","og_description":"Zavod Urbana Vrana organizira znamenito feministi\u010dno turo po Ljubljani za staro in mlado, gosposko in damsko. Dobimo se na Gornjem trgu!","og_url":"https:\/\/ptich.si\/sl\/nova-istra-ali-kako-se-dela-folk\/","og_site_name":"Ptich","article_publisher":"https:\/\/www.facebook.com\/PtichSlovenia\/","article_published_time":"2020-06-13T07:35:23+00:00","article_modified_time":"2020-10-22T18:00:17+00:00","og_image":[{"width":960,"height":640,"url":"https:\/\/ptich.si\/wp-content\/uploads\/2020\/07\/Istranova-featured1-1024x640-1.jpg","type":"image\/jpeg"}],"author":"laganosportski","twitter_card":"summary_large_image","twitter_misc":{"Written by":"laganosportski","Est. reading time":"6 minut"},"schema":{"@context":"https:\/\/schema.org","@graph":[{"@type":"Article","@id":"https:\/\/ptich.si\/sl\/nova-istra-ali-kako-se-dela-folk\/#article","isPartOf":{"@id":"https:\/\/ptich.si\/sl\/nova-istra-ali-kako-se-dela-folk\/"},"author":{"name":"laganosportski","@id":"https:\/\/ptich.si\/sl\/#\/schema\/person\/87f1654008fb02442dde62aa7c216b42"},"headline":"Nova Istra ali kako se dela folk?","datePublished":"2020-06-13T07:35:23+00:00","dateModified":"2020-10-22T18:00:17+00:00","mainEntityOfPage":{"@id":"https:\/\/ptich.si\/sl\/nova-istra-ali-kako-se-dela-folk\/"},"wordCount":1124,"publisher":{"@id":"https:\/\/ptich.si\/sl\/#organization"},"image":{"@id":"https:\/\/ptich.si\/sl\/nova-istra-ali-kako-se-dela-folk\/#primaryimage"},"thumbnailUrl":"https:\/\/ptich.si\/wp-content\/uploads\/2020\/07\/Istranova-featured1-1024x640-1.jpg","keywords":["BLOG","GLASBA","GLASBENI IZLETI","HRVA\u0160KA","SLOVENIJA"],"articleSection":["News-all","News-sl","Uncategorized @sl"],"inLanguage":"sl-SI"},{"@type":"WebPage","@id":"https:\/\/ptich.si\/sl\/nova-istra-ali-kako-se-dela-folk\/","url":"https:\/\/ptich.si\/sl\/nova-istra-ali-kako-se-dela-folk\/","name":"Feministi\u010dna tura z mag. Jasmino Jerant tudi v za\u010detku julija","isPartOf":{"@id":"https:\/\/ptich.si\/sl\/#website"},"primaryImageOfPage":{"@id":"https:\/\/ptich.si\/sl\/nova-istra-ali-kako-se-dela-folk\/#primaryimage"},"image":{"@id":"https:\/\/ptich.si\/sl\/nova-istra-ali-kako-se-dela-folk\/#primaryimage"},"thumbnailUrl":"https:\/\/ptich.si\/wp-content\/uploads\/2020\/07\/Istranova-featured1-1024x640-1.jpg","datePublished":"2020-06-13T07:35:23+00:00","dateModified":"2020-10-22T18:00:17+00:00","description":"Zavod Urbana Vrana organizira znamenito feministi\u010dno turo po Ljubljani za staro in mlado, gosposko in damsko. Dobimo se na Gornjem trgu!","breadcrumb":{"@id":"https:\/\/ptich.si\/sl\/nova-istra-ali-kako-se-dela-folk\/#breadcrumb"},"inLanguage":"sl-SI","potentialAction":[{"@type":"ReadAction","target":["https:\/\/ptich.si\/sl\/nova-istra-ali-kako-se-dela-folk\/"]}]},{"@type":"ImageObject","inLanguage":"sl-SI","@id":"https:\/\/ptich.si\/sl\/nova-istra-ali-kako-se-dela-folk\/#primaryimage","url":"https:\/\/ptich.si\/wp-content\/uploads\/2020\/07\/Istranova-featured1-1024x640-1.jpg","contentUrl":"https:\/\/ptich.si\/wp-content\/uploads\/2020\/07\/Istranova-featured1-1024x640-1.jpg","width":960,"height":640},{"@type":"BreadcrumbList","@id":"https:\/\/ptich.si\/sl\/nova-istra-ali-kako-se-dela-folk\/#breadcrumb","itemListElement":[{"@type":"ListItem","position":1,"name":"Home","item":"https:\/\/ptich.si\/sl\/"},{"@type":"ListItem","position":2,"name":"Nova Istra ali kako se dela folk?"}]},{"@type":"WebSite","@id":"https:\/\/ptich.si\/sl\/#website","url":"https:\/\/ptich.si\/sl\/","name":"Ptich","description":"Glasbeni izleti & urbane ture | Ljubljana | Slovenija","publisher":{"@id":"https:\/\/ptich.si\/sl\/#organization"},"potentialAction":[{"@type":"SearchAction","target":{"@type":"EntryPoint","urlTemplate":"https:\/\/ptich.si\/sl\/?s={search_term_string}"},"query-input":{"@type":"PropertyValueSpecification","valueRequired":true,"valueName":"search_term_string"}}],"inLanguage":"sl-SI"},{"@type":"Organization","@id":"https:\/\/ptich.si\/sl\/#organization","name":"Ptich","url":"https:\/\/ptich.si\/sl\/","logo":{"@type":"ImageObject","inLanguage":"sl-SI","@id":"https:\/\/ptich.si\/sl\/#\/schema\/logo\/image\/","url":"https:\/\/ptich.si\/wp-content\/uploads\/2020\/05\/ptich-logo-mali.png","contentUrl":"https:\/\/ptich.si\/wp-content\/uploads\/2020\/05\/ptich-logo-mali.png","width":135,"height":40,"caption":"Ptich"},"image":{"@id":"https:\/\/ptich.si\/sl\/#\/schema\/logo\/image\/"},"sameAs":["https:\/\/www.facebook.com\/PtichSlovenia\/"]},{"@type":"Person","@id":"https:\/\/ptich.si\/sl\/#\/schema\/person\/87f1654008fb02442dde62aa7c216b42","name":"laganosportski","image":{"@type":"ImageObject","inLanguage":"sl-SI","@id":"https:\/\/secure.gravatar.com\/avatar\/121c035730a9a139bd7a88b8fd9f2166d16a959771369011d043d6d01676ec61?s=96&d=mm&r=g","url":"https:\/\/secure.gravatar.com\/avatar\/121c035730a9a139bd7a88b8fd9f2166d16a959771369011d043d6d01676ec61?s=96&d=mm&r=g","contentUrl":"https:\/\/secure.gravatar.com\/avatar\/121c035730a9a139bd7a88b8fd9f2166d16a959771369011d043d6d01676ec61?s=96&d=mm&r=g","caption":"laganosportski"},"url":"https:\/\/ptich.si\/sl\/author\/laganosportski\/"}]}},"jetpack_featured_media_url":"https:\/\/ptich.si\/wp-content\/uploads\/2020\/07\/Istranova-featured1-1024x640-1.jpg","_links":{"self":[{"href":"https:\/\/ptich.si\/sl\/wp-json\/wp\/v2\/posts\/10771","targetHints":{"allow":["GET"]}}],"collection":[{"href":"https:\/\/ptich.si\/sl\/wp-json\/wp\/v2\/posts"}],"about":[{"href":"https:\/\/ptich.si\/sl\/wp-json\/wp\/v2\/types\/post"}],"author":[{"embeddable":true,"href":"https:\/\/ptich.si\/sl\/wp-json\/wp\/v2\/users\/3"}],"replies":[{"embeddable":true,"href":"https:\/\/ptich.si\/sl\/wp-json\/wp\/v2\/comments?post=10771"}],"version-history":[{"count":4,"href":"https:\/\/ptich.si\/sl\/wp-json\/wp\/v2\/posts\/10771\/revisions"}],"predecessor-version":[{"id":11764,"href":"https:\/\/ptich.si\/sl\/wp-json\/wp\/v2\/posts\/10771\/revisions\/11764"}],"wp:featuredmedia":[{"embeddable":true,"href":"https:\/\/ptich.si\/sl\/wp-json\/wp\/v2\/media\/10782"}],"wp:attachment":[{"href":"https:\/\/ptich.si\/sl\/wp-json\/wp\/v2\/media?parent=10771"}],"wp:term":[{"taxonomy":"category","embeddable":true,"href":"https:\/\/ptich.si\/sl\/wp-json\/wp\/v2\/categories?post=10771"},{"taxonomy":"post_tag","embeddable":true,"href":"https:\/\/ptich.si\/sl\/wp-json\/wp\/v2\/tags?post=10771"}],"curies":[{"name":"wp","href":"https:\/\/api.w.org\/{rel}","templated":true}]}}