{"id":10813,"date":"2020-06-14T06:58:05","date_gmt":"2020-06-14T06:58:05","guid":{"rendered":"https:\/\/ptich.si\/?p=10813"},"modified":"2020-10-22T17:59:28","modified_gmt":"2020-10-22T17:59:28","slug":"oda-cerkljanski-regiji-svet-modrih-in-zelenih-nebes","status":"publish","type":"post","link":"https:\/\/ptich.si\/sl\/oda-cerkljanski-regiji-svet-modrih-in-zelenih-nebes\/","title":{"rendered":"Ta svet je iz modrih, zelenih nebes in vseh odtenkov vmes: oda Poso\u010dju"},"content":{"rendered":"<div class=\"entry-content\">\n<div id=\"pl-2424\" class=\"panel-layout\">\n<div id=\"pg-2424-5\" class=\"panel-grid panel-no-style\">\n<div id=\"pgc-2424-5-0\" class=\"panel-grid-cell\">\n<div id=\"panel-2424-5-0-0\" class=\"so-panel widget widget_sow-editor panel-first-child panel-last-child\" data-index=\"8\">\n<div class=\"so-widget-sow-editor so-widget-sow-editor-base\">\n<div class=\"siteorigin-widget-tinymce textwidget\">\n<div id=\"main\" class=\"site-main\">\n<div class=\"full-container\">\n<div id=\"primary\" class=\"content-area\">\n<div id=\"content\" class=\"site-content\" role=\"main\">\n<article id=\"post-2411\" class=\"post post-2411 type-post status-publish format-standard has-post-thumbnail hentry category-uncategorized-sl\">\n<div class=\"entry-main\">\n<div class=\"entry-content\">\n<div id=\"pl-2411\" class=\"panel-layout\">\n<div id=\"pg-2411-1\" class=\"panel-grid panel-no-style\">\n<div id=\"pgc-2411-1-0\" class=\"panel-grid-cell\">\n<div id=\"panel-2411-1-0-0\" class=\"so-panel widget widget_sow-editor panel-first-child panel-last-child\" data-index=\"2\">\n<div class=\"so-widget-sow-editor so-widget-sow-editor-base\">\n<div class=\"siteorigin-widget-tinymce textwidget\">\n<div class=\"full-container\">\n<div id=\"primary\" class=\"content-area\">\n<div id=\"content\" class=\"site-content\" role=\"main\">\n<article id=\"post-2411\" class=\"post post-2411 type-post status-publish format-standard has-post-thumbnail hentry category-uncategorized-sl\">\n<div class=\"entry-main\">\n<div class=\"entry-content\">\n<div id=\"pl-2411\" class=\"panel-layout\">\n<div id=\"pg-2411-1\" class=\"panel-grid panel-no-style\">\n<div id=\"pgc-2411-1-0\" class=\"panel-grid-cell\">\n<div id=\"panel-2411-1-0-0\" class=\"so-panel widget widget_sow-editor panel-first-child panel-last-child\" data-index=\"2\">\n<div class=\"so-widget-sow-editor so-widget-sow-editor-base\">\n<p>Ko se peljem po serpentinastih cestah med Ljubljano in severno Primorsko, vedno opazim, kako vseprisotna je zelena barva. Pa modra tudi. Vsi odtenki zelene in modre. Lorci bi bilo v\u0161e\u010d. Ni\u010d drugega ni videti kot \u00bbverde te quiero verde\u00ab \u2013 zeleni gozdovi, zeleni travniki, zeleni pa\u0161niki, zelena drevesa, zelena trava. Kaj pravite, da se ni\u010d ne more primerjati z irsko zeleno? Ne bi rekla.<\/p>\n<p>Namesto enakomernega, neprekinjenega de\u017eja z Atlantika, ki namaka zemeljsko platno, so subtilne in divje nianse te posebne zelene nastale zaradi mo\u010dnih nalivov, neviht, ploh, \u017ego\u010dega sonca, sne\u017ene odeje, nepri\u010dakovanih obdobij su\u0161e ali izobilja padavin. Ta zelena ima trpe\u017een zna\u010daj, tako kot protagonisti pesmi, ki jih v lokalnem poljanskem nare\u010dju pi\u0161e Janez Ramove\u0161, glasbo pa jim dodajo njegova \u017eena Ur\u0161ula Ramove\u0161 in Fantje z Jazbecove grape. \u010ce se skozi Poljansko dolino \u010dez \u0160kofjo Loko peljete proti Cerknem ali Tolminu, je precej verjetno, da boste koga od njih uzrli med delom na polju, ob cesti ali pa \u2013 najverjetneje \u2013 v lokalni gostilni.<\/p>\n<p><iframe loading=\"lazy\" src=\"https:\/\/www.youtube.com\/embed\/qKi441Hs_I0\" width=\"560\" height=\"315\" frameborder=\"0\" allowfullscreen=\"allowfullscreen\"><\/iframe><\/p>\n<\/div>\n<\/div>\n<\/div>\n<\/div>\n<\/div>\n<\/div>\n<\/div>\n<\/article>\n<\/div>\n<\/div>\n<\/div>\n<div class=\"full-container\">\n<div id=\"primary\" class=\"content-area\">\n<div id=\"content\" class=\"site-content\" role=\"main\">\n<article id=\"post-2411\" class=\"post post-2411 type-post status-publish format-standard has-post-thumbnail hentry category-uncategorized-sl\">\n<div class=\"entry-main\">\n<div class=\"entry-content\">\n<div id=\"pl-2411\" class=\"panel-layout\">\n<div id=\"pg-2411-1\" class=\"panel-grid panel-no-style\">\n<div id=\"pgc-2411-1-0\" class=\"panel-grid-cell\">\n<div id=\"panel-2411-1-0-0\" class=\"so-panel widget widget_sow-editor panel-first-child panel-last-child\" data-index=\"2\">\n<div class=\"full-container\">\n<div id=\"primary\" class=\"content-area\">\n<div id=\"content\" class=\"site-content\" role=\"main\">\n<article id=\"post-2411\" class=\"post post-2411 type-post status-publish format-standard has-post-thumbnail hentry category-uncategorized-sl\">\n<div class=\"entry-main\">\n<div class=\"entry-content\">\n<div id=\"pl-2411\" class=\"panel-layout\">\n<div id=\"pg-2411-1\" class=\"panel-grid panel-no-style\">\n<div id=\"pgc-2411-1-0\" class=\"panel-grid-cell\">\n<p>In tu je \u0161e modra. Nebo in vodne \u017eile v nebe\u0161ko modrih, kobaltnih, sinjih, zelenomodrih, safirnih, cianovih in turkiznih odtenkih. Turkizna je reka So\u010da, ki se kot nekak\u0161na bajeslovna zelenomodra ka\u010da vije \u010dez divjo, gozdnato in kamnito krajino severne Primorske. So\u010da ni le dom raznolike lokalne flore in favne, z odprtimi rokami sprejema tudi ljubitelje narave, ribi\u010de, navdu\u0161ence nad vodnimi \u0161porti in obiskovalce glasbenih festivalov z vsega sveta.<\/p>\n<p>Soto\u010dje blizu Tolmina, kjer se sre\u010data turkizna modrina So\u010de in safirna modrina Tolminke, je zadnji dve desetletji prizori\u0161\u010de mnogih glasbenih festivalov. Prva med njimi je bila Sajeta, umetni\u0161ki in kreativni tabor, ki so ga lokalci prvi\u010d priredili pred 21 leti. Kasneje se je pojavila cela vrsta raznolikih \u017eanrskih festivalov, med njimi so se vsako leto za\u010deli odvijati tudi tisti, ki privabijo najve\u010d ljudi, na primer MetalDays in Punk Rock Holidays. Nekateri, ki so med to vseprisotno modrino in \u201czelenino\u201d vzklili in cveteli, so tudi \u017ee oveneli.<\/p>\n<p><img loading=\"lazy\" decoding=\"async\" class=\"alignnone wp-image-10820 size-full\" src=\"https:\/\/ptich.si\/wp-content\/uploads\/2020\/07\/So\u010da-Most-na-So\u010di-by-K.-Juvancic.jpg\" alt=\"\" width=\"960\" height=\"718\" srcset=\"https:\/\/ptich.si\/wp-content\/uploads\/2020\/07\/So\u010da-Most-na-So\u010di-by-K.-Juvancic.jpg 960w, https:\/\/ptich.si\/wp-content\/uploads\/2020\/07\/So\u010da-Most-na-So\u010di-by-K.-Juvancic-300x224.jpg 300w, https:\/\/ptich.si\/wp-content\/uploads\/2020\/07\/So\u010da-Most-na-So\u010di-by-K.-Juvancic-768x574.jpg 768w\" sizes=\"auto, (max-width: 960px) 100vw, 960px\" \/><\/p>\n<p>So\u010do so ovekove\u010dili in \u010dastili tudi pesniki. Duhovnik in pesnik Simon Gregor\u010di\u010d, ki je \u017eivel v 19. stoletju, je napisal odo turkizni reki, \u00bbkrasni, bistri h\u010deri planin\u00ab, katere barva je \u00bbtemna zelen planinskih trav in vedra vi\u0161njevost vi\u0161av\u00ab. Pa vendar se v njegovi So\u010di znajde tudi slutnja rde\u010de: \u00bbKrog tebe pa svin\u010dena to\u010da in de\u017e krvav in solz potok \u2026 in ti mi bo\u0161 krvava tekla\u00ab. Pesem je bila napisana ve\u010d kot tri desetletja pred prvo svetovno vojno, ki je to pokrajino za vedno spremenila, saj so bitke na So\u010di med avstro-ogrsko in italijansko vojsko, ki so trajale dve leti in pol, terjale ve\u010d kot milijon \u017eivljenj.<\/p>\n<p>Rde\u010da je bila povezana tudi z odporni\u0161kimi gibanji, ki so nastala, ko so voja\u0161ke oblasti italijanskega fa\u0161isti\u010dnega re\u017eima pred in med drugo svetovno vojno okupirale to obmo\u010dje. Po italijanski kapitulaciji proti koncu poletja leta 1943 je Cerkno postalo eno od sredi\u0161\u010d osvobojenega ozemlja, saj so se tam nahajale sile narodnoosvobodilnega boja in zavezni\u0161ke voja\u0161ke misije. Blizu, natan\u010dneje v soteski Pasice, v varnem zavetju modre in zelene bli\u017enjih gozdov in rek, je bila tudi skrivna partizanska bolni\u0161nica Franja.<\/p>\n<p>Cerkno, ki je vgnezdeno med hribe in gore, je med povojnim jugoslovanskim navdu\u0161enjem nad industrializacijo zraslo in se raz\u0161irilo. Najve\u010dja cerkljanska tovarna ETA, ki \u0161e vedno obratuje, je nastala iz medvojne partizanske delavnice. Na za\u010detku je bila preprosta livarna, potem pa se je postopoma razvila v eno od najve\u010djih proizvajalk kuhalnih plo\u0161\u010d na svetu. Ustanovljena je bila leta 1947, kar pomeni, da je verjetno ena najstarej\u0161ih \u0161e obratujo\u010dih tovarn v Sloveniji. Vrsto desetletij je vplivala na vsa podro\u010dja \u017eivljenja velike ve\u010dine lokalnega prebivalstva. Kantavtor Iztok Mlakar, ki ima po o\u010detu korenine v Cerknem, je eno od stavk delavcev v livarni ovekove\u010dil na svoji prvi plo\u0161\u010di <em>\u0160torije in baldorije<\/em> (1992), in sicer v dobro poznani in priljubljeni pesmi <em>Pubi, usidma se<\/em>.<\/p>\n<p><iframe loading=\"lazy\" src=\"https:\/\/www.youtube.com\/embed\/RhAW-khYhGM\" width=\"560\" height=\"315\" frameborder=\"0\" allowfullscreen=\"allowfullscreen\"><\/iframe><br \/>\nSosednja Idrija je lahko ponosna na svoj rudnik \u017eivega srebra (katerega zgodovina sega v srednji vek, dokon\u010dno pa se je zaprl leta 1995) in punkovsko dedi\u0161\u010dino, vendar pa sta se prav v cerkljanski tovarni ETA prekri\u017eali poti dveh mladih zaposlenih \u2013 pokojnega Bo\u0161tjana Cveka in Sergeja Koncuta. Njuno prijateljstvo, zasnovano na nepote\u0161ljivem apetitu po dobrem rokenrolu in kasneje tudi po dobrem jazzu kot na\u010dinu \u017eivljenja in ne le preprostem hobiju; na odlo\u010dnosti, vztrajnosti in viziji, je razlog za nastanek enega najopaznej\u0161ih in najbolj priljubljenih jazzovskih festivalov v teh koncih, festivala Jazz Cerkno, ki se je prvi\u010d zgodil leta 1996.<\/p>\n<p>Na festivalu pogosto nastopajo najbolj\u0161i svetovni jazzovski glasbeniki, pa tudi lokalni talenti, zaradi \u010desar je dogodek med ljubitelji jazza zelo priljubljen. Obiskovalci in nastopajo\u010di pa z vseh koncev ne prihajajo le zaradi glasbe. U\u017eivajo v zelenih in modrih odtenkih okolice, v gostoljubju organizatorjev festivala in drugih lokalcev, ki ga z veseljem razdajajo vsako leto, ter v ob\u010dutkih povezanosti in zabave. Tako obiskovalci kot lokalci bi vam lahko povedali mnogo zanimivih zgodb. Jaz bom svoje obdr\u017eala kar zase, \u010dlovek namre\u010d mora imeti tudi kak\u0161no skrivnost.<\/p>\n<p>V drugi polovici devetdesetih je sile zdru\u017eila tudi cerkljanska mladina, sicer precej oddaljena od umetni\u0161kega vrve\u017ea ve\u010djih mest. Ustanovila je Cerkljanski mladinski alternativni klub (C.M.A.K.) ter v Cerkno pripeljala koncerte in druge kulturne dogodke, povezane s filozofijo gibanja naredi-sam in prostovoljstvom. Ena od najnovej\u0161ih pridobitev C.M.A.K.-ovega (danes dislociranega) programa je festival Deuje babe, ki je bil leta 2013 ustanovljen z namenom obele\u017eitve mednarodnega dneva \u017eena, predstavitve \u017eenskega udejstvovanja v umetnosti in kulturi, osve\u0161\u010danja o spolni enakopravnosti ter spodbujanja feministi\u010dnega diskurza.<\/p>\n<p>Festival je bil poimenovan po lokalnem arheolo\u0161kem najdi\u0161\u010du, jami Divje babe, kjer je bilo sredi devetdesetih odkrito najstarej\u0161e glasbilo na svetu, neandertalska ko\u0161\u010dena pi\u0161\u010dal, med odtenki zelene in modre, kakopak, v temi geolo\u0161kega \u010dasa. \u010casa, ki je od antropocena tako oddaljen, da se razkrije le, ko (se) zakopljemo globoko v svojo zelo naslojeno preteklost.<\/p>\n<p>Matija Turk, arheolog, ki je sodeloval pri izkopavanjih, med katerimi so na\u0161li to med 50.000 in 60.000 leti staro glasbilo, je zapisal: \u00bbPrisili nas, homo sapiense, ki se imamo za krono vsega stvarstva, da stopimo korak nazaj in tudi drugim prepustimo tisto, kar smo pripisovali le sebi.\u00ab<\/p>\n<p><iframe loading=\"lazy\" src=\"https:\/\/www.youtube.com\/embed\/kUaqld53CoA\" width=\"560\" height=\"315\" frameborder=\"0\" allowfullscreen=\"allowfullscreen\"><\/iframe><br \/>\nPodobne misli bi lahko uporabili za drugo vrsto \u00bbDrugega\u00ab iz tega okoli\u0161a. V svoji razgibani topografiji dolina So\u010de skriva mnogo jam, grap, pe\u010din, votlin ter luknjic in odprtin, kjer naj bi \u017eivele bajeslovne divje \u017eenske, dekleta oziroma babe. Imele naj bi magi\u010dno sposobnost, da ljudem pomagajo ali \u0161kodujejo, odvisno od tega, kako ljudje z njimi ravnajo v zameno za pomo\u010d pri delu na polju in doma\u010dih opravilih. \u010ceprav so bile neukrotljive (ob pomanjkanju pravi\u010dnih povra\u010dil pa pogosto tudi ma\u0161\u010devalne), so te \u00bbbajeslovne pomo\u010dnice\u00ab blestele v kuhanju, peki, dojenju, uspavanju otrok, sajenju, \u017eetju, oranju, tkanju in \u0161e marsi\u010dem.<\/p>\n<p>Na tem obmo\u010dju je koli\u010dina zemljepisnih imen in ljudskih zgodb, povezanih z \u017eenskami, ki imajo nadnaravne mo\u010di, presenetljivo velika, tega fenomena pa nih\u010de ne zna prav dobro razlo\u017eiti. Morda gre, tako kot pi\u0161e v mnogih ljudskih pripovedkah, za odraz specifi\u010dnih dru\u017ebenih, verskih, gospodarskih in spolnih struktur in navad ali pa na\u010dinov \u017eivljenja iz daljne preteklosti, v kateri so imele \u017eenske druga\u010den status kot kasneje v kr\u0161\u010danstvu.<\/p>\n<p><img loading=\"lazy\" decoding=\"async\" class=\"alignnone wp-image-10854 size-full\" src=\"https:\/\/ptich.si\/wp-content\/uploads\/2020\/07\/Divje-babe-sun-ray-1-foto-KJ-3x2-1.jpg\" alt=\"\" width=\"706\" height=\"471\" srcset=\"https:\/\/ptich.si\/wp-content\/uploads\/2020\/07\/Divje-babe-sun-ray-1-foto-KJ-3x2-1.jpg 706w, https:\/\/ptich.si\/wp-content\/uploads\/2020\/07\/Divje-babe-sun-ray-1-foto-KJ-3x2-1-300x200.jpg 300w\" sizes=\"auto, (max-width: 706px) 100vw, 706px\" \/><\/p>\n<p>Konec koncev je to obmo\u010dje naseljeno \u017ee od paleolitika, kasneje pa je bilo pogosto neke vrste \u017eivahno sti\u010di\u0161\u010de, ne le v geografskem in podnebnem smislu, temve\u010d tudi zaradi vplivov v<span style=\"text-decoration: line-through;\">seh<\/span> najrazli\u010dnej\u0161ih ljudstev, ki so se na tem obmo\u010dju naselila ali pa skozenj potovala \u2013 od Keltov in drugih ljudstev iz \u017eelezne dobe do Rimljanov, Slovanov in tako dalje. Mogo\u010de so take legende nastale zaradi strahu pred sposobnostmi teh \u017eensk? Ali pa je bilo vse skupaj povezano s staroverskim verovanjem v naravo in njene (zelene in modre) sestavne dele, ki je bilo za mnoge generacije nekaterih majhnih dru\u017einskih klanov in posameznikov skrivna religija vse do sredine dvajsetega stoletja?<\/p>\n<p>Morda ne bomo nikoli odkrili pravega razloga. In morda s tem ni ni\u010d narobe. Konec koncev je \u010dlove\u0161ka domi\u0161ljija imeniten pripomo\u010dek za ustvarjanje novih zgodb, pesmi in glasbe o oprijemljivih lastnostnih neznanega.<\/p>\n<p>Tole sem napisala, ko sem se sprehodila do jame Divje babe \u2013 do tiste, ki je vedno odprta za obiskovalce. Trudim se jo obiskati \u010dim bolj pogosto, pot do nje pa me vodi mimo cerkve Janeza Krstnika na vrhu pe\u010dine in starodavne bukve, ki zraven nje stoji kot utrujen velikan.<\/p>\n<p>\u00bbJama Divje babe je pre\u010dudovit kraj. Nocoj je ne\u017ena ve\u010derna svetloba segala dale\u010d od vhoda in bo\u017eala stalaktite, stalagmite, \u0161krlatne li\u0161aje in vse druge stvari, ki se ponavadi skrivajo v temi. Son\u010dni \u017earki so se igrali med skalami in \u010darali raznovrstne opti\u010dne iluzije, kot da bi bili v veli\u010dastni gledali\u0161ki predstavi. Stala sem tam, o\u010darana, in dihala v globo\u010dine \u2026 potem pa zapela v globo\u010dine \u010dasa.\u00ab<\/p>\n<p>Jani Kutin, sirar in pesmopisec iz gorske vasice \u010cadrg nad Tolminom, ki je s svojim lokalnim okoljem kot \u010dlovek, kmet in umetnik mo\u010dno povezan, je o svojem rodnem kraju napisal mnogo pesmi. Ena od njih, ki jo je posnel s svojo novo zasedbo Bakalina Velika, vsebuje naslednje verze: \u00bbTa na\u0161 svet, ta \u010dude\u017een svet, odpira mi duri in vsaki\u010d poka\u017ee mi kak\u0161en nov cvet, da malo postanem in si odpo\u010dijem.\u00ab Po\u010ditek med lokalnimi odtenki modre in zelene zaziba v res posebno stanje. Ali pa postajanje.<\/p>\n<p><iframe loading=\"lazy\" src=\"https:\/\/www.youtube.com\/embed\/6Tj41DMBEqI\" width=\"560\" height=\"315\" frameborder=\"0\" allowfullscreen=\"allowfullscreen\"><\/iframe><br \/>\nRedki, zelo redki so kraji na tem svetu, ki pustijo globinam, vi\u0161inam, zavedanju, pozabi, zmagi in propadu mitologije podzemlja in nadzemlja zadihati tako globoko, elegantno in skrivnostno kot ti kraji.<\/p>\n<p>Kraji, kjer se sre\u010dujejo vse vrste zgodovin in se sporazumevajo s pomo\u010djo divje in polne narave ter prav tak\u0161nih ljudi. Povezave so brezmejne, vidi in za\u010duti se jih na vsakem koraku. K pogovoru vabijo vsakogar, ki te kraje obi\u0161\u010de. Na\u0161a dol\u017enost je, da se do njih spo\u0161tljivo vedemo. In da prisluhnemo svetu, ki je narejen iz modrih in zelenih nebes ter vseh odtenkov vmes.<\/p>\n<p>&nbsp;<\/p>\n<p>Besedilo in fotografije: Katarina Juvan\u010di\u010d<\/p>\n<\/div>\n<p>Prevod: Jaka Bulc<\/p>\n<div id=\"pgc-2411-1-0\" class=\"panel-grid-cell\">\n<div class=\"wp-menu-arrow\">\n<div><\/div>\n<\/div>\n<\/div>\n<p>&nbsp;<\/p>\n<\/div>\n<\/div>\n<\/div>\n<\/div>\n<\/article>\n<\/div>\n<\/div>\n<\/div>\n<\/div>\n<\/div>\n<\/div>\n<\/div>\n<\/div>\n<\/div>\n<\/article>\n<\/div>\n<\/div>\n<\/div>\n<\/div>\n<\/div>\n<\/div>\n<\/div>\n<\/div>\n<\/div>\n<\/div>\n<\/div>\n<\/article>\n<\/div>\n<\/div>\n<\/div>\n<\/div>\n<\/div>\n<\/div>\n<\/div>\n<\/div>\n<\/div>\n<\/div>\n<\/div>\n","protected":false},"excerpt":{"rendered":"<p>Ko se peljem po serpentinastih cestah med Ljubljano in severno Primorsko, vedno opazim, kako vseprisotna je zelena barva. Pa modra tudi. Vsi odtenki zelene in modre. Lorci bi bilo v\u0161e\u010d. Ni\u010d drugega ni videti kot \u00bbverde te quiero verde\u00ab \u2013 zeleni gozdovi, zeleni travniki, zeleni pa\u0161niki, zelena drevesa, zelena trava. Kaj pravite, da se ni\u010d [&hellip;]<\/p>\n","protected":false},"author":3,"featured_media":10923,"comment_status":"closed","ping_status":"open","sticky":false,"template":"","format":"standard","meta":{"_monsterinsights_skip_tracking":false,"_monsterinsights_sitenote_active":false,"_monsterinsights_sitenote_note":"","_monsterinsights_sitenote_category":0,"footnotes":""},"categories":[73,61,54],"tags":[93,84,99,105],"class_list":["post-10813","post","type-post","status-publish","format-standard","has-post-thumbnail","hentry","category-news-all","category-news-sl","category-uncategorized-sl","tag-blog","tag-glasba","tag-glasbeni-izleti","tag-slovenija"],"yoast_head":"<!-- This site is optimized with the Yoast SEO plugin v27.4 - https:\/\/yoast.com\/product\/yoast-seo-wordpress\/ -->\n<title>Feministi\u010dna tura z mag. Jasmino Jerant tudi v za\u010detku julija<\/title>\n<meta name=\"description\" content=\"Zavod Urbana Vrana organizira znamenito feministi\u010dno turo po Ljubljani za staro in mlado, gosposko in damsko. Dobimo se na Gornjem trgu!\" \/>\n<meta name=\"robots\" content=\"index, follow, max-snippet:-1, max-image-preview:large, max-video-preview:-1\" \/>\n<link rel=\"canonical\" href=\"https:\/\/ptich.si\/sl\/oda-cerkljanski-regiji-svet-modrih-in-zelenih-nebes\/\" \/>\n<meta property=\"og:locale\" content=\"sl_SI\" \/>\n<meta property=\"og:type\" content=\"article\" \/>\n<meta property=\"og:title\" content=\"Feministi\u010dna tura z mag. Jasmino Jerant tudi v za\u010detku julija\" \/>\n<meta property=\"og:description\" content=\"Zavod Urbana Vrana organizira znamenito feministi\u010dno turo po Ljubljani za staro in mlado, gosposko in damsko. Dobimo se na Gornjem trgu!\" \/>\n<meta property=\"og:url\" content=\"https:\/\/ptich.si\/sl\/oda-cerkljanski-regiji-svet-modrih-in-zelenih-nebes\/\" \/>\n<meta property=\"og:site_name\" content=\"Ptich\" \/>\n<meta property=\"article:publisher\" content=\"https:\/\/www.facebook.com\/PtichSlovenia\/\" \/>\n<meta property=\"article:published_time\" content=\"2020-06-14T06:58:05+00:00\" \/>\n<meta property=\"article:modified_time\" content=\"2020-10-22T17:59:28+00:00\" \/>\n<meta property=\"og:image\" content=\"https:\/\/ptich.si\/wp-content\/uploads\/2020\/07\/Blue-Green-1200x800-1.jpg\" \/>\n\t<meta property=\"og:image:width\" content=\"1200\" \/>\n\t<meta property=\"og:image:height\" content=\"800\" \/>\n\t<meta property=\"og:image:type\" content=\"image\/jpeg\" \/>\n<meta name=\"author\" content=\"laganosportski\" \/>\n<meta name=\"twitter:card\" content=\"summary_large_image\" \/>\n<meta name=\"twitter:label1\" content=\"Written by\" \/>\n\t<meta name=\"twitter:data1\" content=\"laganosportski\" \/>\n\t<meta name=\"twitter:label2\" content=\"Est. reading time\" \/>\n\t<meta name=\"twitter:data2\" content=\"9 minut\" \/>\n<script type=\"application\/ld+json\" class=\"yoast-schema-graph\">{\"@context\":\"https:\\\/\\\/schema.org\",\"@graph\":[{\"@type\":\"Article\",\"@id\":\"https:\\\/\\\/ptich.si\\\/sl\\\/oda-cerkljanski-regiji-svet-modrih-in-zelenih-nebes\\\/#article\",\"isPartOf\":{\"@id\":\"https:\\\/\\\/ptich.si\\\/sl\\\/oda-cerkljanski-regiji-svet-modrih-in-zelenih-nebes\\\/\"},\"author\":{\"name\":\"laganosportski\",\"@id\":\"https:\\\/\\\/ptich.si\\\/sl\\\/#\\\/schema\\\/person\\\/87f1654008fb02442dde62aa7c216b42\"},\"headline\":\"Ta svet je iz modrih, zelenih nebes in vseh odtenkov vmes: oda Poso\u010dju\",\"datePublished\":\"2020-06-14T06:58:05+00:00\",\"dateModified\":\"2020-10-22T17:59:28+00:00\",\"mainEntityOfPage\":{\"@id\":\"https:\\\/\\\/ptich.si\\\/sl\\\/oda-cerkljanski-regiji-svet-modrih-in-zelenih-nebes\\\/\"},\"wordCount\":1748,\"publisher\":{\"@id\":\"https:\\\/\\\/ptich.si\\\/sl\\\/#organization\"},\"image\":{\"@id\":\"https:\\\/\\\/ptich.si\\\/sl\\\/oda-cerkljanski-regiji-svet-modrih-in-zelenih-nebes\\\/#primaryimage\"},\"thumbnailUrl\":\"https:\\\/\\\/ptich.si\\\/wp-content\\\/uploads\\\/2020\\\/07\\\/Blue-Green-1200x800-1.jpg\",\"keywords\":[\"BLOG\",\"GLASBA\",\"GLASBENI IZLETI\",\"SLOVENIJA\"],\"articleSection\":[\"News-all\",\"News-sl\",\"Uncategorized @sl\"],\"inLanguage\":\"sl-SI\"},{\"@type\":\"WebPage\",\"@id\":\"https:\\\/\\\/ptich.si\\\/sl\\\/oda-cerkljanski-regiji-svet-modrih-in-zelenih-nebes\\\/\",\"url\":\"https:\\\/\\\/ptich.si\\\/sl\\\/oda-cerkljanski-regiji-svet-modrih-in-zelenih-nebes\\\/\",\"name\":\"Feministi\u010dna tura z mag. Jasmino Jerant tudi v za\u010detku julija\",\"isPartOf\":{\"@id\":\"https:\\\/\\\/ptich.si\\\/sl\\\/#website\"},\"primaryImageOfPage\":{\"@id\":\"https:\\\/\\\/ptich.si\\\/sl\\\/oda-cerkljanski-regiji-svet-modrih-in-zelenih-nebes\\\/#primaryimage\"},\"image\":{\"@id\":\"https:\\\/\\\/ptich.si\\\/sl\\\/oda-cerkljanski-regiji-svet-modrih-in-zelenih-nebes\\\/#primaryimage\"},\"thumbnailUrl\":\"https:\\\/\\\/ptich.si\\\/wp-content\\\/uploads\\\/2020\\\/07\\\/Blue-Green-1200x800-1.jpg\",\"datePublished\":\"2020-06-14T06:58:05+00:00\",\"dateModified\":\"2020-10-22T17:59:28+00:00\",\"description\":\"Zavod Urbana Vrana organizira znamenito feministi\u010dno turo po Ljubljani za staro in mlado, gosposko in damsko. Dobimo se na Gornjem trgu!\",\"breadcrumb\":{\"@id\":\"https:\\\/\\\/ptich.si\\\/sl\\\/oda-cerkljanski-regiji-svet-modrih-in-zelenih-nebes\\\/#breadcrumb\"},\"inLanguage\":\"sl-SI\",\"potentialAction\":[{\"@type\":\"ReadAction\",\"target\":[\"https:\\\/\\\/ptich.si\\\/sl\\\/oda-cerkljanski-regiji-svet-modrih-in-zelenih-nebes\\\/\"]}]},{\"@type\":\"ImageObject\",\"inLanguage\":\"sl-SI\",\"@id\":\"https:\\\/\\\/ptich.si\\\/sl\\\/oda-cerkljanski-regiji-svet-modrih-in-zelenih-nebes\\\/#primaryimage\",\"url\":\"https:\\\/\\\/ptich.si\\\/wp-content\\\/uploads\\\/2020\\\/07\\\/Blue-Green-1200x800-1.jpg\",\"contentUrl\":\"https:\\\/\\\/ptich.si\\\/wp-content\\\/uploads\\\/2020\\\/07\\\/Blue-Green-1200x800-1.jpg\",\"width\":1200,\"height\":800},{\"@type\":\"BreadcrumbList\",\"@id\":\"https:\\\/\\\/ptich.si\\\/sl\\\/oda-cerkljanski-regiji-svet-modrih-in-zelenih-nebes\\\/#breadcrumb\",\"itemListElement\":[{\"@type\":\"ListItem\",\"position\":1,\"name\":\"Home\",\"item\":\"https:\\\/\\\/ptich.si\\\/sl\\\/\"},{\"@type\":\"ListItem\",\"position\":2,\"name\":\"Ta svet je iz modrih, zelenih nebes in vseh odtenkov vmes: oda Poso\u010dju\"}]},{\"@type\":\"WebSite\",\"@id\":\"https:\\\/\\\/ptich.si\\\/sl\\\/#website\",\"url\":\"https:\\\/\\\/ptich.si\\\/sl\\\/\",\"name\":\"Ptich\",\"description\":\"Glasbeni izleti & urbane ture | Ljubljana | Slovenija\",\"publisher\":{\"@id\":\"https:\\\/\\\/ptich.si\\\/sl\\\/#organization\"},\"potentialAction\":[{\"@type\":\"SearchAction\",\"target\":{\"@type\":\"EntryPoint\",\"urlTemplate\":\"https:\\\/\\\/ptich.si\\\/sl\\\/?s={search_term_string}\"},\"query-input\":{\"@type\":\"PropertyValueSpecification\",\"valueRequired\":true,\"valueName\":\"search_term_string\"}}],\"inLanguage\":\"sl-SI\"},{\"@type\":\"Organization\",\"@id\":\"https:\\\/\\\/ptich.si\\\/sl\\\/#organization\",\"name\":\"Ptich\",\"url\":\"https:\\\/\\\/ptich.si\\\/sl\\\/\",\"logo\":{\"@type\":\"ImageObject\",\"inLanguage\":\"sl-SI\",\"@id\":\"https:\\\/\\\/ptich.si\\\/sl\\\/#\\\/schema\\\/logo\\\/image\\\/\",\"url\":\"https:\\\/\\\/ptich.si\\\/wp-content\\\/uploads\\\/2020\\\/05\\\/ptich-logo-mali.png\",\"contentUrl\":\"https:\\\/\\\/ptich.si\\\/wp-content\\\/uploads\\\/2020\\\/05\\\/ptich-logo-mali.png\",\"width\":135,\"height\":40,\"caption\":\"Ptich\"},\"image\":{\"@id\":\"https:\\\/\\\/ptich.si\\\/sl\\\/#\\\/schema\\\/logo\\\/image\\\/\"},\"sameAs\":[\"https:\\\/\\\/www.facebook.com\\\/PtichSlovenia\\\/\"]},{\"@type\":\"Person\",\"@id\":\"https:\\\/\\\/ptich.si\\\/sl\\\/#\\\/schema\\\/person\\\/87f1654008fb02442dde62aa7c216b42\",\"name\":\"laganosportski\",\"image\":{\"@type\":\"ImageObject\",\"inLanguage\":\"sl-SI\",\"@id\":\"https:\\\/\\\/secure.gravatar.com\\\/avatar\\\/121c035730a9a139bd7a88b8fd9f2166d16a959771369011d043d6d01676ec61?s=96&d=mm&r=g\",\"url\":\"https:\\\/\\\/secure.gravatar.com\\\/avatar\\\/121c035730a9a139bd7a88b8fd9f2166d16a959771369011d043d6d01676ec61?s=96&d=mm&r=g\",\"contentUrl\":\"https:\\\/\\\/secure.gravatar.com\\\/avatar\\\/121c035730a9a139bd7a88b8fd9f2166d16a959771369011d043d6d01676ec61?s=96&d=mm&r=g\",\"caption\":\"laganosportski\"},\"url\":\"https:\\\/\\\/ptich.si\\\/sl\\\/author\\\/laganosportski\\\/\"}]}<\/script>\n<!-- \/ Yoast SEO plugin. -->","yoast_head_json":{"title":"Feministi\u010dna tura z mag. Jasmino Jerant tudi v za\u010detku julija","description":"Zavod Urbana Vrana organizira znamenito feministi\u010dno turo po Ljubljani za staro in mlado, gosposko in damsko. Dobimo se na Gornjem trgu!","robots":{"index":"index","follow":"follow","max-snippet":"max-snippet:-1","max-image-preview":"max-image-preview:large","max-video-preview":"max-video-preview:-1"},"canonical":"https:\/\/ptich.si\/sl\/oda-cerkljanski-regiji-svet-modrih-in-zelenih-nebes\/","og_locale":"sl_SI","og_type":"article","og_title":"Feministi\u010dna tura z mag. Jasmino Jerant tudi v za\u010detku julija","og_description":"Zavod Urbana Vrana organizira znamenito feministi\u010dno turo po Ljubljani za staro in mlado, gosposko in damsko. Dobimo se na Gornjem trgu!","og_url":"https:\/\/ptich.si\/sl\/oda-cerkljanski-regiji-svet-modrih-in-zelenih-nebes\/","og_site_name":"Ptich","article_publisher":"https:\/\/www.facebook.com\/PtichSlovenia\/","article_published_time":"2020-06-14T06:58:05+00:00","article_modified_time":"2020-10-22T17:59:28+00:00","og_image":[{"width":1200,"height":800,"url":"https:\/\/ptich.si\/wp-content\/uploads\/2020\/07\/Blue-Green-1200x800-1.jpg","type":"image\/jpeg"}],"author":"laganosportski","twitter_card":"summary_large_image","twitter_misc":{"Written by":"laganosportski","Est. reading time":"9 minut"},"schema":{"@context":"https:\/\/schema.org","@graph":[{"@type":"Article","@id":"https:\/\/ptich.si\/sl\/oda-cerkljanski-regiji-svet-modrih-in-zelenih-nebes\/#article","isPartOf":{"@id":"https:\/\/ptich.si\/sl\/oda-cerkljanski-regiji-svet-modrih-in-zelenih-nebes\/"},"author":{"name":"laganosportski","@id":"https:\/\/ptich.si\/sl\/#\/schema\/person\/87f1654008fb02442dde62aa7c216b42"},"headline":"Ta svet je iz modrih, zelenih nebes in vseh odtenkov vmes: oda Poso\u010dju","datePublished":"2020-06-14T06:58:05+00:00","dateModified":"2020-10-22T17:59:28+00:00","mainEntityOfPage":{"@id":"https:\/\/ptich.si\/sl\/oda-cerkljanski-regiji-svet-modrih-in-zelenih-nebes\/"},"wordCount":1748,"publisher":{"@id":"https:\/\/ptich.si\/sl\/#organization"},"image":{"@id":"https:\/\/ptich.si\/sl\/oda-cerkljanski-regiji-svet-modrih-in-zelenih-nebes\/#primaryimage"},"thumbnailUrl":"https:\/\/ptich.si\/wp-content\/uploads\/2020\/07\/Blue-Green-1200x800-1.jpg","keywords":["BLOG","GLASBA","GLASBENI IZLETI","SLOVENIJA"],"articleSection":["News-all","News-sl","Uncategorized @sl"],"inLanguage":"sl-SI"},{"@type":"WebPage","@id":"https:\/\/ptich.si\/sl\/oda-cerkljanski-regiji-svet-modrih-in-zelenih-nebes\/","url":"https:\/\/ptich.si\/sl\/oda-cerkljanski-regiji-svet-modrih-in-zelenih-nebes\/","name":"Feministi\u010dna tura z mag. Jasmino Jerant tudi v za\u010detku julija","isPartOf":{"@id":"https:\/\/ptich.si\/sl\/#website"},"primaryImageOfPage":{"@id":"https:\/\/ptich.si\/sl\/oda-cerkljanski-regiji-svet-modrih-in-zelenih-nebes\/#primaryimage"},"image":{"@id":"https:\/\/ptich.si\/sl\/oda-cerkljanski-regiji-svet-modrih-in-zelenih-nebes\/#primaryimage"},"thumbnailUrl":"https:\/\/ptich.si\/wp-content\/uploads\/2020\/07\/Blue-Green-1200x800-1.jpg","datePublished":"2020-06-14T06:58:05+00:00","dateModified":"2020-10-22T17:59:28+00:00","description":"Zavod Urbana Vrana organizira znamenito feministi\u010dno turo po Ljubljani za staro in mlado, gosposko in damsko. Dobimo se na Gornjem trgu!","breadcrumb":{"@id":"https:\/\/ptich.si\/sl\/oda-cerkljanski-regiji-svet-modrih-in-zelenih-nebes\/#breadcrumb"},"inLanguage":"sl-SI","potentialAction":[{"@type":"ReadAction","target":["https:\/\/ptich.si\/sl\/oda-cerkljanski-regiji-svet-modrih-in-zelenih-nebes\/"]}]},{"@type":"ImageObject","inLanguage":"sl-SI","@id":"https:\/\/ptich.si\/sl\/oda-cerkljanski-regiji-svet-modrih-in-zelenih-nebes\/#primaryimage","url":"https:\/\/ptich.si\/wp-content\/uploads\/2020\/07\/Blue-Green-1200x800-1.jpg","contentUrl":"https:\/\/ptich.si\/wp-content\/uploads\/2020\/07\/Blue-Green-1200x800-1.jpg","width":1200,"height":800},{"@type":"BreadcrumbList","@id":"https:\/\/ptich.si\/sl\/oda-cerkljanski-regiji-svet-modrih-in-zelenih-nebes\/#breadcrumb","itemListElement":[{"@type":"ListItem","position":1,"name":"Home","item":"https:\/\/ptich.si\/sl\/"},{"@type":"ListItem","position":2,"name":"Ta svet je iz modrih, zelenih nebes in vseh odtenkov vmes: oda Poso\u010dju"}]},{"@type":"WebSite","@id":"https:\/\/ptich.si\/sl\/#website","url":"https:\/\/ptich.si\/sl\/","name":"Ptich","description":"Glasbeni izleti & urbane ture | Ljubljana | Slovenija","publisher":{"@id":"https:\/\/ptich.si\/sl\/#organization"},"potentialAction":[{"@type":"SearchAction","target":{"@type":"EntryPoint","urlTemplate":"https:\/\/ptich.si\/sl\/?s={search_term_string}"},"query-input":{"@type":"PropertyValueSpecification","valueRequired":true,"valueName":"search_term_string"}}],"inLanguage":"sl-SI"},{"@type":"Organization","@id":"https:\/\/ptich.si\/sl\/#organization","name":"Ptich","url":"https:\/\/ptich.si\/sl\/","logo":{"@type":"ImageObject","inLanguage":"sl-SI","@id":"https:\/\/ptich.si\/sl\/#\/schema\/logo\/image\/","url":"https:\/\/ptich.si\/wp-content\/uploads\/2020\/05\/ptich-logo-mali.png","contentUrl":"https:\/\/ptich.si\/wp-content\/uploads\/2020\/05\/ptich-logo-mali.png","width":135,"height":40,"caption":"Ptich"},"image":{"@id":"https:\/\/ptich.si\/sl\/#\/schema\/logo\/image\/"},"sameAs":["https:\/\/www.facebook.com\/PtichSlovenia\/"]},{"@type":"Person","@id":"https:\/\/ptich.si\/sl\/#\/schema\/person\/87f1654008fb02442dde62aa7c216b42","name":"laganosportski","image":{"@type":"ImageObject","inLanguage":"sl-SI","@id":"https:\/\/secure.gravatar.com\/avatar\/121c035730a9a139bd7a88b8fd9f2166d16a959771369011d043d6d01676ec61?s=96&d=mm&r=g","url":"https:\/\/secure.gravatar.com\/avatar\/121c035730a9a139bd7a88b8fd9f2166d16a959771369011d043d6d01676ec61?s=96&d=mm&r=g","contentUrl":"https:\/\/secure.gravatar.com\/avatar\/121c035730a9a139bd7a88b8fd9f2166d16a959771369011d043d6d01676ec61?s=96&d=mm&r=g","caption":"laganosportski"},"url":"https:\/\/ptich.si\/sl\/author\/laganosportski\/"}]}},"jetpack_featured_media_url":"https:\/\/ptich.si\/wp-content\/uploads\/2020\/07\/Blue-Green-1200x800-1.jpg","_links":{"self":[{"href":"https:\/\/ptich.si\/sl\/wp-json\/wp\/v2\/posts\/10813","targetHints":{"allow":["GET"]}}],"collection":[{"href":"https:\/\/ptich.si\/sl\/wp-json\/wp\/v2\/posts"}],"about":[{"href":"https:\/\/ptich.si\/sl\/wp-json\/wp\/v2\/types\/post"}],"author":[{"embeddable":true,"href":"https:\/\/ptich.si\/sl\/wp-json\/wp\/v2\/users\/3"}],"replies":[{"embeddable":true,"href":"https:\/\/ptich.si\/sl\/wp-json\/wp\/v2\/comments?post=10813"}],"version-history":[{"count":5,"href":"https:\/\/ptich.si\/sl\/wp-json\/wp\/v2\/posts\/10813\/revisions"}],"predecessor-version":[{"id":10926,"href":"https:\/\/ptich.si\/sl\/wp-json\/wp\/v2\/posts\/10813\/revisions\/10926"}],"wp:featuredmedia":[{"embeddable":true,"href":"https:\/\/ptich.si\/sl\/wp-json\/wp\/v2\/media\/10923"}],"wp:attachment":[{"href":"https:\/\/ptich.si\/sl\/wp-json\/wp\/v2\/media?parent=10813"}],"wp:term":[{"taxonomy":"category","embeddable":true,"href":"https:\/\/ptich.si\/sl\/wp-json\/wp\/v2\/categories?post=10813"},{"taxonomy":"post_tag","embeddable":true,"href":"https:\/\/ptich.si\/sl\/wp-json\/wp\/v2\/tags?post=10813"}],"curies":[{"name":"wp","href":"https:\/\/api.w.org\/{rel}","templated":true}]}}