{"id":10939,"date":"2020-06-15T11:06:04","date_gmt":"2020-06-15T11:06:04","guid":{"rendered":"https:\/\/ptich.si\/?p=10939"},"modified":"2026-01-01T10:33:56","modified_gmt":"2026-01-01T10:33:56","slug":"od-ljubljane-prek-laibach-trbovelj-do-tito-kumrovec","status":"publish","type":"post","link":"https:\/\/ptich.si\/sl\/od-ljubljane-prek-laibach-trbovelj-do-tito-kumrovec\/","title":{"rendered":"Od Ljubljane prek Laibachovih Trbovelj do Titovega Kumrovca in nazaj. Bi se pridru\u017eili?"},"content":{"rendered":"<div class=\"entry-content\">\n<div id=\"pl-2424\" class=\"panel-layout\">\n<div id=\"pg-2424-5\" class=\"panel-grid panel-no-style\">\n<div id=\"pgc-2424-5-0\" class=\"panel-grid-cell\">\n<div id=\"panel-2424-5-0-0\" class=\"so-panel widget widget_sow-editor panel-first-child panel-last-child\" data-index=\"8\">\n<div class=\"so-widget-sow-editor so-widget-sow-editor-base\">\n<div class=\"siteorigin-widget-tinymce textwidget\">\n<div id=\"main\" class=\"site-main\">\n<div class=\"full-container\">\n<div id=\"primary\" class=\"content-area\">\n<div id=\"content\" class=\"site-content\" role=\"main\">\n<article id=\"post-2411\" class=\"post post-2411 type-post status-publish format-standard has-post-thumbnail hentry category-uncategorized-sl\">\n<div class=\"entry-main\">\n<div class=\"entry-content\">\n<div id=\"pl-2411\" class=\"panel-layout\">\n<div id=\"pg-2411-1\" class=\"panel-grid panel-no-style\">\n<div id=\"pgc-2411-1-0\" class=\"panel-grid-cell\">\n<div id=\"panel-2411-1-0-0\" class=\"so-panel widget widget_sow-editor panel-first-child panel-last-child\" data-index=\"2\">\n<div class=\"so-widget-sow-editor so-widget-sow-editor-base\">\n<div class=\"siteorigin-widget-tinymce textwidget\">\n<div class=\"full-container\">\n<div id=\"primary\" class=\"content-area\">\n<div id=\"content\" class=\"site-content\" role=\"main\">\n<article id=\"post-2411\" class=\"post post-2411 type-post status-publish format-standard has-post-thumbnail hentry category-uncategorized-sl\">\n<div class=\"entry-main\">\n<div class=\"entry-content\">\n<div id=\"pl-2411\" class=\"panel-layout\">\n<div id=\"pg-2411-1\" class=\"panel-grid panel-no-style\">\n<div id=\"pgc-2411-1-0\" class=\"panel-grid-cell\">\n<div id=\"panel-2411-1-0-0\" class=\"so-panel widget widget_sow-editor panel-first-child panel-last-child\" data-index=\"2\">\n<div class=\"so-widget-sow-editor so-widget-sow-editor-base\">\n<p>Opozorilo! Vse je hipoteti\u010dno. Samo v glavi. Samo na papirju. Sanjam, kracam, razmi\u0161ljam, pogledujem na zemljevid in na vse strani neba. Kam bi \u0161li, kam bi se zapeljali? Razmi\u0161ljam kaj bi obiskal, sku\u0161am se spomniti zanimivih ljudi, ki imajo kaj pokazati in povedati. Ri\u0161em poti, ra\u010dunam kilometre in minute, ki se spreminjajo v ure.<\/p>\n<p>Ves \u010das se spra\u0161ujem, bi koga sploh zanimalo iti na tak\u0161no glasbeno(!) turo; bi sam \u0161el, \u010de bi nekdo nudil organiziran poldnevni, celodnevni ali celo dvodnevni izlet spoznavanja slovenskih cest in krajev, glasbene narave in dru\u017ebe, njenih zanesenjakov in prizori\u0161\u010d? Premi\u0161ljevanje spro\u017ea dvome in pomisleke. Samo akcija jih lahko pre\u017eene, zato na delo in pusti domi\u0161ljiji prosto pot. Zato \u0161e enkrat opozorilo, vse v nadaljevanju je hipoteti\u010dno! In je test, je pravzaprav anketa.<\/p>\n<p>In ko se lotim konstrukta, dobim v e-nabiralnik obvestilo, da se bo v nedeljo, 16. februarja, v okviru nedeljskega koncertnega cikla SundayNoise v kulturnem domu v Bistrici ob Sotli ob 18h odvijal koncert Toma Jacksona in Vida Dra\u0161lerja. Hvala, Mitja, ob pravem \u010dasu si mi poslal obvestilo in ga bom izkoristil za sestavo vzor\u010dnega primera nedeljskega celodnevnega izleta na relaciji Ljubljana &#8211; Bistrica ob Sotli \u2013 Ljubljana z obiskom navedenega koncerta. Treba je imeti cilj, da se premakne\u0161 iz kav\u010da!<\/p>\n<p>&nbsp;<\/p>\n<p><strong>Vzor\u010dni primer glasbenega izleta<\/strong><\/p>\n<p><strong>10:00 \u2013 10:15<\/strong><\/p>\n<p><strong><u>Dobimo se pred Kri\u017eankami ob 10h<\/u><\/strong><\/p>\n<p>\u0160e preden \u0161tartamo izpred Kri\u017eank, vstopimo v eno lep\u0161ih koncertnih prizori\u0161\u010d v tem delu sveta. Med spoznavanjem se sprehodimo skozi glasbeno zgodovino te arhitekturne umetnine Jo\u017eeta Ple\u010dnika, ki je nad oboke vhoda v avditorij vklesal krasno misel: <em>\u00bbMinljiv si le tvoja dela so tvoj spomin.\u00ab<\/em><\/p>\n<p>\u010ceprav je koncert minljiva stvar, so na odru Kri\u017eank nastopili \u0161tevilne umetnice in umetniki, od baleta in klasi\u010dne glasbe do jazza, od rock and rolla do popa. Festival Ljubljana, Jazz festival Ljubljana, Novi rock, Druga godba\u2026 ter obilica samostojnih koncertov. V Kri\u017eankah ima sede\u017e srednja grafi\u010dna in oblikovalska \u0161ola, ki je vzgojila generacije umetnikov in umetnic. Med drugim so na tej \u0161oli nastali Laibach in na\u0161 izlet nas bo zanesel tudi\u00a0 v Trbovlje, od koder izvirajo Laibach. Na pot, torej!<\/p>\n<p><iframe loading=\"lazy\" src=\"https:\/\/www.youtube.com\/embed\/eUqHjXUPJN4\" width=\"560\" height=\"315\" frameborder=\"0\" allowfullscreen=\"allowfullscreen\"><\/iframe><br \/>\n<strong>10<\/strong><strong>:15 \u2013 10:45 <\/strong><\/p>\n<p><strong><u>1. vo\u017enja, Ljubljana \u2013 Spodnji Hoti\u010d pri Litiji, 32 km \/ 30 min<\/u><\/strong><\/p>\n<p>V\u017egemo motor in iz predvajalnika zaigra izbrana glasba izvajalcev in izvajalk, ki so nastopili v Kri\u017eankah. Na poti proti Litiji se prelevi v izbor slovenske glasbe, bendov, ki so nastopali na Novem rocku med leti 1981 in 2000. Pribli\u017eujemo se Spodnjemu Hoti\u010du pri Litiji, kjer se je leta 1996 zgodil prvi od treh Zgaga Rock Festivalov. \u010ce na Slovenskem imamo svoj Woodstock, potem je to prvi Zgaga Rock festival, tako po spodleteli organizaciji kot po sr\u010dnem trenutku ob\u010dutka rockovske skupnosti.<\/p>\n<p><strong>10:45 \u2013 11:45<\/strong><\/p>\n<p><strong><u>1. postanek pred (nekdanjim) Muzejem premoderne umetnosti, 45 min<\/u><\/strong><\/p>\n<p>\u010ce nam uspe in bo na voljo, nas do\u010daka Toma\u017e Dernov\u0161ek \u2013 Vin\u010di, pobudnik Zgaga Rock festivala in kustos (nekdanjega) Muzeja premoderne umetnosti. Sprejme nas na svoji kmetiji, nam jo razka\u017ee skupaj z muzejem in odpelje na travnik, kjer se je odvijala omenjena Zgaga. Na poti nas zasipa s spomini in anekdotami na ta \u00bbnori in divji\u00ab dvodnevni dogodek, na katerem je ob ameri\u0161kih rock and roll underground legendah Dead Moon nastopila plejada bendov iz Slovenije, Hrva\u0161ke, Srbije in Bosne in Hercegovine. (KUD Idijoti, Kojoti, The Stuff, \u00a0D\u017eukele, Goblini, Strelnikoff, Metropolis, CZD, Indust-bag, Pridigarji, Baby can Dance, Dicky b. Hardy, Overflow, Zablujena generacija, Hic Et Nunc, Orlek\u2026).<\/p>\n<p><iframe loading=\"lazy\" src=\"https:\/\/www.youtube.com\/embed\/GkdSSMIL_9c\" width=\"560\" height=\"315\" frameborder=\"0\" allowfullscreen=\"allowfullscreen\"><\/iframe><\/p>\n<p>Prvi Zgaga Rock Festival je bil prelomen za prihodnost glasbenih festivalov v Sloveniji. Po njem je bilo vse druga\u010de. Spodbudil je ponovno rojstvo Rock Oto\u010dca pri Novem mestu leta 1997 in bil povod za celo kopico drugih glasbenih festivalov, ki so rasli kot gobe po de\u017eju po celi Sloveniji.<\/p>\n<p><strong>11:45 \u2013 12:15<\/strong><\/p>\n<p><strong><u>2. vo\u017enja, Spodnji Hoti\u010d pri Litiji &#8211; Trbovlje, 30 km \/ 30 min<\/u><\/strong><\/p>\n<p>Gremo naprej. Godejo Orleki iz Zagorja, Agent&#8217;s Limited iz Hrastnika, Pihalni orkester SVEA Zagorje\u2026 smo namre\u010d na poti ob Savi v rde\u010de revirje, natan\u010deje v Trbovlje. Na to nas posebej opomni podalpski blues Vilija Fajdige, folk rock skupine Hi\u0161a. Seveda brez industrijskega ropota Laibach ne gre.<\/p>\n<p><iframe loading=\"lazy\" width=\"560\" height=\"315\" src=\"https:\/\/www.youtube.com\/embed\/pZFtl31U99g?si=SKJBWPJMGd3d8WQ8\" title=\"YouTube video player\" frameborder=\"0\" allow=\"accelerometer; autoplay; clipboard-write; encrypted-media; gyroscope; picture-in-picture; web-share\" referrerpolicy=\"strict-origin-when-cross-origin\" allowfullscreen><\/iframe><\/p>\n<p><strong>12:15 \u2013 13:00<\/strong><\/p>\n<p><strong><u>2. postanek, Trbovlje, Delavski dom<\/u><\/strong><\/p>\n<p>\u010cas za tradicionalno slovensko kosilo (govejo juho, pra\u017een krompir in pe\u010denko v omaki, solato iz skupne sklede) izkoristimo za sprehod po industrijskem mestu. Spoznavamo njegovo bogato zgodovino, ki je bila v 20. stoletju prepojena s krvjo, solzami, znojem in uporom. Na to nas opominjajo spomeniki in druga spominska obele\u017eja na \u010das pred in med 2. svetovno vojno (spopad med Orjuno in komunisti leta 1924; ustanovitev slovenske komunisti\u010dne partije v \u010cebinah nad Trbovljami leta 1937; na silovit odpor proti okupatorju v Trbovljah, ki so bile del nem\u0161kega III. Reicha). Po 2. svetovni vojni so bile Trbovlje zami\u0161ljene kot izlo\u017eba socializma, kar se je spridilo s prvim \u0161trajkom v socialisti\u010dni Jugoslaviji leta 1958. Na tej bogati zgodovini upora zraste skupina Laibach kot njen logi\u010dni nasledek.<\/p>\n<p><strong>13:00 \u2013 14:20<\/strong><\/p>\n<p><strong><u>3. vo\u017enja, Trbovlje \u2013 Roga\u0161ka Slatina, 73 km \/ 80 min<\/u><\/strong><\/p>\n<p>Na poti iz revirjev v Roga\u0161ko Slatino pre\u010dkamo trikotnik \u017dalec \u2013 Celje \u2013 La\u0161ko in poslu\u0161amo bende s tega konca Epidemic Zone, Strelnikoff, Phone Box Vandals, Baby Zdravo, It&#8217;s Not For Sale, Interceptor in The Stroj.<\/p>\n<p><iframe loading=\"lazy\" src=\"https:\/\/www.youtube.com\/embed\/98XSIcZXfk8\" width=\"560\" height=\"315\" frameborder=\"0\" allowfullscreen=\"allowfullscreen\"><\/iframe><\/p>\n<p><strong>14:20 \u2013 15:00<\/strong><\/p>\n<p><strong><u>3. postanek: obisk Ljudskega muzeja v Roga\u0161ki Slatini<\/u><\/strong><\/p>\n<p>Ljudski muzej je sestavni del Kulturno-turisti\u010dnega sredi\u0161\u010da Anin dvor, zanj skrbi ljudski ustvarjalec Nani Poljanec. Predstavi nam zbirko zgodovine Roga\u0161ke Slatine, ki zaobjema lokalne posebnosti, znamenitosti in osebne zgodbe pomembnih ljudi iz Roga\u0161ke Slatine, zbirko kraljevske dinastije Karador\u0111evi\u0107, ki je vladala na Balkanu med 1811 in 1945, ter filografsko zbirko, se pravi zbirko originalnih podpisov in avtogramov pomembnih osebnosti, ki je dopolnjena z razli\u010dnimi eksponati kot so kostum Milene Zupan\u010di\u010d iz filma Cvetje v jeseni, pismo Nikole Tesle, frak princa Andreja, paso\u0161 Toma\u017ea Hostnika iz Laibach.<\/p>\n<p><strong>15:00 \u2013 15:30<\/strong><\/p>\n<p><strong><u>4. vo\u017enja, Roga\u0161ka Slatina \u2013 Bistrica ob Sotli, 26 km \/ 30 min<\/u><\/strong><\/p>\n<p>Med pol ure dolgo vo\u017enjo se ogrevamo na Bistrico ob Sotli, ki se pona\u0161a z mo\u010dno glasbeno sceno, in poslu\u0161amo glasbo bendov iz tega kraja Zmajev rep, Malik, Mana, Brencl banda, Psihiatrija, NoCENZURA, The Ghen, Social blue.<\/p>\n<p><iframe loading=\"lazy\" src=\"https:\/\/www.youtube.com\/embed\/FDoEzIb37pc\" width=\"560\" height=\"315\" frameborder=\"0\" allowfullscreen=\"allowfullscreen\"><\/iframe><\/p>\n<p><strong>15<\/strong><strong>:30 \u2013 16:30<\/strong><\/p>\n<p><strong><u>4. postanek: kosilo v gostilni \u0160empeter<\/u><\/strong><\/p>\n<p><strong>16<\/strong><strong>:30 \u2013 16:40<\/strong><\/p>\n<p><strong><u>5. vo\u017enja, Bistrica ob Sotli &#8211; Kumrovec, 5 km \/ 10 min<\/u><\/strong><\/p>\n<p>Pre\u010dkamo slovensko-hrva\u0161ko mejo. Pripravite osebne dokumente.<\/p>\n<p><strong>16<\/strong><strong>:40 \u2013 17:40 <\/strong><\/p>\n<p><strong><u>5. postanek: Kumrovec, vodeni obisk po objektu nekdanje politi\u010dne \u0161ole<\/u><\/strong><\/p>\n<p>\u010ce smo se \u017ee seznanili z zbirko dinastije Kara\u0111or\u0111evi\u0107, pa poglejmo \u0161e v razpadajo\u010do zapu\u0161\u010dino Titove Jugoslavije. Zato obi\u0161\u010demo politi\u010dno \u0161olo v Kumrovcu, osrednjo izobra\u017eevalno institucijo jugoslovanskih komunistov, ki je bila zgrajena leta 1981 in je bila kratkega daha. Medtem ko se ne ve, kdo bo novi lastnik tega kompleksa, se nam \u0161e ponuja v ogled in obisk velika dvorana s 380 sede\u017ei, pet kabinetov, knji\u017enico, restavracijo, 150 sobami, \u0161portno dvorano in protijedrskim zakloni\u0161\u010dem.<\/p>\n<p><strong>17<\/strong><strong>:40 \u2013 17:50<\/strong><\/p>\n<p><strong><u>6. vo\u017enja, Kumrovec &#8211; Bistrica ob Sotli, 5 km \/ 10 min<\/u><\/strong><\/p>\n<p>Pre\u010dkamo hrva\u0161ko-slovensko mejo. \u0160e enkrat pripravite osebne dokumente!<\/p>\n<p><strong>18<\/strong><strong>:00 \u2013 19:00 <\/strong><\/p>\n<p><strong><u>6. postanek: Koncert v Kulturnem domu Bistrica ob Sotli<\/u><\/strong><\/p>\n<p><a href=\"https:\/\/www.facebook.com\/events\/511791869470564\/\">SundayNoise: Tom Jackson and Vid Dra\u0161ler<\/a>.<\/p>\n<\/div>\n<\/div>\n<\/div>\n<\/div>\n<\/div>\n<\/div>\n<\/div>\n<\/article>\n<\/div>\n<\/div>\n<\/div>\n<div class=\"full-container\">\n<div id=\"primary\" class=\"content-area\">\n<div id=\"content\" class=\"site-content\" role=\"main\">\n<article id=\"post-2411\" class=\"post post-2411 type-post status-publish format-standard has-post-thumbnail hentry category-uncategorized-sl\">\n<div class=\"entry-main\">\n<div class=\"entry-content\">\n<div id=\"pl-2411\" class=\"panel-layout\">\n<div id=\"pg-2411-1\" class=\"panel-grid panel-no-style\">\n<div id=\"pgc-2411-1-0\" class=\"panel-grid-cell\">\n<div id=\"panel-2411-1-0-0\" class=\"so-panel widget widget_sow-editor panel-first-child panel-last-child\" data-index=\"2\">\n<div class=\"full-container\">\n<div id=\"primary\" class=\"content-area\">\n<div id=\"content\" class=\"site-content\" role=\"main\">\n<article id=\"post-2411\" class=\"post post-2411 type-post status-publish format-standard has-post-thumbnail hentry category-uncategorized-sl\">\n<div class=\"entry-main\">\n<div class=\"entry-content\">\n<div id=\"pl-2411\" class=\"panel-layout\">\n<div id=\"pg-2411-1\" class=\"panel-grid panel-no-style\">\n<div id=\"pgc-2411-1-0\" class=\"panel-grid-cell\">\n<p><strong>19<\/strong><strong>:00 \u2013 20:00<\/strong><\/p>\n<p><strong><u>7. postanek Obisk kluba Metulj<\/u><\/strong><\/p>\n<p>Dru\u017eenje s \u010dlanicami in \u010dlani kluba Metulj ter skozi pogovor z Andrejem \u010cernel\u010dem, glasbenikom in urednikom knjige Rock ob Sotli, spoznavamo dejavnosti Mladinskega dru\u0161tva Bistrica ob Sotli in \u0161e mlado, a bogato zgodovino tega kulturno-glasbenega kraja.<\/p>\n<p><iframe loading=\"lazy\" src=\"https:\/\/www.youtube.com\/embed\/D1s9RQ1KO8Y\" width=\"560\" height=\"315\" frameborder=\"0\" allowfullscreen=\"allowfullscreen\"><\/iframe><\/p>\n<p><strong>20<\/strong><strong>:00 \u2013 21:40 <\/strong><\/p>\n<p><strong><u>7. vo\u017enja, Bistrica ob Sotli \u2013 Ljubljana, 132 km \/ 100 min<\/u><\/strong><\/p>\n<p>In kon\u010dno domov z vtisi, novimi poznanstvi in znanji ter polnimi u\u0161esi. Igra nam pomirjujo\u010da glasba koles.<\/p>\n<p>&nbsp;<\/p>\n<p><strong>Anketa<\/strong><\/p>\n<p>Kaj pravite? \u017divahnih 12 ur? Bi se udele\u017eili tak\u0161nega izleta? Sporo\u010dite mi preko tegale kratkega vpra\u0161alnika:<\/p>\n<p><iframe loading=\"lazy\" src=\"https:\/\/docs.google.com\/forms\/d\/e\/1FAIpQLScgOVrqsW7awNM72dEWn2asAYk0BQUFyUCdVdXr3z53Q3MEnQ\/viewform?embedded=true\" width=\"100%\" height=\"650\" frameborder=\"0\" marginwidth=\"0\" marginheight=\"0\">Loading\u2026<\/iframe><\/p>\n<\/div>\n<p>Hvala!<\/p>\n<p>&nbsp;<\/p>\n<div id=\"pgc-2411-1-0\" class=\"panel-grid-cell\">\n<p>Besedilo: Igor Ba\u0161in &#8212; Bigor<\/p>\n<p>Naslovna reprodukcija grafike Rde\u010di revirji je last Laibach Kunst.<\/p>\n<div class=\"wp-menu-arrow\">\n<div><\/div>\n<\/div>\n<\/div>\n<p>&nbsp;<\/p>\n<\/div>\n<\/div>\n<\/div>\n<\/div>\n<\/article>\n<\/div>\n<\/div>\n<\/div>\n<\/div>\n<\/div>\n<\/div>\n<\/div>\n<\/div>\n<\/div>\n<\/article>\n<\/div>\n<\/div>\n<\/div>\n<\/div>\n<\/div>\n<\/div>\n<\/div>\n<\/div>\n<\/div>\n<\/div>\n<\/div>\n<\/article>\n<\/div>\n<\/div>\n<\/div>\n<\/div>\n<\/div>\n<\/div>\n<\/div>\n<\/div>\n<\/div>\n<\/div>\n<\/div>\n","protected":false},"excerpt":{"rendered":"<p>Opozorilo! Vse je hipoteti\u010dno. Samo v glavi. Samo na papirju. Sanjam, kracam, razmi\u0161ljam, pogledujem na zemljevid in na vse strani neba. Kam bi \u0161li, kam bi se zapeljali? Razmi\u0161ljam kaj bi obiskal, sku\u0161am se spomniti zanimivih ljudi, ki imajo kaj pokazati in povedati. Ri\u0161em poti, ra\u010dunam kilometre in minute, ki se spreminjajo v ure. Ves [&hellip;]<\/p>\n","protected":false},"author":3,"featured_media":11034,"comment_status":"closed","ping_status":"open","sticky":false,"template":"","format":"standard","meta":{"_monsterinsights_skip_tracking":false,"_monsterinsights_sitenote_active":false,"_monsterinsights_sitenote_note":"","_monsterinsights_sitenote_category":0,"footnotes":""},"categories":[73,61,54],"tags":[93,84,99,107,105],"class_list":["post-10939","post","type-post","status-publish","format-standard","has-post-thumbnail","hentry","category-news-all","category-news-sl","category-uncategorized-sl","tag-blog","tag-glasba","tag-glasbeni-izleti","tag-hrvaska","tag-slovenija"],"yoast_head":"<!-- This site is optimized with the Yoast SEO plugin v27.4 - https:\/\/yoast.com\/product\/yoast-seo-wordpress\/ -->\n<title>Feministi\u010dna tura z mag. Jasmino Jerant tudi v za\u010detku julija<\/title>\n<meta name=\"description\" content=\"Zavod Urbana Vrana organizira znamenito feministi\u010dno turo po Ljubljani za staro in mlado, gosposko in damsko. Dobimo se na Gornjem trgu!\" \/>\n<meta name=\"robots\" content=\"index, follow, max-snippet:-1, max-image-preview:large, max-video-preview:-1\" \/>\n<link rel=\"canonical\" href=\"https:\/\/ptich.si\/sl\/od-ljubljane-prek-laibach-trbovelj-do-tito-kumrovec\/\" \/>\n<meta property=\"og:locale\" content=\"sl_SI\" \/>\n<meta property=\"og:type\" content=\"article\" \/>\n<meta property=\"og:title\" content=\"Feministi\u010dna tura z mag. Jasmino Jerant tudi v za\u010detku julija\" \/>\n<meta property=\"og:description\" content=\"Zavod Urbana Vrana organizira znamenito feministi\u010dno turo po Ljubljani za staro in mlado, gosposko in damsko. Dobimo se na Gornjem trgu!\" \/>\n<meta property=\"og:url\" content=\"https:\/\/ptich.si\/sl\/od-ljubljane-prek-laibach-trbovelj-do-tito-kumrovec\/\" \/>\n<meta property=\"og:site_name\" content=\"Ptich\" \/>\n<meta property=\"article:publisher\" content=\"https:\/\/www.facebook.com\/PtichSlovenia\/\" \/>\n<meta property=\"article:published_time\" content=\"2020-06-15T11:06:04+00:00\" \/>\n<meta property=\"article:modified_time\" content=\"2026-01-01T10:33:56+00:00\" \/>\n<meta property=\"og:image\" content=\"https:\/\/ptich.si\/wp-content\/uploads\/2020\/06\/Rdeci-revirji-3x2-tinified.jpg\" \/>\n\t<meta property=\"og:image:width\" content=\"1279\" \/>\n\t<meta property=\"og:image:height\" content=\"853\" \/>\n\t<meta property=\"og:image:type\" content=\"image\/jpeg\" \/>\n<meta name=\"author\" content=\"laganosportski\" \/>\n<meta name=\"twitter:card\" content=\"summary_large_image\" \/>\n<meta name=\"twitter:label1\" content=\"Written by\" \/>\n\t<meta name=\"twitter:data1\" content=\"laganosportski\" \/>\n\t<meta name=\"twitter:label2\" content=\"Est. reading time\" \/>\n\t<meta name=\"twitter:data2\" content=\"6 minut\" \/>\n<script type=\"application\/ld+json\" class=\"yoast-schema-graph\">{\"@context\":\"https:\\\/\\\/schema.org\",\"@graph\":[{\"@type\":\"Article\",\"@id\":\"https:\\\/\\\/ptich.si\\\/sl\\\/od-ljubljane-prek-laibach-trbovelj-do-tito-kumrovec\\\/#article\",\"isPartOf\":{\"@id\":\"https:\\\/\\\/ptich.si\\\/sl\\\/od-ljubljane-prek-laibach-trbovelj-do-tito-kumrovec\\\/\"},\"author\":{\"name\":\"laganosportski\",\"@id\":\"https:\\\/\\\/ptich.si\\\/sl\\\/#\\\/schema\\\/person\\\/87f1654008fb02442dde62aa7c216b42\"},\"headline\":\"Od Ljubljane prek Laibachovih Trbovelj do Titovega Kumrovca in nazaj. Bi se pridru\u017eili?\",\"datePublished\":\"2020-06-15T11:06:04+00:00\",\"dateModified\":\"2026-01-01T10:33:56+00:00\",\"mainEntityOfPage\":{\"@id\":\"https:\\\/\\\/ptich.si\\\/sl\\\/od-ljubljane-prek-laibach-trbovelj-do-tito-kumrovec\\\/\"},\"wordCount\":1292,\"publisher\":{\"@id\":\"https:\\\/\\\/ptich.si\\\/sl\\\/#organization\"},\"image\":{\"@id\":\"https:\\\/\\\/ptich.si\\\/sl\\\/od-ljubljane-prek-laibach-trbovelj-do-tito-kumrovec\\\/#primaryimage\"},\"thumbnailUrl\":\"https:\\\/\\\/ptich.si\\\/wp-content\\\/uploads\\\/2020\\\/06\\\/Rdeci-revirji-3x2-tinified.jpg\",\"keywords\":[\"BLOG\",\"GLASBA\",\"GLASBENI IZLETI\",\"HRVA\u0160KA\",\"SLOVENIJA\"],\"articleSection\":[\"News-all\",\"News-sl\",\"Uncategorized @sl\"],\"inLanguage\":\"sl-SI\"},{\"@type\":\"WebPage\",\"@id\":\"https:\\\/\\\/ptich.si\\\/sl\\\/od-ljubljane-prek-laibach-trbovelj-do-tito-kumrovec\\\/\",\"url\":\"https:\\\/\\\/ptich.si\\\/sl\\\/od-ljubljane-prek-laibach-trbovelj-do-tito-kumrovec\\\/\",\"name\":\"Feministi\u010dna tura z mag. Jasmino Jerant tudi v za\u010detku julija\",\"isPartOf\":{\"@id\":\"https:\\\/\\\/ptich.si\\\/sl\\\/#website\"},\"primaryImageOfPage\":{\"@id\":\"https:\\\/\\\/ptich.si\\\/sl\\\/od-ljubljane-prek-laibach-trbovelj-do-tito-kumrovec\\\/#primaryimage\"},\"image\":{\"@id\":\"https:\\\/\\\/ptich.si\\\/sl\\\/od-ljubljane-prek-laibach-trbovelj-do-tito-kumrovec\\\/#primaryimage\"},\"thumbnailUrl\":\"https:\\\/\\\/ptich.si\\\/wp-content\\\/uploads\\\/2020\\\/06\\\/Rdeci-revirji-3x2-tinified.jpg\",\"datePublished\":\"2020-06-15T11:06:04+00:00\",\"dateModified\":\"2026-01-01T10:33:56+00:00\",\"description\":\"Zavod Urbana Vrana organizira znamenito feministi\u010dno turo po Ljubljani za staro in mlado, gosposko in damsko. Dobimo se na Gornjem trgu!\",\"breadcrumb\":{\"@id\":\"https:\\\/\\\/ptich.si\\\/sl\\\/od-ljubljane-prek-laibach-trbovelj-do-tito-kumrovec\\\/#breadcrumb\"},\"inLanguage\":\"sl-SI\",\"potentialAction\":[{\"@type\":\"ReadAction\",\"target\":[\"https:\\\/\\\/ptich.si\\\/sl\\\/od-ljubljane-prek-laibach-trbovelj-do-tito-kumrovec\\\/\"]}]},{\"@type\":\"ImageObject\",\"inLanguage\":\"sl-SI\",\"@id\":\"https:\\\/\\\/ptich.si\\\/sl\\\/od-ljubljane-prek-laibach-trbovelj-do-tito-kumrovec\\\/#primaryimage\",\"url\":\"https:\\\/\\\/ptich.si\\\/wp-content\\\/uploads\\\/2020\\\/06\\\/Rdeci-revirji-3x2-tinified.jpg\",\"contentUrl\":\"https:\\\/\\\/ptich.si\\\/wp-content\\\/uploads\\\/2020\\\/06\\\/Rdeci-revirji-3x2-tinified.jpg\",\"width\":1279,\"height\":853},{\"@type\":\"BreadcrumbList\",\"@id\":\"https:\\\/\\\/ptich.si\\\/sl\\\/od-ljubljane-prek-laibach-trbovelj-do-tito-kumrovec\\\/#breadcrumb\",\"itemListElement\":[{\"@type\":\"ListItem\",\"position\":1,\"name\":\"Home\",\"item\":\"https:\\\/\\\/ptich.si\\\/sl\\\/\"},{\"@type\":\"ListItem\",\"position\":2,\"name\":\"Od Ljubljane prek Laibachovih Trbovelj do Titovega Kumrovca in nazaj. Bi se pridru\u017eili?\"}]},{\"@type\":\"WebSite\",\"@id\":\"https:\\\/\\\/ptich.si\\\/sl\\\/#website\",\"url\":\"https:\\\/\\\/ptich.si\\\/sl\\\/\",\"name\":\"Ptich\",\"description\":\"Glasbeni izleti & urbane ture | Ljubljana | Slovenija\",\"publisher\":{\"@id\":\"https:\\\/\\\/ptich.si\\\/sl\\\/#organization\"},\"potentialAction\":[{\"@type\":\"SearchAction\",\"target\":{\"@type\":\"EntryPoint\",\"urlTemplate\":\"https:\\\/\\\/ptich.si\\\/sl\\\/?s={search_term_string}\"},\"query-input\":{\"@type\":\"PropertyValueSpecification\",\"valueRequired\":true,\"valueName\":\"search_term_string\"}}],\"inLanguage\":\"sl-SI\"},{\"@type\":\"Organization\",\"@id\":\"https:\\\/\\\/ptich.si\\\/sl\\\/#organization\",\"name\":\"Ptich\",\"url\":\"https:\\\/\\\/ptich.si\\\/sl\\\/\",\"logo\":{\"@type\":\"ImageObject\",\"inLanguage\":\"sl-SI\",\"@id\":\"https:\\\/\\\/ptich.si\\\/sl\\\/#\\\/schema\\\/logo\\\/image\\\/\",\"url\":\"https:\\\/\\\/ptich.si\\\/wp-content\\\/uploads\\\/2020\\\/05\\\/ptich-logo-mali.png\",\"contentUrl\":\"https:\\\/\\\/ptich.si\\\/wp-content\\\/uploads\\\/2020\\\/05\\\/ptich-logo-mali.png\",\"width\":135,\"height\":40,\"caption\":\"Ptich\"},\"image\":{\"@id\":\"https:\\\/\\\/ptich.si\\\/sl\\\/#\\\/schema\\\/logo\\\/image\\\/\"},\"sameAs\":[\"https:\\\/\\\/www.facebook.com\\\/PtichSlovenia\\\/\"]},{\"@type\":\"Person\",\"@id\":\"https:\\\/\\\/ptich.si\\\/sl\\\/#\\\/schema\\\/person\\\/87f1654008fb02442dde62aa7c216b42\",\"name\":\"laganosportski\",\"image\":{\"@type\":\"ImageObject\",\"inLanguage\":\"sl-SI\",\"@id\":\"https:\\\/\\\/secure.gravatar.com\\\/avatar\\\/121c035730a9a139bd7a88b8fd9f2166d16a959771369011d043d6d01676ec61?s=96&d=mm&r=g\",\"url\":\"https:\\\/\\\/secure.gravatar.com\\\/avatar\\\/121c035730a9a139bd7a88b8fd9f2166d16a959771369011d043d6d01676ec61?s=96&d=mm&r=g\",\"contentUrl\":\"https:\\\/\\\/secure.gravatar.com\\\/avatar\\\/121c035730a9a139bd7a88b8fd9f2166d16a959771369011d043d6d01676ec61?s=96&d=mm&r=g\",\"caption\":\"laganosportski\"},\"url\":\"https:\\\/\\\/ptich.si\\\/sl\\\/author\\\/laganosportski\\\/\"}]}<\/script>\n<!-- \/ Yoast SEO plugin. -->","yoast_head_json":{"title":"Feministi\u010dna tura z mag. Jasmino Jerant tudi v za\u010detku julija","description":"Zavod Urbana Vrana organizira znamenito feministi\u010dno turo po Ljubljani za staro in mlado, gosposko in damsko. Dobimo se na Gornjem trgu!","robots":{"index":"index","follow":"follow","max-snippet":"max-snippet:-1","max-image-preview":"max-image-preview:large","max-video-preview":"max-video-preview:-1"},"canonical":"https:\/\/ptich.si\/sl\/od-ljubljane-prek-laibach-trbovelj-do-tito-kumrovec\/","og_locale":"sl_SI","og_type":"article","og_title":"Feministi\u010dna tura z mag. Jasmino Jerant tudi v za\u010detku julija","og_description":"Zavod Urbana Vrana organizira znamenito feministi\u010dno turo po Ljubljani za staro in mlado, gosposko in damsko. Dobimo se na Gornjem trgu!","og_url":"https:\/\/ptich.si\/sl\/od-ljubljane-prek-laibach-trbovelj-do-tito-kumrovec\/","og_site_name":"Ptich","article_publisher":"https:\/\/www.facebook.com\/PtichSlovenia\/","article_published_time":"2020-06-15T11:06:04+00:00","article_modified_time":"2026-01-01T10:33:56+00:00","og_image":[{"width":1279,"height":853,"url":"https:\/\/ptich.si\/wp-content\/uploads\/2020\/06\/Rdeci-revirji-3x2-tinified.jpg","type":"image\/jpeg"}],"author":"laganosportski","twitter_card":"summary_large_image","twitter_misc":{"Written by":"laganosportski","Est. reading time":"6 minut"},"schema":{"@context":"https:\/\/schema.org","@graph":[{"@type":"Article","@id":"https:\/\/ptich.si\/sl\/od-ljubljane-prek-laibach-trbovelj-do-tito-kumrovec\/#article","isPartOf":{"@id":"https:\/\/ptich.si\/sl\/od-ljubljane-prek-laibach-trbovelj-do-tito-kumrovec\/"},"author":{"name":"laganosportski","@id":"https:\/\/ptich.si\/sl\/#\/schema\/person\/87f1654008fb02442dde62aa7c216b42"},"headline":"Od Ljubljane prek Laibachovih Trbovelj do Titovega Kumrovca in nazaj. Bi se pridru\u017eili?","datePublished":"2020-06-15T11:06:04+00:00","dateModified":"2026-01-01T10:33:56+00:00","mainEntityOfPage":{"@id":"https:\/\/ptich.si\/sl\/od-ljubljane-prek-laibach-trbovelj-do-tito-kumrovec\/"},"wordCount":1292,"publisher":{"@id":"https:\/\/ptich.si\/sl\/#organization"},"image":{"@id":"https:\/\/ptich.si\/sl\/od-ljubljane-prek-laibach-trbovelj-do-tito-kumrovec\/#primaryimage"},"thumbnailUrl":"https:\/\/ptich.si\/wp-content\/uploads\/2020\/06\/Rdeci-revirji-3x2-tinified.jpg","keywords":["BLOG","GLASBA","GLASBENI IZLETI","HRVA\u0160KA","SLOVENIJA"],"articleSection":["News-all","News-sl","Uncategorized @sl"],"inLanguage":"sl-SI"},{"@type":"WebPage","@id":"https:\/\/ptich.si\/sl\/od-ljubljane-prek-laibach-trbovelj-do-tito-kumrovec\/","url":"https:\/\/ptich.si\/sl\/od-ljubljane-prek-laibach-trbovelj-do-tito-kumrovec\/","name":"Feministi\u010dna tura z mag. Jasmino Jerant tudi v za\u010detku julija","isPartOf":{"@id":"https:\/\/ptich.si\/sl\/#website"},"primaryImageOfPage":{"@id":"https:\/\/ptich.si\/sl\/od-ljubljane-prek-laibach-trbovelj-do-tito-kumrovec\/#primaryimage"},"image":{"@id":"https:\/\/ptich.si\/sl\/od-ljubljane-prek-laibach-trbovelj-do-tito-kumrovec\/#primaryimage"},"thumbnailUrl":"https:\/\/ptich.si\/wp-content\/uploads\/2020\/06\/Rdeci-revirji-3x2-tinified.jpg","datePublished":"2020-06-15T11:06:04+00:00","dateModified":"2026-01-01T10:33:56+00:00","description":"Zavod Urbana Vrana organizira znamenito feministi\u010dno turo po Ljubljani za staro in mlado, gosposko in damsko. Dobimo se na Gornjem trgu!","breadcrumb":{"@id":"https:\/\/ptich.si\/sl\/od-ljubljane-prek-laibach-trbovelj-do-tito-kumrovec\/#breadcrumb"},"inLanguage":"sl-SI","potentialAction":[{"@type":"ReadAction","target":["https:\/\/ptich.si\/sl\/od-ljubljane-prek-laibach-trbovelj-do-tito-kumrovec\/"]}]},{"@type":"ImageObject","inLanguage":"sl-SI","@id":"https:\/\/ptich.si\/sl\/od-ljubljane-prek-laibach-trbovelj-do-tito-kumrovec\/#primaryimage","url":"https:\/\/ptich.si\/wp-content\/uploads\/2020\/06\/Rdeci-revirji-3x2-tinified.jpg","contentUrl":"https:\/\/ptich.si\/wp-content\/uploads\/2020\/06\/Rdeci-revirji-3x2-tinified.jpg","width":1279,"height":853},{"@type":"BreadcrumbList","@id":"https:\/\/ptich.si\/sl\/od-ljubljane-prek-laibach-trbovelj-do-tito-kumrovec\/#breadcrumb","itemListElement":[{"@type":"ListItem","position":1,"name":"Home","item":"https:\/\/ptich.si\/sl\/"},{"@type":"ListItem","position":2,"name":"Od Ljubljane prek Laibachovih Trbovelj do Titovega Kumrovca in nazaj. Bi se pridru\u017eili?"}]},{"@type":"WebSite","@id":"https:\/\/ptich.si\/sl\/#website","url":"https:\/\/ptich.si\/sl\/","name":"Ptich","description":"Glasbeni izleti & urbane ture | Ljubljana | Slovenija","publisher":{"@id":"https:\/\/ptich.si\/sl\/#organization"},"potentialAction":[{"@type":"SearchAction","target":{"@type":"EntryPoint","urlTemplate":"https:\/\/ptich.si\/sl\/?s={search_term_string}"},"query-input":{"@type":"PropertyValueSpecification","valueRequired":true,"valueName":"search_term_string"}}],"inLanguage":"sl-SI"},{"@type":"Organization","@id":"https:\/\/ptich.si\/sl\/#organization","name":"Ptich","url":"https:\/\/ptich.si\/sl\/","logo":{"@type":"ImageObject","inLanguage":"sl-SI","@id":"https:\/\/ptich.si\/sl\/#\/schema\/logo\/image\/","url":"https:\/\/ptich.si\/wp-content\/uploads\/2020\/05\/ptich-logo-mali.png","contentUrl":"https:\/\/ptich.si\/wp-content\/uploads\/2020\/05\/ptich-logo-mali.png","width":135,"height":40,"caption":"Ptich"},"image":{"@id":"https:\/\/ptich.si\/sl\/#\/schema\/logo\/image\/"},"sameAs":["https:\/\/www.facebook.com\/PtichSlovenia\/"]},{"@type":"Person","@id":"https:\/\/ptich.si\/sl\/#\/schema\/person\/87f1654008fb02442dde62aa7c216b42","name":"laganosportski","image":{"@type":"ImageObject","inLanguage":"sl-SI","@id":"https:\/\/secure.gravatar.com\/avatar\/121c035730a9a139bd7a88b8fd9f2166d16a959771369011d043d6d01676ec61?s=96&d=mm&r=g","url":"https:\/\/secure.gravatar.com\/avatar\/121c035730a9a139bd7a88b8fd9f2166d16a959771369011d043d6d01676ec61?s=96&d=mm&r=g","contentUrl":"https:\/\/secure.gravatar.com\/avatar\/121c035730a9a139bd7a88b8fd9f2166d16a959771369011d043d6d01676ec61?s=96&d=mm&r=g","caption":"laganosportski"},"url":"https:\/\/ptich.si\/sl\/author\/laganosportski\/"}]}},"jetpack_featured_media_url":"https:\/\/ptich.si\/wp-content\/uploads\/2020\/06\/Rdeci-revirji-3x2-tinified.jpg","_links":{"self":[{"href":"https:\/\/ptich.si\/sl\/wp-json\/wp\/v2\/posts\/10939","targetHints":{"allow":["GET"]}}],"collection":[{"href":"https:\/\/ptich.si\/sl\/wp-json\/wp\/v2\/posts"}],"about":[{"href":"https:\/\/ptich.si\/sl\/wp-json\/wp\/v2\/types\/post"}],"author":[{"embeddable":true,"href":"https:\/\/ptich.si\/sl\/wp-json\/wp\/v2\/users\/3"}],"replies":[{"embeddable":true,"href":"https:\/\/ptich.si\/sl\/wp-json\/wp\/v2\/comments?post=10939"}],"version-history":[{"count":5,"href":"https:\/\/ptich.si\/sl\/wp-json\/wp\/v2\/posts\/10939\/revisions"}],"predecessor-version":[{"id":13087,"href":"https:\/\/ptich.si\/sl\/wp-json\/wp\/v2\/posts\/10939\/revisions\/13087"}],"wp:featuredmedia":[{"embeddable":true,"href":"https:\/\/ptich.si\/sl\/wp-json\/wp\/v2\/media\/11034"}],"wp:attachment":[{"href":"https:\/\/ptich.si\/sl\/wp-json\/wp\/v2\/media?parent=10939"}],"wp:term":[{"taxonomy":"category","embeddable":true,"href":"https:\/\/ptich.si\/sl\/wp-json\/wp\/v2\/categories?post=10939"},{"taxonomy":"post_tag","embeddable":true,"href":"https:\/\/ptich.si\/sl\/wp-json\/wp\/v2\/tags?post=10939"}],"curies":[{"name":"wp","href":"https:\/\/api.w.org\/{rel}","templated":true}]}}