{"id":11021,"date":"2020-06-08T10:10:48","date_gmt":"2020-06-08T10:10:48","guid":{"rendered":"https:\/\/ptich.si\/?p=11021"},"modified":"2025-12-31T16:40:36","modified_gmt":"2025-12-31T16:40:36","slug":"bosanski-psiho-v-sloveniji","status":"publish","type":"post","link":"https:\/\/ptich.si\/sl\/bosanski-psiho-v-sloveniji\/","title":{"rendered":"Bosanski psiho v Sloveniji"},"content":{"rendered":"<div class=\"entry-content\">\n<div id=\"pl-2424\" class=\"panel-layout\">\n<div id=\"pg-2424-5\" class=\"panel-grid panel-no-style\">\n<div id=\"pgc-2424-5-0\" class=\"panel-grid-cell\">\n<div id=\"panel-2424-5-0-0\" class=\"so-panel widget widget_sow-editor panel-first-child panel-last-child\" data-index=\"8\">\n<div class=\"so-widget-sow-editor so-widget-sow-editor-base\">\n<div class=\"siteorigin-widget-tinymce textwidget\">\n<div id=\"main\" class=\"site-main\">\n<div class=\"full-container\">\n<div id=\"primary\" class=\"content-area\">\n<div id=\"content\" class=\"site-content\" role=\"main\">\n<article id=\"post-2411\" class=\"post post-2411 type-post status-publish format-standard has-post-thumbnail hentry category-uncategorized-sl\">\n<div class=\"entry-main\">\n<div class=\"entry-content\">\n<div id=\"pl-2411\" class=\"panel-layout\">\n<div id=\"pg-2411-1\" class=\"panel-grid panel-no-style\">\n<div id=\"pgc-2411-1-0\" class=\"panel-grid-cell\">\n<div id=\"panel-2411-1-0-0\" class=\"so-panel widget widget_sow-editor panel-first-child panel-last-child\" data-index=\"2\">\n<div class=\"so-widget-sow-editor so-widget-sow-editor-base\">\n<div class=\"siteorigin-widget-tinymce textwidget\">\n<div class=\"full-container\">\n<div id=\"primary\" class=\"content-area\">\n<div id=\"content\" class=\"site-content\" role=\"main\">\n<article id=\"post-2411\" class=\"post post-2411 type-post status-publish format-standard has-post-thumbnail hentry category-uncategorized-sl\">\n<div class=\"entry-main\">\n<div class=\"entry-content\">\n<div id=\"pl-2411\" class=\"panel-layout\">\n<div id=\"pg-2411-1\" class=\"panel-grid panel-no-style\">\n<div id=\"pgc-2411-1-0\" class=\"panel-grid-cell\">\n<div id=\"panel-2411-1-0-0\" class=\"so-panel widget widget_sow-editor panel-first-child panel-last-child\" data-index=\"2\">\n<div class=\"so-widget-sow-editor so-widget-sow-editor-base\">\n<p>Pred leti sem bil postavljen pred dilemo. Ali naj v ljubljanskem Sax pubu, takrat k jazzovski glasbeni identiteti orientirane to\u010dilnice, spijem \u0161e eno pivo? Ali pa naj jo, potem ko me je razposajena dru\u017eba zapustila zaradi vi\u0161jih ciljev, pocvirnam domov? Ura se je, \u010de se ne motim, pribli\u017eevala pol deseti in odlo\u010dil se, da kljub vsemu pla\u010dam zapitek.<\/p>\n<p>A takrat mi je strahintrepet ter lucidni vodja gostinsko-kulturne ponudbe v Saxu dobronamerno namignil, da bi se spla\u010dalo ostati \u0161e malo dlje. Kot ponavadi je bil tudi tisti \u010detrtek na sporedu koncert. Ti so bili sicer raznolike d\u017eezisti\u010dne izpeljanke iz vseh vetrov, dasiravno je bilo tudi pristnih doma\u010dih katalen in tujih chrisov eckmanov na teh tedenskih snidenjih na pretek.<\/p>\n<p>Tistikrat pa se je bojda obetal \u010disto poseben dogodek, ki ga ljubitelj glasbe in neposredne besede ne sme zamuditi. Tako je vsaj predlo tistih nekaj prvoborskih poznavalcev, ki so se \u017ee nagnetli v miniaturno kamro omenjene kulturne ustanove. V kotku levo od vhoda je stal le mikrofon in kitarski oja\u010devalec. Ne ravno prepri\u010dan, da bom pri\u010da kakr\u0161nemu koli zgodovino zaznamujo\u010demu dogodku, sem vseeno po\u010dakal. Nekaj malega iz firbca, \u010de se neformalna avantgarda glasbene kritike kljub vsemu ne moti, \u0161e bolj pa zato, ker mi ni di\u0161alo sesti k delu za doma\u010do tastaturo. Ob takrat \u010disto nerelevantnem vpra\u0161anju, ali je moja steklenica piva pol prazna ali pol polna, se je za\u010delo.<\/p>\n<p>Bolje bi bilo re\u010di, udarilo je. Kot rafal, ki prepara bukoli\u010dno jaso. Mladostni mo\u017eakar v svojih \u0161tiridesetih je imel na sebi mikico, na kateri je kraljeval Che. Karizmati\u010den pa je bil tako zelo, da bi o prezenci lahko predaval nadebudnim igralcem na Akademiji. Nema kitara je po\u010divala na stojalu, iz njegovih ust pa so doneli recitirani verzi v \u017emahtni bosan\u0161\u010dini. \u010cez Chejevo obli\u010dje je s po\u010dasnimi, a odlo\u010dnimi gibi lepil rumen samolepilni trak, tako da je \u010dez gverilca naredil kri\u017e. To je bila prva v nizu potez tega mladostnega mo\u017eakarja, ki so se tekom let vame zarasle, kot se \u00bbporo\u010dni prstan zaraste v meso\u00ab.<\/p>\n<p><iframe loading=\"lazy\" src=\"https:\/\/www.youtube.com\/embed\/dRZeFDAASBY\" width=\"560\" height=\"315\" frameborder=\"0\" allowfullscreen=\"allowfullscreen\"><\/iframe><\/p>\n<p>Po uvodni nasr\u0161eni recitaciji in navdu\u0161enem aplavzu trdojedrnih fanov je v roke vzel elektri\u010dno kitaro. V oja\u010devalcu je zapiskalo \u2013 mikrofonija pri\u010dakovanja \u2013 in za\u010deli so se valiti rifi. Rifi arenbija stare \u0161ole, hard rock rifi, sevdah-core rifi. Trdi, grobi, \u0161e tr\u0161i in \u0161e bolj grobi, hladni in raz\u017erti. Potem pa mehki in melodi\u010dni. \u010cez to je v nas lezel rezek krik neposrednega besediljenja, prediren glas, ki ni ponujal nobenega upanja, a je obenem obljubljal izgon strahu z bojevito vnemo vztrajanja v svoji dr\u017ei.<\/p>\n<p>Te\u017eko je opisati, kaj se je v meni takrat dogajalo. Vpijal sem ta performans, ta razsvetljeni lunatizem, bestialnost v kultiviranem stihu, antipozersko pozo razimid\u017eiranega punkerja, ki je \u00bb\u0161e vedno hard core\u00ab. Preplet politi\u010dne situacije v povojni Bosni, globalizacijskih paradoksov, izdajalske \u010dutnosti, kr\u010devite ljubezni in objokovanih grobov v besedilih, anga\u017ema in zavezanost v nastopu, \u00bbluciferska\u00ab prepri\u010danost v svoj prav, unikatna samozavest, smrtna zaresnost pomena besed in njihovega podajanja \u2013 vse to me je spomnilo na nekaj, kar sem do takrat ob\u010dutil ob poslu\u0161anju le ene osebe.<\/p>\n<p>To je Johnny \u0160tulic za tretje tiso\u010dletje, mi je kar izletelo. Performerjev prijatelj in soorganizator \u0161pila, ki je stal ob meni, je zgolj poznavalsko prizanesljivo prikimal, \u010de\u0161 meni je vse to \u017ee dolgo kristalno jasno, ti si pa\u010d zamudnik, ampak ni\u010d ne de, se bomo o tem pogovarjali po koncertu. In smo tudi se. Po sklopu naklju\u010dij, ki jih je prinesel \u010das, celo vedno bolj intenzivno. S\u010dasoma je tudi izpuhtela primerjava s kultnim besedilopiscem in skladateljem zagreb\u0161ke Azre, ostal pa je in se \u0161e poglabljal za\u010detni vtis s tega nastopa jeseni 2006, in sicer da je med nami avtor \u010disto posebnega novega formata, ki \u0161e dolgo ne bo rekel zadnje besede.<\/p>\n<p>Mladosti mo\u017eakar, o katerem je govora, je Damir Avdi\u0107. Aka Diplomatz. Aka Bosanski psiho. Pesnik, skladatelj, romanopisec, glasbenik in gledali\u0161ki igralec iz Tuzle, neko\u010d najbolj znane po kopanju soli. Vse svoje pojavne oblike najbolj u\u010dinkovito zdru\u017euje v vlogi povampirjenega elektrificiranega kantavtorja, ki se je polagoma od leta 2004, ko je izdal prvenec <em>Od trnja i \u017eaoka<\/em> (Slu\u0161aj najglasnije), prebijal na odre biv\u0161e domovine.<\/p>\n<p><iframe loading=\"lazy\" src=\"https:\/\/www.youtube.com\/embed\/TkrwDibB2Nk\" width=\"560\" height=\"315\" frameborder=\"0\" allowfullscreen=\"allowfullscreen\"><\/iframe><\/p>\n<p>Z vsakim novim ekspresivno zasoljenim solo nastopom je u\u010dinkovito razgla\u0161al \u00bbsvojo religijo, ki ni objavljena\u00ab, ter s svojim \u017eelom vztrajno pikal prenekaterega \u00bbkonzumenta derivatov sre\u010de\u00ab. Nikoli ne bom pozabil Avdi\u0107evega koncerta, ko je na velikem odru festivala Trnfest &#8211; suvereno obvladujo\u010d tri pokon\u010dno postavljene mikrofone, osrednjega in po enega na levem in desnem boku odra &#8211; k evfori\u010dnem odzivu prisil ve\u010d kot petstoglavo mno\u017eico naklju\u010dnih obiskovalcev, ki je na brezpla\u010dni dogodek pri\u0161la predvsem zaradi dru\u017ebe in poceni pija\u010de, ne pa zaradi neznega kantavtorja iz Bosne. Po koncertu ni bil ve\u010d neznan.<\/p>\n<p>Poleg nastopanja z glasom in kitaro, Avdi\u0107 pi\u0161e tudi zgodbe. Pri tem mu izku\u0161nja vojne v Bosni, povojnega imigrantskega \u017eivljenja v ZDA in rednih potovanj po ex-YU prostorih pridejo \u0161e kako prav. V\u010dasih njegova pesem postane roman, spet drugi\u010d iz dalj\u0161e pripovedi nastane pesem. Njegovi liki so \u017eivi, ljudje iz mesa in krvi, kot bi rekel Marjan Ro\u017eanc. Nekateri \u2013 in ti so mi najbljub\u0161i &#8211; ska\u010dejo iz romanov v pesmi in obratno.<\/p>\n<p>Avdi\u0107eva neposrednost in iskrenost prihajata na plano v vseh njegovih teh besedilih. Kriti\u010dno se loteva \u00bbdesnih\u00ab in \u00bblevih\u00ab, futuristov in nostalgikov, nove \u00bbbosnische\u00ab kulturne revolucije, mafijsko-politi\u010dnega kriminala, brez\u010dutnega \u00a0pohlepa, novodobnega su\u017eenjstva, instrumentaliziranja religije za posvetne cilje, \u00bbunov\u010denja idealov\u00ab, neoliberalizma, anarhizma in drugih tematik, ki se posredno navezujejo na lokalno privzemanje\/globalno vsiljevanje socialno-ekonomskih vzorcev.<\/p>\n<p><iframe loading=\"lazy\" src=\"https:\/\/www.youtube.com\/embed\/79VRnw2rG3w\" width=\"560\" height=\"315\" frameborder=\"0\" allowfullscreen=\"allowfullscreen\"><\/iframe><\/p>\n<p>Avdi\u0107ev jezik je fantasti\u010dno ambivalenten. Brez kark\u0161nih koli opozoril menja narativne pozicije in to\u010dke izrekanja. Te\u017eko je ugotoviti, katera oseba je tista, ki izgovarja, kar sli\u0161i\u0161\/bere\u0161. Prav tako je dostikrat te\u017eko dojeti, kaj je monolog, kaj dialog in kaj deskripcija. Pripoved Avdi\u0107 fragmentira na na\u010din, da iz domnevno enega izra\u0161\u010dajo pravzaprav \u0161tevilni \u00bbpripovedovalci\u00ab, tako da kot poslu\u0161alci\/bralci nikoli ne moremo biti povsem gotovi, kak\u0161no je stali\u0161\u010de glavnih junakov in Damirja Avdi\u0107a samega.<\/p>\n<p>Nih\u010de ga ne bere na enak na\u010din. Mnogi levi\u010darji in liberalci ga hvalijo in citirajo, imeli pa so ga tudi \u017ee za glasnogovornika desnice. Kar ni \u010dudno, saj v besedilih stopi na \u017eulj razli\u010dnim mitologom in ideologom na levi in desni strani politi\u010dnega spektra. Njegovi liki se poistovetijo s \u0161tevilnimi usodami, dru\u017ebenimi polo\u017eaji, miti, legendami in idejami. Njegovo izra\u017eanje ni neposredni politi\u010dni program, ampak kola\u017eiranje najrazli\u010dnej\u0161ih stali\u0161\u010d in emocij raznolikih posameznikov in posameznic: ubogih, revnih, zlobnih, \u0161ibkih, bogatih, asketskih, dekadentnih, oblastnih, seksisti\u010dnih, delinkventnih, \u0161ovinisti\u010dnih, zaljubljenih, religioznih, starih, mladih itd. Vse to na koncu naraste besni shizofreni krik\/\u0161epet nemo\u010di, ki odra\u017ea naravo \u010dasa in dru\u017ebe, v kateri \u017eivimo, bolje kot ve\u010dina umetni\u0161kih del, ki jih poznam.<\/p>\n<p>Avdi\u0107 redke pusti hladne. Ve\u010dino vznemeri. Tako je recimo tudi Edo Maajka, bosansko-hrva\u0161ki reperski kolos, pred kakimi desetimi leti pri\u0161el na idejo, da bi se z Avdi\u0107em morala povezati. Maajka je namre\u010d odra\u0161\u010dal blizu Tuzle in bil \u0161e kot najstnik velik fan nekdanjega Avdi\u0107evega benda Rupa u zidu. Izmenjala sta par besed po telefonu in nastal je Trnokop, rudimentaren rock bend s knapovskim prizvokom (trnokop je nekak\u0161en rudarski kramp), v katerem je bil Maajka na vokalu, Avdi\u0107 pa na kitari in drugem vokalu. Komadi so nastajali, plo\u0161\u010da je bila v paci, ampak ni \u0161lo. Po le dveh \u017eivih nastopih je zasedba razpadla in stihoklepna prvaka Balkana sta se vrnila vsak v svoj solisti\u010dni rudnik. \u0160e vedno mi je \u017eal, da plo\u0161\u010da ni bila posneta. Br\u017e\u010das se najde kje kak dobro zvene\u010d demo posnetek ali bootleg s koncertov. Tole je recimo vzorec, ki ga je mogo\u010de najti na spletu:<\/p>\n<p><iframe loading=\"lazy\" src=\"https:\/\/www.youtube.com\/embed\/1Yf1zwzpOK4\" width=\"560\" height=\"315\" frameborder=\"0\" allowfullscreen=\"allowfullscreen\"><\/iframe><\/p>\n<p>Od takrat je preteklo veliko vode pod mostom. Edo Maajka ob vsaki novi plo\u0161\u010di naznani, da bo zadnja. Na\u0161 mladostni mo\u017eakar pa niti pomisli ne na upokojitev. Njegovi romani in albumi, njegovi junaki in junakinje, njegovi politi\u010dni in ljubezenski stihi nas redno obiskujejo. In pot, ki jo prehodijo do nas, je zdaj zelo kratka, saj se je Avdi\u0107 pred leti preselil iz Bosne k nam v Slovenijo. Tu si je ustvaril dom in dru\u017eino, kot se re\u010de. In mnogi smo zdaj prav veseli, da se Slovenija lahko pona\u0161a s pravim pravcatim Bosanskim psihom.<\/p>\n<p>&nbsp;<\/p>\n<p>Besedilo: Gregor Bulc<\/p>\n<p>Naslovna podoba je last Damirja Avdi\u0107a.<\/p>\n<\/div>\n<\/div>\n<\/div>\n<\/div>\n<\/div>\n<\/div>\n<\/div>\n<\/article>\n<\/div>\n<\/div>\n<\/div>\n<div class=\"full-container\">\n<div id=\"primary\" class=\"content-area\">\n<div id=\"content\" class=\"site-content\" role=\"main\">\n<article id=\"post-2411\" class=\"post post-2411 type-post status-publish format-standard has-post-thumbnail hentry category-uncategorized-sl\">\n<div class=\"entry-main\">\n<div class=\"entry-content\">\n<div id=\"pl-2411\" class=\"panel-layout\">\n<div id=\"pg-2411-1\" class=\"panel-grid panel-no-style\">\n<div id=\"pgc-2411-1-0\" class=\"panel-grid-cell\">\n<div id=\"panel-2411-1-0-0\" class=\"so-panel widget widget_sow-editor panel-first-child panel-last-child\" data-index=\"2\">\n<div class=\"full-container\">\n<div id=\"primary\" class=\"content-area\">\n<div id=\"content\" class=\"site-content\" role=\"main\">\n<article id=\"post-2411\" class=\"post post-2411 type-post status-publish format-standard has-post-thumbnail hentry category-uncategorized-sl\">\n<div class=\"entry-main\">\n<div class=\"entry-content\">\n<div><\/div>\n<div id=\"pl-2411\" class=\"panel-layout\">\n<div id=\"pg-2411-1\" class=\"panel-grid panel-no-style\">\n<p>&nbsp;<\/p>\n<\/div>\n<\/div>\n<\/div>\n<\/div>\n<\/article>\n<\/div>\n<\/div>\n<\/div>\n<\/div>\n<\/div>\n<\/div>\n<\/div>\n<\/div>\n<\/div>\n<\/article>\n<\/div>\n<\/div>\n<\/div>\n<\/div>\n<\/div>\n<\/div>\n<\/div>\n<\/div>\n<\/div>\n<\/div>\n<\/div>\n<\/article>\n<\/div>\n<\/div>\n<\/div>\n<\/div>\n<\/div>\n<\/div>\n<\/div>\n<\/div>\n<\/div>\n<\/div>\n<\/div>\n","protected":false},"excerpt":{"rendered":"<p>Pred leti sem bil postavljen pred dilemo. Ali naj v ljubljanskem Sax pubu, takrat k jazzovski glasbeni identiteti orientirane to\u010dilnice, spijem \u0161e eno pivo? Ali pa naj jo, potem ko me je razposajena dru\u017eba zapustila zaradi vi\u0161jih ciljev, pocvirnam domov? Ura se je, \u010de se ne motim, pribli\u017eevala pol deseti in odlo\u010dil se, da kljub [&hellip;]<\/p>\n","protected":false},"author":3,"featured_media":11009,"comment_status":"closed","ping_status":"open","sticky":false,"template":"","format":"standard","meta":{"_monsterinsights_skip_tracking":false,"_monsterinsights_sitenote_active":false,"_monsterinsights_sitenote_note":"","_monsterinsights_sitenote_category":0,"footnotes":""},"categories":[73,61,54],"tags":[93,109,84,117,105],"class_list":["post-11021","post","type-post","status-publish","format-standard","has-post-thumbnail","hentry","category-news-all","category-news-sl","category-uncategorized-sl","tag-blog","tag-bosna-in-hercegovina","tag-glasba","tag-knjizevnost","tag-slovenija"],"yoast_head":"<!-- This site is optimized with the Yoast SEO plugin v27.4 - https:\/\/yoast.com\/product\/yoast-seo-wordpress\/ -->\n<title>Feministi\u010dna tura z mag. Jasmino Jerant tudi v za\u010detku julija<\/title>\n<meta name=\"description\" content=\"Zavod Urbana Vrana organizira znamenito feministi\u010dno turo po Ljubljani za staro in mlado, gosposko in damsko. Dobimo se na Gornjem trgu!\" \/>\n<meta name=\"robots\" content=\"index, follow, max-snippet:-1, max-image-preview:large, max-video-preview:-1\" \/>\n<link rel=\"canonical\" href=\"https:\/\/ptich.si\/sl\/bosanski-psiho-v-sloveniji\/\" \/>\n<meta property=\"og:locale\" content=\"sl_SI\" \/>\n<meta property=\"og:type\" content=\"article\" \/>\n<meta property=\"og:title\" content=\"Feministi\u010dna tura z mag. Jasmino Jerant tudi v za\u010detku julija\" \/>\n<meta property=\"og:description\" content=\"Zavod Urbana Vrana organizira znamenito feministi\u010dno turo po Ljubljani za staro in mlado, gosposko in damsko. Dobimo se na Gornjem trgu!\" \/>\n<meta property=\"og:url\" content=\"https:\/\/ptich.si\/sl\/bosanski-psiho-v-sloveniji\/\" \/>\n<meta property=\"og:site_name\" content=\"Ptich\" \/>\n<meta property=\"article:publisher\" content=\"https:\/\/www.facebook.com\/PtichSlovenia\/\" \/>\n<meta property=\"article:published_time\" content=\"2020-06-08T10:10:48+00:00\" \/>\n<meta property=\"article:modified_time\" content=\"2025-12-31T16:40:36+00:00\" \/>\n<meta property=\"og:image\" content=\"https:\/\/ptich.si\/wp-content\/uploads\/2020\/07\/Damir-Avdic-Amerika.jpg\" \/>\n\t<meta property=\"og:image:width\" content=\"1200\" \/>\n\t<meta property=\"og:image:height\" content=\"800\" \/>\n\t<meta property=\"og:image:type\" content=\"image\/jpeg\" \/>\n<meta name=\"author\" content=\"laganosportski\" \/>\n<meta name=\"twitter:card\" content=\"summary_large_image\" \/>\n<meta name=\"twitter:label1\" content=\"Written by\" \/>\n\t<meta name=\"twitter:data1\" content=\"laganosportski\" \/>\n\t<meta name=\"twitter:label2\" content=\"Est. reading time\" \/>\n\t<meta name=\"twitter:data2\" content=\"7 minut\" \/>\n<script type=\"application\/ld+json\" class=\"yoast-schema-graph\">{\"@context\":\"https:\\\/\\\/schema.org\",\"@graph\":[{\"@type\":\"Article\",\"@id\":\"https:\\\/\\\/ptich.si\\\/sl\\\/bosanski-psiho-v-sloveniji\\\/#article\",\"isPartOf\":{\"@id\":\"https:\\\/\\\/ptich.si\\\/sl\\\/bosanski-psiho-v-sloveniji\\\/\"},\"author\":{\"name\":\"laganosportski\",\"@id\":\"https:\\\/\\\/ptich.si\\\/sl\\\/#\\\/schema\\\/person\\\/87f1654008fb02442dde62aa7c216b42\"},\"headline\":\"Bosanski psiho v Sloveniji\",\"datePublished\":\"2020-06-08T10:10:48+00:00\",\"dateModified\":\"2025-12-31T16:40:36+00:00\",\"mainEntityOfPage\":{\"@id\":\"https:\\\/\\\/ptich.si\\\/sl\\\/bosanski-psiho-v-sloveniji\\\/\"},\"wordCount\":1468,\"publisher\":{\"@id\":\"https:\\\/\\\/ptich.si\\\/sl\\\/#organization\"},\"image\":{\"@id\":\"https:\\\/\\\/ptich.si\\\/sl\\\/bosanski-psiho-v-sloveniji\\\/#primaryimage\"},\"thumbnailUrl\":\"https:\\\/\\\/ptich.si\\\/wp-content\\\/uploads\\\/2020\\\/07\\\/Damir-Avdic-Amerika.jpg\",\"keywords\":[\"BLOG\",\"BOSNA IN HERCEGOVINA\",\"GLASBA\",\"KNJI\u017dEVNOST\",\"SLOVENIJA\"],\"articleSection\":[\"News-all\",\"News-sl\",\"Uncategorized @sl\"],\"inLanguage\":\"sl-SI\"},{\"@type\":\"WebPage\",\"@id\":\"https:\\\/\\\/ptich.si\\\/sl\\\/bosanski-psiho-v-sloveniji\\\/\",\"url\":\"https:\\\/\\\/ptich.si\\\/sl\\\/bosanski-psiho-v-sloveniji\\\/\",\"name\":\"Feministi\u010dna tura z mag. Jasmino Jerant tudi v za\u010detku julija\",\"isPartOf\":{\"@id\":\"https:\\\/\\\/ptich.si\\\/sl\\\/#website\"},\"primaryImageOfPage\":{\"@id\":\"https:\\\/\\\/ptich.si\\\/sl\\\/bosanski-psiho-v-sloveniji\\\/#primaryimage\"},\"image\":{\"@id\":\"https:\\\/\\\/ptich.si\\\/sl\\\/bosanski-psiho-v-sloveniji\\\/#primaryimage\"},\"thumbnailUrl\":\"https:\\\/\\\/ptich.si\\\/wp-content\\\/uploads\\\/2020\\\/07\\\/Damir-Avdic-Amerika.jpg\",\"datePublished\":\"2020-06-08T10:10:48+00:00\",\"dateModified\":\"2025-12-31T16:40:36+00:00\",\"description\":\"Zavod Urbana Vrana organizira znamenito feministi\u010dno turo po Ljubljani za staro in mlado, gosposko in damsko. Dobimo se na Gornjem trgu!\",\"breadcrumb\":{\"@id\":\"https:\\\/\\\/ptich.si\\\/sl\\\/bosanski-psiho-v-sloveniji\\\/#breadcrumb\"},\"inLanguage\":\"sl-SI\",\"potentialAction\":[{\"@type\":\"ReadAction\",\"target\":[\"https:\\\/\\\/ptich.si\\\/sl\\\/bosanski-psiho-v-sloveniji\\\/\"]}]},{\"@type\":\"ImageObject\",\"inLanguage\":\"sl-SI\",\"@id\":\"https:\\\/\\\/ptich.si\\\/sl\\\/bosanski-psiho-v-sloveniji\\\/#primaryimage\",\"url\":\"https:\\\/\\\/ptich.si\\\/wp-content\\\/uploads\\\/2020\\\/07\\\/Damir-Avdic-Amerika.jpg\",\"contentUrl\":\"https:\\\/\\\/ptich.si\\\/wp-content\\\/uploads\\\/2020\\\/07\\\/Damir-Avdic-Amerika.jpg\",\"width\":1200,\"height\":800},{\"@type\":\"BreadcrumbList\",\"@id\":\"https:\\\/\\\/ptich.si\\\/sl\\\/bosanski-psiho-v-sloveniji\\\/#breadcrumb\",\"itemListElement\":[{\"@type\":\"ListItem\",\"position\":1,\"name\":\"Home\",\"item\":\"https:\\\/\\\/ptich.si\\\/sl\\\/\"},{\"@type\":\"ListItem\",\"position\":2,\"name\":\"Bosanski psiho v Sloveniji\"}]},{\"@type\":\"WebSite\",\"@id\":\"https:\\\/\\\/ptich.si\\\/sl\\\/#website\",\"url\":\"https:\\\/\\\/ptich.si\\\/sl\\\/\",\"name\":\"Ptich\",\"description\":\"Glasbeni izleti & urbane ture | Ljubljana | Slovenija\",\"publisher\":{\"@id\":\"https:\\\/\\\/ptich.si\\\/sl\\\/#organization\"},\"potentialAction\":[{\"@type\":\"SearchAction\",\"target\":{\"@type\":\"EntryPoint\",\"urlTemplate\":\"https:\\\/\\\/ptich.si\\\/sl\\\/?s={search_term_string}\"},\"query-input\":{\"@type\":\"PropertyValueSpecification\",\"valueRequired\":true,\"valueName\":\"search_term_string\"}}],\"inLanguage\":\"sl-SI\"},{\"@type\":\"Organization\",\"@id\":\"https:\\\/\\\/ptich.si\\\/sl\\\/#organization\",\"name\":\"Ptich\",\"url\":\"https:\\\/\\\/ptich.si\\\/sl\\\/\",\"logo\":{\"@type\":\"ImageObject\",\"inLanguage\":\"sl-SI\",\"@id\":\"https:\\\/\\\/ptich.si\\\/sl\\\/#\\\/schema\\\/logo\\\/image\\\/\",\"url\":\"https:\\\/\\\/ptich.si\\\/wp-content\\\/uploads\\\/2020\\\/05\\\/ptich-logo-mali.png\",\"contentUrl\":\"https:\\\/\\\/ptich.si\\\/wp-content\\\/uploads\\\/2020\\\/05\\\/ptich-logo-mali.png\",\"width\":135,\"height\":40,\"caption\":\"Ptich\"},\"image\":{\"@id\":\"https:\\\/\\\/ptich.si\\\/sl\\\/#\\\/schema\\\/logo\\\/image\\\/\"},\"sameAs\":[\"https:\\\/\\\/www.facebook.com\\\/PtichSlovenia\\\/\"]},{\"@type\":\"Person\",\"@id\":\"https:\\\/\\\/ptich.si\\\/sl\\\/#\\\/schema\\\/person\\\/87f1654008fb02442dde62aa7c216b42\",\"name\":\"laganosportski\",\"image\":{\"@type\":\"ImageObject\",\"inLanguage\":\"sl-SI\",\"@id\":\"https:\\\/\\\/secure.gravatar.com\\\/avatar\\\/121c035730a9a139bd7a88b8fd9f2166d16a959771369011d043d6d01676ec61?s=96&d=mm&r=g\",\"url\":\"https:\\\/\\\/secure.gravatar.com\\\/avatar\\\/121c035730a9a139bd7a88b8fd9f2166d16a959771369011d043d6d01676ec61?s=96&d=mm&r=g\",\"contentUrl\":\"https:\\\/\\\/secure.gravatar.com\\\/avatar\\\/121c035730a9a139bd7a88b8fd9f2166d16a959771369011d043d6d01676ec61?s=96&d=mm&r=g\",\"caption\":\"laganosportski\"},\"url\":\"https:\\\/\\\/ptich.si\\\/sl\\\/author\\\/laganosportski\\\/\"}]}<\/script>\n<!-- \/ Yoast SEO plugin. -->","yoast_head_json":{"title":"Feministi\u010dna tura z mag. Jasmino Jerant tudi v za\u010detku julija","description":"Zavod Urbana Vrana organizira znamenito feministi\u010dno turo po Ljubljani za staro in mlado, gosposko in damsko. Dobimo se na Gornjem trgu!","robots":{"index":"index","follow":"follow","max-snippet":"max-snippet:-1","max-image-preview":"max-image-preview:large","max-video-preview":"max-video-preview:-1"},"canonical":"https:\/\/ptich.si\/sl\/bosanski-psiho-v-sloveniji\/","og_locale":"sl_SI","og_type":"article","og_title":"Feministi\u010dna tura z mag. Jasmino Jerant tudi v za\u010detku julija","og_description":"Zavod Urbana Vrana organizira znamenito feministi\u010dno turo po Ljubljani za staro in mlado, gosposko in damsko. Dobimo se na Gornjem trgu!","og_url":"https:\/\/ptich.si\/sl\/bosanski-psiho-v-sloveniji\/","og_site_name":"Ptich","article_publisher":"https:\/\/www.facebook.com\/PtichSlovenia\/","article_published_time":"2020-06-08T10:10:48+00:00","article_modified_time":"2025-12-31T16:40:36+00:00","og_image":[{"width":1200,"height":800,"url":"https:\/\/ptich.si\/wp-content\/uploads\/2020\/07\/Damir-Avdic-Amerika.jpg","type":"image\/jpeg"}],"author":"laganosportski","twitter_card":"summary_large_image","twitter_misc":{"Written by":"laganosportski","Est. reading time":"7 minut"},"schema":{"@context":"https:\/\/schema.org","@graph":[{"@type":"Article","@id":"https:\/\/ptich.si\/sl\/bosanski-psiho-v-sloveniji\/#article","isPartOf":{"@id":"https:\/\/ptich.si\/sl\/bosanski-psiho-v-sloveniji\/"},"author":{"name":"laganosportski","@id":"https:\/\/ptich.si\/sl\/#\/schema\/person\/87f1654008fb02442dde62aa7c216b42"},"headline":"Bosanski psiho v Sloveniji","datePublished":"2020-06-08T10:10:48+00:00","dateModified":"2025-12-31T16:40:36+00:00","mainEntityOfPage":{"@id":"https:\/\/ptich.si\/sl\/bosanski-psiho-v-sloveniji\/"},"wordCount":1468,"publisher":{"@id":"https:\/\/ptich.si\/sl\/#organization"},"image":{"@id":"https:\/\/ptich.si\/sl\/bosanski-psiho-v-sloveniji\/#primaryimage"},"thumbnailUrl":"https:\/\/ptich.si\/wp-content\/uploads\/2020\/07\/Damir-Avdic-Amerika.jpg","keywords":["BLOG","BOSNA IN HERCEGOVINA","GLASBA","KNJI\u017dEVNOST","SLOVENIJA"],"articleSection":["News-all","News-sl","Uncategorized @sl"],"inLanguage":"sl-SI"},{"@type":"WebPage","@id":"https:\/\/ptich.si\/sl\/bosanski-psiho-v-sloveniji\/","url":"https:\/\/ptich.si\/sl\/bosanski-psiho-v-sloveniji\/","name":"Feministi\u010dna tura z mag. Jasmino Jerant tudi v za\u010detku julija","isPartOf":{"@id":"https:\/\/ptich.si\/sl\/#website"},"primaryImageOfPage":{"@id":"https:\/\/ptich.si\/sl\/bosanski-psiho-v-sloveniji\/#primaryimage"},"image":{"@id":"https:\/\/ptich.si\/sl\/bosanski-psiho-v-sloveniji\/#primaryimage"},"thumbnailUrl":"https:\/\/ptich.si\/wp-content\/uploads\/2020\/07\/Damir-Avdic-Amerika.jpg","datePublished":"2020-06-08T10:10:48+00:00","dateModified":"2025-12-31T16:40:36+00:00","description":"Zavod Urbana Vrana organizira znamenito feministi\u010dno turo po Ljubljani za staro in mlado, gosposko in damsko. Dobimo se na Gornjem trgu!","breadcrumb":{"@id":"https:\/\/ptich.si\/sl\/bosanski-psiho-v-sloveniji\/#breadcrumb"},"inLanguage":"sl-SI","potentialAction":[{"@type":"ReadAction","target":["https:\/\/ptich.si\/sl\/bosanski-psiho-v-sloveniji\/"]}]},{"@type":"ImageObject","inLanguage":"sl-SI","@id":"https:\/\/ptich.si\/sl\/bosanski-psiho-v-sloveniji\/#primaryimage","url":"https:\/\/ptich.si\/wp-content\/uploads\/2020\/07\/Damir-Avdic-Amerika.jpg","contentUrl":"https:\/\/ptich.si\/wp-content\/uploads\/2020\/07\/Damir-Avdic-Amerika.jpg","width":1200,"height":800},{"@type":"BreadcrumbList","@id":"https:\/\/ptich.si\/sl\/bosanski-psiho-v-sloveniji\/#breadcrumb","itemListElement":[{"@type":"ListItem","position":1,"name":"Home","item":"https:\/\/ptich.si\/sl\/"},{"@type":"ListItem","position":2,"name":"Bosanski psiho v Sloveniji"}]},{"@type":"WebSite","@id":"https:\/\/ptich.si\/sl\/#website","url":"https:\/\/ptich.si\/sl\/","name":"Ptich","description":"Glasbeni izleti & urbane ture | Ljubljana | Slovenija","publisher":{"@id":"https:\/\/ptich.si\/sl\/#organization"},"potentialAction":[{"@type":"SearchAction","target":{"@type":"EntryPoint","urlTemplate":"https:\/\/ptich.si\/sl\/?s={search_term_string}"},"query-input":{"@type":"PropertyValueSpecification","valueRequired":true,"valueName":"search_term_string"}}],"inLanguage":"sl-SI"},{"@type":"Organization","@id":"https:\/\/ptich.si\/sl\/#organization","name":"Ptich","url":"https:\/\/ptich.si\/sl\/","logo":{"@type":"ImageObject","inLanguage":"sl-SI","@id":"https:\/\/ptich.si\/sl\/#\/schema\/logo\/image\/","url":"https:\/\/ptich.si\/wp-content\/uploads\/2020\/05\/ptich-logo-mali.png","contentUrl":"https:\/\/ptich.si\/wp-content\/uploads\/2020\/05\/ptich-logo-mali.png","width":135,"height":40,"caption":"Ptich"},"image":{"@id":"https:\/\/ptich.si\/sl\/#\/schema\/logo\/image\/"},"sameAs":["https:\/\/www.facebook.com\/PtichSlovenia\/"]},{"@type":"Person","@id":"https:\/\/ptich.si\/sl\/#\/schema\/person\/87f1654008fb02442dde62aa7c216b42","name":"laganosportski","image":{"@type":"ImageObject","inLanguage":"sl-SI","@id":"https:\/\/secure.gravatar.com\/avatar\/121c035730a9a139bd7a88b8fd9f2166d16a959771369011d043d6d01676ec61?s=96&d=mm&r=g","url":"https:\/\/secure.gravatar.com\/avatar\/121c035730a9a139bd7a88b8fd9f2166d16a959771369011d043d6d01676ec61?s=96&d=mm&r=g","contentUrl":"https:\/\/secure.gravatar.com\/avatar\/121c035730a9a139bd7a88b8fd9f2166d16a959771369011d043d6d01676ec61?s=96&d=mm&r=g","caption":"laganosportski"},"url":"https:\/\/ptich.si\/sl\/author\/laganosportski\/"}]}},"jetpack_featured_media_url":"https:\/\/ptich.si\/wp-content\/uploads\/2020\/07\/Damir-Avdic-Amerika.jpg","_links":{"self":[{"href":"https:\/\/ptich.si\/sl\/wp-json\/wp\/v2\/posts\/11021","targetHints":{"allow":["GET"]}}],"collection":[{"href":"https:\/\/ptich.si\/sl\/wp-json\/wp\/v2\/posts"}],"about":[{"href":"https:\/\/ptich.si\/sl\/wp-json\/wp\/v2\/types\/post"}],"author":[{"embeddable":true,"href":"https:\/\/ptich.si\/sl\/wp-json\/wp\/v2\/users\/3"}],"replies":[{"embeddable":true,"href":"https:\/\/ptich.si\/sl\/wp-json\/wp\/v2\/comments?post=11021"}],"version-history":[{"count":3,"href":"https:\/\/ptich.si\/sl\/wp-json\/wp\/v2\/posts\/11021\/revisions"}],"predecessor-version":[{"id":13076,"href":"https:\/\/ptich.si\/sl\/wp-json\/wp\/v2\/posts\/11021\/revisions\/13076"}],"wp:featuredmedia":[{"embeddable":true,"href":"https:\/\/ptich.si\/sl\/wp-json\/wp\/v2\/media\/11009"}],"wp:attachment":[{"href":"https:\/\/ptich.si\/sl\/wp-json\/wp\/v2\/media?parent=11021"}],"wp:term":[{"taxonomy":"category","embeddable":true,"href":"https:\/\/ptich.si\/sl\/wp-json\/wp\/v2\/categories?post=11021"},{"taxonomy":"post_tag","embeddable":true,"href":"https:\/\/ptich.si\/sl\/wp-json\/wp\/v2\/tags?post=11021"}],"curies":[{"name":"wp","href":"https:\/\/api.w.org\/{rel}","templated":true}]}}