{"id":11048,"date":"2020-05-28T13:17:16","date_gmt":"2020-05-28T13:17:16","guid":{"rendered":"https:\/\/ptich.si\/?p=11048"},"modified":"2020-10-22T18:08:58","modified_gmt":"2020-10-22T18:08:58","slug":"boye-se-ne-boye-kratki-vodic-po-post-jugoslovanskih-zenskih-bendih","status":"publish","type":"post","link":"https:\/\/ptich.si\/sl\/boye-se-ne-boye-kratki-vodic-po-post-jugoslovanskih-zenskih-bendih\/","title":{"rendered":"Boye se ne boye! Kratki vodi\u010d po (post-)jugoslovanskih \u017eenskih bendih"},"content":{"rendered":"<div class=\"entry-content\">\n<div id=\"pl-2424\" class=\"panel-layout\">\n<div id=\"pg-2424-5\" class=\"panel-grid panel-no-style\">\n<div id=\"pgc-2424-5-0\" class=\"panel-grid-cell\">\n<div id=\"panel-2424-5-0-0\" class=\"so-panel widget widget_sow-editor panel-first-child panel-last-child\" data-index=\"8\">\n<div class=\"so-widget-sow-editor so-widget-sow-editor-base\">\n<div class=\"siteorigin-widget-tinymce textwidget\">\n<div id=\"main\" class=\"site-main\">\n<div class=\"full-container\">\n<div id=\"primary\" class=\"content-area\">\n<div id=\"content\" class=\"site-content\" role=\"main\">\n<article id=\"post-2411\" class=\"post post-2411 type-post status-publish format-standard has-post-thumbnail hentry category-uncategorized-sl\">\n<div class=\"entry-main\">\n<div class=\"entry-content\">\n<div id=\"pl-2411\" class=\"panel-layout\">\n<div id=\"pg-2411-1\" class=\"panel-grid panel-no-style\">\n<div id=\"pgc-2411-1-0\" class=\"panel-grid-cell\">\n<div id=\"panel-2411-1-0-0\" class=\"so-panel widget widget_sow-editor panel-first-child panel-last-child\" data-index=\"2\">\n<div class=\"so-widget-sow-editor so-widget-sow-editor-base\">\n<div class=\"siteorigin-widget-tinymce textwidget\">\n<div class=\"full-container\">\n<div id=\"primary\" class=\"content-area\">\n<div id=\"content\" class=\"site-content\" role=\"main\">\n<article id=\"post-2411\" class=\"post post-2411 type-post status-publish format-standard has-post-thumbnail hentry category-uncategorized-sl\">\n<div class=\"entry-main\">\n<div class=\"entry-content\">\n<div id=\"pl-2411\" class=\"panel-layout\">\n<div id=\"pg-2411-1\" class=\"panel-grid panel-no-style\">\n<div id=\"pgc-2411-1-0\" class=\"panel-grid-cell\">\n<div id=\"panel-2411-1-0-0\" class=\"so-panel widget widget_sow-editor panel-first-child panel-last-child\" data-index=\"2\">\n<div class=\"so-widget-sow-editor so-widget-sow-editor-base\">\n<p>Pozabimo za trenutek na vse solisti\u010dne vokalne umetnice in pevke in si poglejmo vse\u017eenske zasedbe, ki rovarijo po odrih teritorijev biv\u0161e Jugoslavije \u017ee od \u0161estdesetih let prej\u0161njega stoletja naprej.<\/p>\n<p><strong>Beatnice<\/strong><\/p>\n<p>Za\u010denjamo z beograjsko skupino Sanjalice (1965-1969), edino izmed vseh jugoslovanskih \u017eenskih beat zasedb \u0161estdesetih letih prej\u0161njega stoletja, ki je uspela posneti nekaj pesmi. Pravzaprav je zasedba izdala par izjemno dobro prodajanih singlov in odigrala preko 1000 nastopov. Spodnji komad spremljajo redki arhivski posnetki RTV Beograd, na katerih vidimo nastop deklet na tovornjaku, ki se vozi po beograjskih ulicah.<\/p>\n<p>Sanjalice \u2013 \u00a0Venac oko zvezda [izvirnik Girotondo Intorno Al Mondo je napisal in odpel Sergio Endrigo, Italija, 1966]<\/p>\n<p><iframe loading=\"lazy\" src=\"https:\/\/www.youtube.com\/embed\/bCYGX3k1gM8\" width=\"560\" height=\"315\" frameborder=\"0\" allowfullscreen=\"allowfullscreen\"><\/iframe><\/p>\n<p>&nbsp;<\/p>\n<p>VIS Lutke (1965\u20131968) je druga \u017eenska zasedba, ki se je pojavila sredi \u0161estdesetih na zagreb\u0161ki sceni. Zdi se, da plo\u0161\u010d v tistem \u010dasu niso posnele. So se pa \u010dlanice v devetdesetih odlo\u010dile za povratek in ponovno nastopale s svojimi starimi uspe\u0161nicami. Tako je njihov prvi uradni album iz\u0161el \u0161ele leta 2005.<\/p>\n<p>Lutke \u2013 Bye bye godine (1997) [izvirnik Bye Bye Love skupine Everly Brothers]<\/p>\n<p><iframe loading=\"lazy\" src=\"https:\/\/www.youtube.com\/embed\/aXsubkpWUHI\" width=\"560\" height=\"315\" frameborder=\"0\" allowfullscreen=\"allowfullscreen\"><\/iframe><\/p>\n<p>&nbsp;<\/p>\n<p><strong>Od soula do lomljenih ritmov<\/strong><\/p>\n<p>\u010ceprav jim ne moremo zares re\u010di glasbene skupine, je bilo vendarle povsod po socialisti\u010dni Jugoslaviji najti nekaj izjemnih \u017eenskih vokalnih zasedb. Ena prvih tovrstnih je bila The Chains, mariborska soul atrakcija z za\u010detka \u0161estdesetih. Kvartet je v orbito uspe\u0161ne solo kariere katapultiral Alenko Pinteri\u010d. The Chains kot zasedba ni nikdar izdala albuma, a so se na sceno vrnile sredi osemdesetih. Ditka Haberl se bojda zaradi bolezni ni udele\u017eila snemanja tega glasbenega videospota, ta da so \u010cejnsice na temle posnetku zgolj trio:<\/p>\n<p>The Chains \u2013 Drive my car (1986) [Izvirnik skupine The Beatles]<\/p>\n<p><iframe loading=\"lazy\" src=\"https:\/\/www.youtube.com\/embed\/CGG7NKAu4as\" width=\"560\" height=\"315\" frameborder=\"0\" allowfullscreen=\"allowfullscreen\"><\/iframe><\/p>\n<p>&nbsp;<\/p>\n<p>V teh \u010dasih Jugo disko do\u017eivlja nekak\u0161no ponovno rojstvo, sode\u010d po priljubljenosti, in tukaj je primer, ki poka\u017ee njegovo progresivno dr\u017eo glede enakih mo\u017enosti za mo\u0161ke in \u017eenske. &#8220;Samska sem, pa kaj!&#8221; pojeta Olivera Krpan and Sne\u017eana Stojanovi\u0107 v tem redkem televizijskem nastopu. \u010ceprav sta kod Duo Snoli izdali le dve singlici, sta postali pravi kultni zvezdi med obo\u017eevalci obskurnih disko \u0161tiklov.<\/p>\n<p>Duo Snoli &#8211; Prava prilika (singlica, 1979)<br \/>\n<iframe loading=\"lazy\" src=\"https:\/\/www.youtube.com\/embed\/4Q7SRw1z3tI\" width=\"560\" height=\"315\" frameborder=\"0\" allowfullscreen=\"allowfullscreen\"><\/iframe><\/p>\n<p>&nbsp;<\/p>\n<p>Potem je tu Aska. Poleg izdaje divjih disko verzij znanih jugoslovanskih rock hitov sedemdesetih in zgodnjih osemdesetih na albumu z naslovom Disco Rock ter zastopanja Jugoslavije na Pesmi Evrovizije leta 1982, je skupina Aska posebna tudi v tem, da je bila ena izmed prvih mainstream vokalnih zasedb, ki je skozi hiti\u010d Katastrofa jugoslovanskemu ob\u010dinstvu predstavila (svojevrstno) repanje:<\/p>\n<p>Aska \u2013 Katastrofa (Katastrofa LP, 1984)<\/p>\n<p><iframe loading=\"lazy\" src=\"https:\/\/www.youtube.com\/embed\/yfJ-b6zhyxA\" width=\"560\" height=\"315\" frameborder=\"0\" allowfullscreen=\"allowfullscreen\"><\/iframe><\/p>\n<p>&nbsp;<\/p>\n<p>\u0160izike pa so bile \u017ee prava stvar. Bli\u017eje temu, \u010demur bi se takrat reklo hip-hop kultura ter podkrepljeno z izjemno produkcijo funky vpadov zasedbe Master Scratch Band, so dekleta izdala ne samo album, \u010digar izvirna razli\u010dica je huda rariteta, temve\u010d tudi tale kul videospot:<\/p>\n<p>\u0160izike \u2013 Don\u2019t Stop (U zemlji \u010duda LP, 1984)<\/p>\n<p><iframe loading=\"lazy\" src=\"https:\/\/www.youtube.com\/embed\/p0JbBXDTjtQ\" width=\"560\" height=\"315\" frameborder=\"0\" allowfullscreen=\"allowfullscreen\"><\/iframe><\/p>\n<p>&nbsp;<\/p>\n<p><strong>\u201cPrvi pravi \u017eenski zvok\u201d<\/strong><\/p>\n<p>Leta 1986 je kon\u010dno nastopil \u010das, da prva jugoslovanska vse\u017eenska zasedba izda svojo avtorsko glasbo in besedila na pravi pravcati plo\u0161\u010di. Ta \u010dast je pripadla slovenski zasedbi To\u017eibabe ter njihovim podpornikom in podpornicam pri FV Zalo\u017ebi, ki je natisnila malo plo\u0161\u010do De\u017euje z nekaj minut surovega, a sr\u010dnega hard-core punka. Spodaj vam predstavljamo videospot za komad Moja praznina, ki je prav tako iz\u0161el leta &#8217;86, a ne na omenjenem singlu, temve\u010d na danes med zbiralci zelo cenjeni kompilaciji ljubljanske hardcore scene.<\/p>\n<p>To\u017eibabe \u2013 Moja Praznina (Razli\u010dni izvajalci: Hard-Core Ljubljana LP, 1986)<\/p>\n<p><iframe loading=\"lazy\" src=\"https:\/\/www.youtube.com\/embed\/w1w_Wnmu06I\" width=\"560\" height=\"315\" frameborder=\"0\" allowfullscreen=\"allowfullscreen\"><\/iframe><\/p>\n<p>&nbsp;<\/p>\n<\/div>\n<p>A prva vse-\u017eenska zasedba, ki je v nekdanji Jugoslaviji izdala veliko plo\u0161\u010do, tj. 12&#8221; LP, niso bile To\u017eibabe, temve\u010d opatijska skupina Cacadou Look. Naslov albuma, ki je iz\u0161el leta 1987, je bil Tko mari za \u010dari, deklet pa se je hitro oprijel vzdevek \u00bbJugoslovanske The Bangles\u00ab in v temle TV nastopu iz poznih osemdesetih lahko sami preverite zakaj.<\/p>\n<p>Cacadou Look \u2013 Baum Bam Bam (Uspavanka za Zoroa LP, 1989)<\/p>\n<p><iframe loading=\"lazy\" src=\"https:\/\/www.youtube.com\/embed\/w-1iysD64YM\" width=\"560\" height=\"315\" frameborder=\"0\" allowfullscreen=\"allowfullscreen\"><\/iframe><\/p>\n<p>&nbsp;<\/p>\n<div class=\"full-container\">\n<div id=\"primary\" class=\"content-area\">\n<div id=\"content\" class=\"site-content\" role=\"main\">\n<article id=\"post-2411\" class=\"post post-2411 type-post status-publish format-standard has-post-thumbnail hentry category-uncategorized-sl\">\n<div class=\"entry-main\">\n<div class=\"entry-content\">\n<div id=\"pl-2411\" class=\"panel-layout\">\n<div id=\"pg-2411-1\" class=\"panel-grid panel-no-style\">\n<div id=\"pgc-2411-1-0\" class=\"panel-grid-cell\">\n<div id=\"panel-2411-1-0-0\" class=\"so-panel widget widget_sow-editor panel-first-child panel-last-child\" data-index=\"2\">\n<div class=\"full-container\">\n<div id=\"primary\" class=\"content-area\">\n<div id=\"content\" class=\"site-content\" role=\"main\">\n<article id=\"post-2411\" class=\"post post-2411 type-post status-publish format-standard has-post-thumbnail hentry category-uncategorized-sl\">\n<div class=\"entry-main\">\n<div class=\"entry-content\">\n<div id=\"pl-2411\" class=\"panel-layout\">\n<div id=\"pg-2411-1\" class=\"panel-grid panel-no-style\">\n<div id=\"pgc-2411-1-0\" class=\"panel-grid-cell\">\n<p>Z dana\u0161nje perspektive se zdi popolnoma krivi\u010dno, da naslov prve jugoslovanske vse-\u017eenske zasedbe z albumom ni pripadel novosadski zasedbi Boye. Kvartet, ki je pri\u0161el na sceno leta 1981 in na njej blestel vse do poznih devetdesetih, \u0161e danes velja za verjetno najbolj vplivno in navdihujo\u010do \u017eensko zasedbo v regiji. In to kljub temu, da sta se jim od srede osemdesetih dalje pogosto pridru\u017eila en ali dva mo\u0161ka glasbenika. Po synth fazi, ki je rodila \u0161tevilne brilijantne, a kajpak neizdane demo posnetke, in po tem, ko so zalo\u017ebi Jugoton, ki jih je \u017eelela spremeniti v pocukrano pop skupinico, rekle fakof, je bil \u010das za zasedbin prvi singel. Ta je leta 1987 na plano potegnil njihovo bolj alterantivno in rokersko plat. Napis na naslovnici &#8221;Prvi pravi \u017eenski zvok&#8221;\u00a0 je \u2013 kar je veljalo takrat in velja \u0161e danes &#8211; zadel \u017eebljico na glavico. Tu vam predstavljamo album, ki je sledil, z njega pa kultno singlico in video, v katerem je Boyam dosti vsega.<\/p>\n<p>Boye \u2013 Dosta dosta dosta (singlica in istoimenski album, 1988)<\/p>\n<p><iframe loading=\"lazy\" src=\"https:\/\/www.youtube.com\/embed\/-3Sc5tkRliU\" width=\"560\" height=\"315\" frameborder=\"0\" allowfullscreen=\"allowfullscreen\"><\/iframe><\/p>\n<p>Poslu\u0161ajte \u0161e eno izmed ljub\u0161ih, in sicer z albuma Boye se ne boye, posnetega 1993 na Nizozemskem.<br \/>\n<iframe loading=\"lazy\" src=\"https:\/\/www.youtube.com\/embed\/LNi6Khwj6qo\" width=\"560\" height=\"315\" frameborder=\"0\" allowfullscreen=\"allowfullscreen\"><\/iframe><\/p>\n<p>&nbsp;<\/p>\n<\/div>\n<\/div>\n<p><strong>Vsi jutri\u0161nji indie bendi<\/strong><\/p>\n<p>V post-socialisti\u010dnem obdobju devetdesetih so \u017eenske zagrabile za kitare in sinte samo v skupnih projektih z mo\u0161kimi. \u010ce ne bi bilo zasedbe Boye, bi bilo te\u017eko najti ali na koncertih poslu\u0161ati resen \u017eenski bend. A milenijsko obdobje je vendarle prineslo ogromen premik. Od leta 2000 dalje \u017eenske zasedbe vznikajo vse poprek.<\/p>\n<p>Za za\u010detek stisnimo tule noter skupino, ki sicer tehni\u010dno gledano ni 100% \u017eenska. Prihaja iz hrva\u0161ke Po\u017eege in nikakor ne spravlja v zadrego melodi\u010dnega pop punka. V za\u010detnem obdobju sta sestri Tina in Ana namesto bobnov uporabljali ritem ma\u0161ino, ker, glej ga zlomka, nih\u010de ni hotel igrati z njima. Na koncu sta vendarle uspeli najti bobnarja in The Rock Flock je bil pripravljen na vzlet, a zdi se da zadnje \u010dase ve\u010d ne leti prav zagnano. Tale je z njihovega debitantskega albuma:<\/p>\n<p>The Rock Flock \u2013 Mess (You Can\u2019t Catch Me In Your Collection LP, 2008)<\/p>\n<p><iframe loading=\"lazy\" src=\"https:\/\/www.youtube.com\/embed\/b4d5-c1nsMI\" width=\"560\" height=\"315\" frameborder=\"0\" allowfullscreen=\"allowfullscreen\"><\/iframe><\/p>\n<p>&nbsp;<\/p>\n<p>\u010ceprav je zgornja jata po imenu Rock igrala (bolj kot ne) punk, pa so dekleta iz Vibrator U Rikverc, ki so se sicer pogosto ozna\u010devale za \u010dlanice punk benda, v resnici preigravale bolj indie pop rock kot punk. A so bile kljub temu super zasedba in nismo se mogli upreti energi\u010dnosti, avtenti\u010dnosti ter odlo\u010dnosti njihovih pesmi. Zanimivo je, da so se izvorno zbrale za potrebe igranega filma, a so nato vztrajale skupaj celih deset let. Poglejmo si njihov seksi pristop h karaokam, ki bi ga znale pohvaliti celo Boye (namig: mogo\u010de lahko najdete angle\u0161ko verzijo te pesmi na dolo\u010denem v Italiji izdanem soundtracku nekega horor filma).<\/p>\n<p>Vibrator u rikverc \u2013 Porno karaoke (singlica, 2009)<\/p>\n<p><iframe loading=\"lazy\" src=\"https:\/\/www.youtube.com\/embed\/hwSF1TlW-vw\" width=\"560\" height=\"315\" frameborder=\"0\" allowfullscreen=\"allowfullscreen\"><\/iframe><\/p>\n<p>&nbsp;<\/p>\n<p>Pun\u010dke so ena izmed najbolj\u0161ih vse\u017eenskih rock skupin, ki so pri\u0161la iz ex-Yu prostorov v zadnjih dveh desetletjih. Njihovih zgodnjih EP-jev in prvih dveh albumov ne more\u0161 ne imeti rad. Ni \u010dudno, da so bile predskupina Queens of the Stone Age na ljubljanskem in zagreb\u0161kem koncertu leta 2014. Trenutno so na pavzi in upamo, da bodo kmalu nazaj na odrih. Medtem pa si lahko poi\u0161\u010dete kul dokumentarec o njih na Youtubu in pogledate njihove spote, recimo tale zasanjani pop single izpred let:<\/p>\n<p>Pun\u010dke \u2013 Petra Pan (singlica, 2012)<\/p>\n<p><iframe loading=\"lazy\" src=\"https:\/\/www.youtube.com\/embed\/7spMdhli6lk\" width=\"560\" height=\"315\" frameborder=\"0\" allowfullscreen=\"allowfullscreen\"><\/iframe><\/p>\n<p>&nbsp;<\/p>\n<p>In \u0161e pika na i. \u017den, ki so se v prvotni postavi imenovale \u017d\/Buka, so \u017ee nekaj let najbolj\u0161a \u017eenska zasedba v regiji. Zakaj? No, saj ne gre za tekmovanje, ampak med poslu\u0161anjem njihove glasbe sem se vedno po\u010dutil bolj zintrigiran kot med poslu\u0161anjem drugih \u017eenskih zasedb s teh krajev. Lahko bi rekel, da me njihova glasba iritira in pomirja hkrati. \u010cetudi gre za post-, kraut-, eksperimentalni rock, shoegaze ali karkoli pa\u010d zaznamo v njihovem izvajanju, to ni tako zelo pomembno. Vedno se namre\u010d zdi, kot da bodo ti zvoki ostali tu \u0161e dolgo. Poleg tega so pa \u0161e njihova besedila pravi biseri. Dame in fantje, pred vami so \u017den!<\/p>\n<p>\u017den \u2013 Pusti me da hodam (Sun\u010dani ljudi LP, 2017)<\/p>\n<p><iframe loading=\"lazy\" src=\"https:\/\/www.youtube.com\/embed\/FZHrtwknMks\" width=\"560\" height=\"315\" frameborder=\"0\" allowfullscreen=\"allowfullscreen\"><\/iframe><\/p>\n<p>&nbsp;<\/p>\n<\/div>\n<\/div>\n<\/div>\n<\/article>\n<\/div>\n<\/div>\n<\/div>\n<\/div>\n<\/div>\n<\/div>\n<\/div>\n<\/div>\n<\/div>\n<\/article>\n<\/div>\n<\/div>\n<\/div>\n<\/div>\n<\/div>\n<\/div>\n<\/div>\n<\/div>\n<\/div>\n<\/article>\n<\/div>\n<\/div>\n<\/div>\n<\/div>\n<\/div>\n<\/div>\n<\/div>\n<\/div>\n<\/div>\n<\/div>\n<\/div>\n<\/article>\n<\/div>\n<\/div>\n<\/div>\n<\/div>\n<\/div>\n<\/div>\n<\/div>\n<\/div>\n<\/div>\n<\/div>\n<\/div>\n<p><strong>Nadaljnje brskanje po spletu<\/strong><\/p>\n<p>Veliko je \u0161e \u017eenskih skupin in bendov, ki smo jih iz razli\u010dnih razlogov izpustili iz tega vodi\u010da, zato nam, prosimo, sporo\u010dite, katere so va\u0161e favoritke. Tukaj so \u0161e nekatere, ki so izpadle iz kon\u010dne razli\u010dice besedila, a bi vas znale zanimati:<\/p>\n<p>BEAT: Duo DD, \u0160igele, Ptice<br \/>\nSOUL &amp; DISCO: Lokice, \u017deris, Rok Hotel, Cice-Mace<br \/>\nPOP &amp; POP ROCK: E.N.I., Katrinas, MakeUp2, Julija &amp; Julija, Fandango, The Frajle<br \/>\nKUL PEVSKI ZBORI: Kombinat, Le Zbor, Le wHORe, (Z)borke<br \/>\nINDIE\/ALTERNATIVE: Nikad dosta, Bitcharke na travi, Zla deca matere svoje, Voodoo lutke, Fregatura, Venus, Larve\/Leifert, U pol\u2019 9 kod Sabe, Hellcats, All Strings Detached<\/p>\n<p><strong>Predlogi bralk in bralcev:<\/strong><\/p>\n<p>Tri kapljice (Novi Sad)<br \/>\nP\u017ebuka (Karlovac)<br \/>\nCharming Princess (Beograd)<br \/>\n.<br \/>\n.<br \/>\n.<\/p>\n<p><iframe loading=\"lazy\" src=\"https:\/\/docs.google.com\/forms\/d\/e\/1FAIpQLSduK2qEsdpnagV1QJGKafk_Ai1BpyBmEJXkPPbMGbq_46So3Q\/viewform?embedded=true\" width=\"100%\" height=\"444\" frameborder=\"0\" marginwidth=\"0\" marginheight=\"0\">Loading\u2026<\/iframe><\/p>\n<p>Besedilo: Gregor Bulc<\/p>\n<p>&nbsp;<\/p>\n<p>Prevod: Jasmina Jerant<\/p>\n<p>Naslovna fotografija benda Boye: Goranka Mati\u0107<\/p>\n","protected":false},"excerpt":{"rendered":"<p>Pozabimo za trenutek na vse solisti\u010dne vokalne umetnice in pevke in si poglejmo vse\u017eenske zasedbe, ki rovarijo po odrih teritorijev biv\u0161e Jugoslavije \u017ee od \u0161estdesetih let prej\u0161njega stoletja naprej. Beatnice Za\u010denjamo z beograjsko skupino Sanjalice (1965-1969), edino izmed vseh jugoslovanskih \u017eenskih beat zasedb \u0161estdesetih letih prej\u0161njega stoletja, ki je uspela posneti nekaj pesmi. Pravzaprav je [&hellip;]<\/p>\n","protected":false},"author":3,"featured_media":11066,"comment_status":"closed","ping_status":"open","sticky":false,"template":"","format":"standard","meta":{"_monsterinsights_skip_tracking":false,"_monsterinsights_sitenote_active":false,"_monsterinsights_sitenote_note":"","_monsterinsights_sitenote_category":0,"footnotes":""},"categories":[73,61,54],"tags":[93,109,84,107,113,105,111,95],"class_list":["post-11048","post","type-post","status-publish","format-standard","has-post-thumbnail","hentry","category-news-all","category-news-sl","category-uncategorized-sl","tag-blog","tag-bosna-in-hercegovina","tag-glasba","tag-hrvaska","tag-jugoslavija","tag-slovenija","tag-srbija","tag-zenske"],"yoast_head":"<!-- This site is optimized with the Yoast SEO plugin v27.4 - https:\/\/yoast.com\/product\/yoast-seo-wordpress\/ -->\n<title>Feministi\u010dna tura z mag. Jasmino Jerant tudi v za\u010detku julija<\/title>\n<meta name=\"description\" content=\"Zavod Urbana Vrana organizira znamenito feministi\u010dno turo po Ljubljani za staro in mlado, gosposko in damsko. Dobimo se na Gornjem trgu!\" \/>\n<meta name=\"robots\" content=\"index, follow, max-snippet:-1, max-image-preview:large, max-video-preview:-1\" \/>\n<link rel=\"canonical\" href=\"https:\/\/ptich.si\/sl\/boye-se-ne-boye-kratki-vodic-po-post-jugoslovanskih-zenskih-bendih\/\" \/>\n<meta property=\"og:locale\" content=\"sl_SI\" \/>\n<meta property=\"og:type\" content=\"article\" \/>\n<meta property=\"og:title\" content=\"Feministi\u010dna tura z mag. Jasmino Jerant tudi v za\u010detku julija\" \/>\n<meta property=\"og:description\" content=\"Zavod Urbana Vrana organizira znamenito feministi\u010dno turo po Ljubljani za staro in mlado, gosposko in damsko. Dobimo se na Gornjem trgu!\" \/>\n<meta property=\"og:url\" content=\"https:\/\/ptich.si\/sl\/boye-se-ne-boye-kratki-vodic-po-post-jugoslovanskih-zenskih-bendih\/\" \/>\n<meta property=\"og:site_name\" content=\"Ptich\" \/>\n<meta property=\"article:publisher\" content=\"https:\/\/www.facebook.com\/PtichSlovenia\/\" \/>\n<meta property=\"article:published_time\" content=\"2020-05-28T13:17:16+00:00\" \/>\n<meta property=\"article:modified_time\" content=\"2020-10-22T18:08:58+00:00\" \/>\n<meta property=\"og:image\" content=\"https:\/\/ptich.si\/wp-content\/uploads\/2020\/07\/Boye-foto-Goranka-Mati\u0107.jpg\" \/>\n\t<meta property=\"og:image:width\" content=\"712\" \/>\n\t<meta property=\"og:image:height\" content=\"475\" \/>\n\t<meta property=\"og:image:type\" content=\"image\/jpeg\" \/>\n<meta name=\"author\" content=\"laganosportski\" \/>\n<meta name=\"twitter:card\" content=\"summary_large_image\" \/>\n<meta name=\"twitter:label1\" content=\"Written by\" \/>\n\t<meta name=\"twitter:data1\" content=\"laganosportski\" \/>\n\t<meta name=\"twitter:label2\" content=\"Est. reading time\" \/>\n\t<meta name=\"twitter:data2\" content=\"7 minut\" \/>\n<script type=\"application\/ld+json\" class=\"yoast-schema-graph\">{\"@context\":\"https:\\\/\\\/schema.org\",\"@graph\":[{\"@type\":\"Article\",\"@id\":\"https:\\\/\\\/ptich.si\\\/sl\\\/boye-se-ne-boye-kratki-vodic-po-post-jugoslovanskih-zenskih-bendih\\\/#article\",\"isPartOf\":{\"@id\":\"https:\\\/\\\/ptich.si\\\/sl\\\/boye-se-ne-boye-kratki-vodic-po-post-jugoslovanskih-zenskih-bendih\\\/\"},\"author\":{\"name\":\"laganosportski\",\"@id\":\"https:\\\/\\\/ptich.si\\\/sl\\\/#\\\/schema\\\/person\\\/87f1654008fb02442dde62aa7c216b42\"},\"headline\":\"Boye se ne boye! Kratki vodi\u010d po (post-)jugoslovanskih \u017eenskih bendih\",\"datePublished\":\"2020-05-28T13:17:16+00:00\",\"dateModified\":\"2020-10-22T18:08:58+00:00\",\"mainEntityOfPage\":{\"@id\":\"https:\\\/\\\/ptich.si\\\/sl\\\/boye-se-ne-boye-kratki-vodic-po-post-jugoslovanskih-zenskih-bendih\\\/\"},\"wordCount\":1488,\"publisher\":{\"@id\":\"https:\\\/\\\/ptich.si\\\/sl\\\/#organization\"},\"image\":{\"@id\":\"https:\\\/\\\/ptich.si\\\/sl\\\/boye-se-ne-boye-kratki-vodic-po-post-jugoslovanskih-zenskih-bendih\\\/#primaryimage\"},\"thumbnailUrl\":\"https:\\\/\\\/ptich.si\\\/wp-content\\\/uploads\\\/2020\\\/07\\\/Boye-foto-Goranka-Mati\u0107.jpg\",\"keywords\":[\"BLOG\",\"BOSNA IN HERCEGOVINA\",\"GLASBA\",\"HRVA\u0160KA\",\"JUGOSLAVIJA\",\"SLOVENIJA\",\"SRBIJA\",\"\u017dENSKE\"],\"articleSection\":[\"News-all\",\"News-sl\",\"Uncategorized @sl\"],\"inLanguage\":\"sl-SI\"},{\"@type\":\"WebPage\",\"@id\":\"https:\\\/\\\/ptich.si\\\/sl\\\/boye-se-ne-boye-kratki-vodic-po-post-jugoslovanskih-zenskih-bendih\\\/\",\"url\":\"https:\\\/\\\/ptich.si\\\/sl\\\/boye-se-ne-boye-kratki-vodic-po-post-jugoslovanskih-zenskih-bendih\\\/\",\"name\":\"Feministi\u010dna tura z mag. Jasmino Jerant tudi v za\u010detku julija\",\"isPartOf\":{\"@id\":\"https:\\\/\\\/ptich.si\\\/sl\\\/#website\"},\"primaryImageOfPage\":{\"@id\":\"https:\\\/\\\/ptich.si\\\/sl\\\/boye-se-ne-boye-kratki-vodic-po-post-jugoslovanskih-zenskih-bendih\\\/#primaryimage\"},\"image\":{\"@id\":\"https:\\\/\\\/ptich.si\\\/sl\\\/boye-se-ne-boye-kratki-vodic-po-post-jugoslovanskih-zenskih-bendih\\\/#primaryimage\"},\"thumbnailUrl\":\"https:\\\/\\\/ptich.si\\\/wp-content\\\/uploads\\\/2020\\\/07\\\/Boye-foto-Goranka-Mati\u0107.jpg\",\"datePublished\":\"2020-05-28T13:17:16+00:00\",\"dateModified\":\"2020-10-22T18:08:58+00:00\",\"description\":\"Zavod Urbana Vrana organizira znamenito feministi\u010dno turo po Ljubljani za staro in mlado, gosposko in damsko. Dobimo se na Gornjem trgu!\",\"breadcrumb\":{\"@id\":\"https:\\\/\\\/ptich.si\\\/sl\\\/boye-se-ne-boye-kratki-vodic-po-post-jugoslovanskih-zenskih-bendih\\\/#breadcrumb\"},\"inLanguage\":\"sl-SI\",\"potentialAction\":[{\"@type\":\"ReadAction\",\"target\":[\"https:\\\/\\\/ptich.si\\\/sl\\\/boye-se-ne-boye-kratki-vodic-po-post-jugoslovanskih-zenskih-bendih\\\/\"]}]},{\"@type\":\"ImageObject\",\"inLanguage\":\"sl-SI\",\"@id\":\"https:\\\/\\\/ptich.si\\\/sl\\\/boye-se-ne-boye-kratki-vodic-po-post-jugoslovanskih-zenskih-bendih\\\/#primaryimage\",\"url\":\"https:\\\/\\\/ptich.si\\\/wp-content\\\/uploads\\\/2020\\\/07\\\/Boye-foto-Goranka-Mati\u0107.jpg\",\"contentUrl\":\"https:\\\/\\\/ptich.si\\\/wp-content\\\/uploads\\\/2020\\\/07\\\/Boye-foto-Goranka-Mati\u0107.jpg\",\"width\":712,\"height\":475},{\"@type\":\"BreadcrumbList\",\"@id\":\"https:\\\/\\\/ptich.si\\\/sl\\\/boye-se-ne-boye-kratki-vodic-po-post-jugoslovanskih-zenskih-bendih\\\/#breadcrumb\",\"itemListElement\":[{\"@type\":\"ListItem\",\"position\":1,\"name\":\"Home\",\"item\":\"https:\\\/\\\/ptich.si\\\/sl\\\/\"},{\"@type\":\"ListItem\",\"position\":2,\"name\":\"Boye se ne boye! Kratki vodi\u010d po (post-)jugoslovanskih \u017eenskih bendih\"}]},{\"@type\":\"WebSite\",\"@id\":\"https:\\\/\\\/ptich.si\\\/sl\\\/#website\",\"url\":\"https:\\\/\\\/ptich.si\\\/sl\\\/\",\"name\":\"Ptich\",\"description\":\"Glasbeni izleti & urbane ture | Ljubljana | Slovenija\",\"publisher\":{\"@id\":\"https:\\\/\\\/ptich.si\\\/sl\\\/#organization\"},\"potentialAction\":[{\"@type\":\"SearchAction\",\"target\":{\"@type\":\"EntryPoint\",\"urlTemplate\":\"https:\\\/\\\/ptich.si\\\/sl\\\/?s={search_term_string}\"},\"query-input\":{\"@type\":\"PropertyValueSpecification\",\"valueRequired\":true,\"valueName\":\"search_term_string\"}}],\"inLanguage\":\"sl-SI\"},{\"@type\":\"Organization\",\"@id\":\"https:\\\/\\\/ptich.si\\\/sl\\\/#organization\",\"name\":\"Ptich\",\"url\":\"https:\\\/\\\/ptich.si\\\/sl\\\/\",\"logo\":{\"@type\":\"ImageObject\",\"inLanguage\":\"sl-SI\",\"@id\":\"https:\\\/\\\/ptich.si\\\/sl\\\/#\\\/schema\\\/logo\\\/image\\\/\",\"url\":\"https:\\\/\\\/ptich.si\\\/wp-content\\\/uploads\\\/2020\\\/05\\\/ptich-logo-mali.png\",\"contentUrl\":\"https:\\\/\\\/ptich.si\\\/wp-content\\\/uploads\\\/2020\\\/05\\\/ptich-logo-mali.png\",\"width\":135,\"height\":40,\"caption\":\"Ptich\"},\"image\":{\"@id\":\"https:\\\/\\\/ptich.si\\\/sl\\\/#\\\/schema\\\/logo\\\/image\\\/\"},\"sameAs\":[\"https:\\\/\\\/www.facebook.com\\\/PtichSlovenia\\\/\"]},{\"@type\":\"Person\",\"@id\":\"https:\\\/\\\/ptich.si\\\/sl\\\/#\\\/schema\\\/person\\\/87f1654008fb02442dde62aa7c216b42\",\"name\":\"laganosportski\",\"image\":{\"@type\":\"ImageObject\",\"inLanguage\":\"sl-SI\",\"@id\":\"https:\\\/\\\/secure.gravatar.com\\\/avatar\\\/121c035730a9a139bd7a88b8fd9f2166d16a959771369011d043d6d01676ec61?s=96&d=mm&r=g\",\"url\":\"https:\\\/\\\/secure.gravatar.com\\\/avatar\\\/121c035730a9a139bd7a88b8fd9f2166d16a959771369011d043d6d01676ec61?s=96&d=mm&r=g\",\"contentUrl\":\"https:\\\/\\\/secure.gravatar.com\\\/avatar\\\/121c035730a9a139bd7a88b8fd9f2166d16a959771369011d043d6d01676ec61?s=96&d=mm&r=g\",\"caption\":\"laganosportski\"},\"url\":\"https:\\\/\\\/ptich.si\\\/sl\\\/author\\\/laganosportski\\\/\"}]}<\/script>\n<!-- \/ Yoast SEO plugin. -->","yoast_head_json":{"title":"Feministi\u010dna tura z mag. Jasmino Jerant tudi v za\u010detku julija","description":"Zavod Urbana Vrana organizira znamenito feministi\u010dno turo po Ljubljani za staro in mlado, gosposko in damsko. Dobimo se na Gornjem trgu!","robots":{"index":"index","follow":"follow","max-snippet":"max-snippet:-1","max-image-preview":"max-image-preview:large","max-video-preview":"max-video-preview:-1"},"canonical":"https:\/\/ptich.si\/sl\/boye-se-ne-boye-kratki-vodic-po-post-jugoslovanskih-zenskih-bendih\/","og_locale":"sl_SI","og_type":"article","og_title":"Feministi\u010dna tura z mag. Jasmino Jerant tudi v za\u010detku julija","og_description":"Zavod Urbana Vrana organizira znamenito feministi\u010dno turo po Ljubljani za staro in mlado, gosposko in damsko. Dobimo se na Gornjem trgu!","og_url":"https:\/\/ptich.si\/sl\/boye-se-ne-boye-kratki-vodic-po-post-jugoslovanskih-zenskih-bendih\/","og_site_name":"Ptich","article_publisher":"https:\/\/www.facebook.com\/PtichSlovenia\/","article_published_time":"2020-05-28T13:17:16+00:00","article_modified_time":"2020-10-22T18:08:58+00:00","og_image":[{"width":712,"height":475,"url":"https:\/\/ptich.si\/wp-content\/uploads\/2020\/07\/Boye-foto-Goranka-Mati\u0107.jpg","type":"image\/jpeg"}],"author":"laganosportski","twitter_card":"summary_large_image","twitter_misc":{"Written by":"laganosportski","Est. reading time":"7 minut"},"schema":{"@context":"https:\/\/schema.org","@graph":[{"@type":"Article","@id":"https:\/\/ptich.si\/sl\/boye-se-ne-boye-kratki-vodic-po-post-jugoslovanskih-zenskih-bendih\/#article","isPartOf":{"@id":"https:\/\/ptich.si\/sl\/boye-se-ne-boye-kratki-vodic-po-post-jugoslovanskih-zenskih-bendih\/"},"author":{"name":"laganosportski","@id":"https:\/\/ptich.si\/sl\/#\/schema\/person\/87f1654008fb02442dde62aa7c216b42"},"headline":"Boye se ne boye! Kratki vodi\u010d po (post-)jugoslovanskih \u017eenskih bendih","datePublished":"2020-05-28T13:17:16+00:00","dateModified":"2020-10-22T18:08:58+00:00","mainEntityOfPage":{"@id":"https:\/\/ptich.si\/sl\/boye-se-ne-boye-kratki-vodic-po-post-jugoslovanskih-zenskih-bendih\/"},"wordCount":1488,"publisher":{"@id":"https:\/\/ptich.si\/sl\/#organization"},"image":{"@id":"https:\/\/ptich.si\/sl\/boye-se-ne-boye-kratki-vodic-po-post-jugoslovanskih-zenskih-bendih\/#primaryimage"},"thumbnailUrl":"https:\/\/ptich.si\/wp-content\/uploads\/2020\/07\/Boye-foto-Goranka-Mati\u0107.jpg","keywords":["BLOG","BOSNA IN HERCEGOVINA","GLASBA","HRVA\u0160KA","JUGOSLAVIJA","SLOVENIJA","SRBIJA","\u017dENSKE"],"articleSection":["News-all","News-sl","Uncategorized @sl"],"inLanguage":"sl-SI"},{"@type":"WebPage","@id":"https:\/\/ptich.si\/sl\/boye-se-ne-boye-kratki-vodic-po-post-jugoslovanskih-zenskih-bendih\/","url":"https:\/\/ptich.si\/sl\/boye-se-ne-boye-kratki-vodic-po-post-jugoslovanskih-zenskih-bendih\/","name":"Feministi\u010dna tura z mag. Jasmino Jerant tudi v za\u010detku julija","isPartOf":{"@id":"https:\/\/ptich.si\/sl\/#website"},"primaryImageOfPage":{"@id":"https:\/\/ptich.si\/sl\/boye-se-ne-boye-kratki-vodic-po-post-jugoslovanskih-zenskih-bendih\/#primaryimage"},"image":{"@id":"https:\/\/ptich.si\/sl\/boye-se-ne-boye-kratki-vodic-po-post-jugoslovanskih-zenskih-bendih\/#primaryimage"},"thumbnailUrl":"https:\/\/ptich.si\/wp-content\/uploads\/2020\/07\/Boye-foto-Goranka-Mati\u0107.jpg","datePublished":"2020-05-28T13:17:16+00:00","dateModified":"2020-10-22T18:08:58+00:00","description":"Zavod Urbana Vrana organizira znamenito feministi\u010dno turo po Ljubljani za staro in mlado, gosposko in damsko. Dobimo se na Gornjem trgu!","breadcrumb":{"@id":"https:\/\/ptich.si\/sl\/boye-se-ne-boye-kratki-vodic-po-post-jugoslovanskih-zenskih-bendih\/#breadcrumb"},"inLanguage":"sl-SI","potentialAction":[{"@type":"ReadAction","target":["https:\/\/ptich.si\/sl\/boye-se-ne-boye-kratki-vodic-po-post-jugoslovanskih-zenskih-bendih\/"]}]},{"@type":"ImageObject","inLanguage":"sl-SI","@id":"https:\/\/ptich.si\/sl\/boye-se-ne-boye-kratki-vodic-po-post-jugoslovanskih-zenskih-bendih\/#primaryimage","url":"https:\/\/ptich.si\/wp-content\/uploads\/2020\/07\/Boye-foto-Goranka-Mati\u0107.jpg","contentUrl":"https:\/\/ptich.si\/wp-content\/uploads\/2020\/07\/Boye-foto-Goranka-Mati\u0107.jpg","width":712,"height":475},{"@type":"BreadcrumbList","@id":"https:\/\/ptich.si\/sl\/boye-se-ne-boye-kratki-vodic-po-post-jugoslovanskih-zenskih-bendih\/#breadcrumb","itemListElement":[{"@type":"ListItem","position":1,"name":"Home","item":"https:\/\/ptich.si\/sl\/"},{"@type":"ListItem","position":2,"name":"Boye se ne boye! Kratki vodi\u010d po (post-)jugoslovanskih \u017eenskih bendih"}]},{"@type":"WebSite","@id":"https:\/\/ptich.si\/sl\/#website","url":"https:\/\/ptich.si\/sl\/","name":"Ptich","description":"Glasbeni izleti & urbane ture | Ljubljana | Slovenija","publisher":{"@id":"https:\/\/ptich.si\/sl\/#organization"},"potentialAction":[{"@type":"SearchAction","target":{"@type":"EntryPoint","urlTemplate":"https:\/\/ptich.si\/sl\/?s={search_term_string}"},"query-input":{"@type":"PropertyValueSpecification","valueRequired":true,"valueName":"search_term_string"}}],"inLanguage":"sl-SI"},{"@type":"Organization","@id":"https:\/\/ptich.si\/sl\/#organization","name":"Ptich","url":"https:\/\/ptich.si\/sl\/","logo":{"@type":"ImageObject","inLanguage":"sl-SI","@id":"https:\/\/ptich.si\/sl\/#\/schema\/logo\/image\/","url":"https:\/\/ptich.si\/wp-content\/uploads\/2020\/05\/ptich-logo-mali.png","contentUrl":"https:\/\/ptich.si\/wp-content\/uploads\/2020\/05\/ptich-logo-mali.png","width":135,"height":40,"caption":"Ptich"},"image":{"@id":"https:\/\/ptich.si\/sl\/#\/schema\/logo\/image\/"},"sameAs":["https:\/\/www.facebook.com\/PtichSlovenia\/"]},{"@type":"Person","@id":"https:\/\/ptich.si\/sl\/#\/schema\/person\/87f1654008fb02442dde62aa7c216b42","name":"laganosportski","image":{"@type":"ImageObject","inLanguage":"sl-SI","@id":"https:\/\/secure.gravatar.com\/avatar\/121c035730a9a139bd7a88b8fd9f2166d16a959771369011d043d6d01676ec61?s=96&d=mm&r=g","url":"https:\/\/secure.gravatar.com\/avatar\/121c035730a9a139bd7a88b8fd9f2166d16a959771369011d043d6d01676ec61?s=96&d=mm&r=g","contentUrl":"https:\/\/secure.gravatar.com\/avatar\/121c035730a9a139bd7a88b8fd9f2166d16a959771369011d043d6d01676ec61?s=96&d=mm&r=g","caption":"laganosportski"},"url":"https:\/\/ptich.si\/sl\/author\/laganosportski\/"}]}},"jetpack_featured_media_url":"https:\/\/ptich.si\/wp-content\/uploads\/2020\/07\/Boye-foto-Goranka-Mati\u0107.jpg","_links":{"self":[{"href":"https:\/\/ptich.si\/sl\/wp-json\/wp\/v2\/posts\/11048","targetHints":{"allow":["GET"]}}],"collection":[{"href":"https:\/\/ptich.si\/sl\/wp-json\/wp\/v2\/posts"}],"about":[{"href":"https:\/\/ptich.si\/sl\/wp-json\/wp\/v2\/types\/post"}],"author":[{"embeddable":true,"href":"https:\/\/ptich.si\/sl\/wp-json\/wp\/v2\/users\/3"}],"replies":[{"embeddable":true,"href":"https:\/\/ptich.si\/sl\/wp-json\/wp\/v2\/comments?post=11048"}],"version-history":[{"count":4,"href":"https:\/\/ptich.si\/sl\/wp-json\/wp\/v2\/posts\/11048\/revisions"}],"predecessor-version":[{"id":11564,"href":"https:\/\/ptich.si\/sl\/wp-json\/wp\/v2\/posts\/11048\/revisions\/11564"}],"wp:featuredmedia":[{"embeddable":true,"href":"https:\/\/ptich.si\/sl\/wp-json\/wp\/v2\/media\/11066"}],"wp:attachment":[{"href":"https:\/\/ptich.si\/sl\/wp-json\/wp\/v2\/media?parent=11048"}],"wp:term":[{"taxonomy":"category","embeddable":true,"href":"https:\/\/ptich.si\/sl\/wp-json\/wp\/v2\/categories?post=11048"},{"taxonomy":"post_tag","embeddable":true,"href":"https:\/\/ptich.si\/sl\/wp-json\/wp\/v2\/tags?post=11048"}],"curies":[{"name":"wp","href":"https:\/\/api.w.org\/{rel}","templated":true}]}}