{"id":11210,"date":"2020-04-20T10:28:24","date_gmt":"2020-04-20T10:28:24","guid":{"rendered":"https:\/\/ptich.si\/?p=11210"},"modified":"2020-10-22T18:26:34","modified_gmt":"2020-10-22T18:26:34","slug":"elza-budau-arhitektka-ki-je-napisala-300-slovenskih-zimzelenckov","status":"publish","type":"post","link":"https:\/\/ptich.si\/sl\/elza-budau-arhitektka-ki-je-napisala-300-slovenskih-zimzelenckov\/","title":{"rendered":"Elza Budau: arhitektka, ki je napisala 300 slovenskih zimzelen\u010dkov"},"content":{"rendered":"<div class=\"entry-content\">\n<div id=\"pl-2424\" class=\"panel-layout\">\n<div id=\"pg-2424-5\" class=\"panel-grid panel-no-style\">\n<div id=\"pgc-2424-5-0\" class=\"panel-grid-cell\">\n<div id=\"panel-2424-5-0-0\" class=\"so-panel widget widget_sow-editor panel-first-child panel-last-child\" data-index=\"8\">\n<div class=\"so-widget-sow-editor so-widget-sow-editor-base\">\n<div class=\"siteorigin-widget-tinymce textwidget\">\n<div id=\"main\" class=\"site-main\">\n<div class=\"full-container\">\n<div id=\"primary\" class=\"content-area\">\n<div id=\"content\" class=\"site-content\" role=\"main\">\n<article id=\"post-2411\" class=\"post post-2411 type-post status-publish format-standard has-post-thumbnail hentry category-uncategorized-sl\">\n<div class=\"entry-main\">\n<div class=\"entry-content\">\n<div id=\"pl-2411\" class=\"panel-layout\">\n<div id=\"pg-2411-1\" class=\"panel-grid panel-no-style\">\n<div id=\"pgc-2411-1-0\" class=\"panel-grid-cell\">\n<div id=\"panel-2411-1-0-0\" class=\"so-panel widget widget_sow-editor panel-first-child panel-last-child\" data-index=\"2\">\n<div class=\"so-widget-sow-editor so-widget-sow-editor-base\">\n<div class=\"siteorigin-widget-tinymce textwidget\">\n<div class=\"full-container\">\n<div id=\"primary\" class=\"content-area\">\n<div id=\"content\" class=\"site-content\" role=\"main\">\n<article id=\"post-2411\" class=\"post post-2411 type-post status-publish format-standard has-post-thumbnail hentry category-uncategorized-sl\">\n<div class=\"entry-main\">\n<div class=\"entry-content\">\n<div id=\"pl-2411\" class=\"panel-layout\">\n<div id=\"pg-2411-1\" class=\"panel-grid panel-no-style\">\n<div id=\"pgc-2411-1-0\" class=\"panel-grid-cell\">\n<div id=\"panel-2411-1-0-0\" class=\"so-panel widget widget_sow-editor panel-first-child panel-last-child\" data-index=\"2\">\n<div class=\"so-widget-sow-editor so-widget-sow-editor-base\">\n<div class=\"full-container\">\n<div id=\"primary\" class=\"content-area\">\n<div id=\"content\" class=\"site-content\" role=\"main\">\n<article id=\"post-2411\" class=\"post post-2411 type-post status-publish format-standard has-post-thumbnail hentry category-uncategorized-sl\">\n<div class=\"entry-main\">\n<div class=\"entry-content\">\n<div id=\"pl-2411\" class=\"panel-layout\">\n<div id=\"pg-2411-1\" class=\"panel-grid panel-no-style\">\n<div id=\"pgc-2411-1-0\" class=\"panel-grid-cell\">\n<div id=\"panel-2411-1-0-0\" class=\"so-panel widget widget_sow-editor panel-first-child panel-last-child\" data-index=\"2\">\n<div class=\"so-widget-sow-editor so-widget-sow-editor-base\">\n<p>V slovenski prestolnici imamo koncertno prizori\u0161\u010de, ki ga je avstralski princ teme izbral za svoje glasbeno domovanje. Resni\u010dno. Poletno gledali\u0161\u010de Kri\u017eank na notranjem dvori\u0161\u010du nekdanjega samostana kri\u017eni\u0161kega reda v sredi\u0161\u010du Ljubljane je Nicka Cava tako o\u010daralo, da je tam odigral ve\u010dino svojih enajstih slovenskih koncertov. Govori se, da je Kri\u017eanke hotel celo kupiti.<\/p>\n<p>Prav ni\u010d \u010dudno ni, da je bil eden od najbolj priznanih svetovnih glasbenikov tako navdu\u0161en nad tem presti\u017enim in popularnim prizori\u0161\u010dem za uprizoritvene umetnosti. Kri\u017eanke so prelep prostor z dih jemajo\u010do atmosfero, kjer se na prostem odvijajo intimni koncerti za ob\u010dinstva, ki \u0161tejejo do dva tiso\u010d ljudi. Ker pa ima prizori\u0161\u010de, ki poleg poletnega gledali\u0161\u010da obsega tudi baro\u010dno Kri\u017eevni\u0161ko cerkev, Vite\u0161ko dvorano in Peklensko dvori\u0161\u010de, status arhitekturnega in kulturnega spomenika dr\u017eavnega pomena, s prodajo Nicku Cavu seveda ni bilo ni\u010d.<\/p>\n<\/div>\n<\/div>\n<\/div>\n<\/div>\n<\/div>\n<\/div>\n<\/div>\n<\/article>\n<\/div>\n<\/div>\n<\/div>\n<div class=\"full-container\">\n<div id=\"primary\" class=\"content-area\">\n<div id=\"content\" class=\"site-content\" role=\"main\">\n<article id=\"post-2411\" class=\"post post-2411 type-post status-publish format-standard has-post-thumbnail hentry category-uncategorized-sl\">\n<div class=\"entry-main\">\n<div class=\"entry-content\">\n<div id=\"pl-2411\" class=\"panel-layout\">\n<div id=\"pg-2411-1\" class=\"panel-grid panel-no-style\">\n<div id=\"pgc-2411-1-0\" class=\"panel-grid-cell\">\n<div id=\"panel-2411-1-0-0\" class=\"so-panel widget widget_sow-editor panel-first-child panel-last-child\" data-index=\"2\">\n<div class=\"full-container\">\n<div id=\"primary\" class=\"content-area\">\n<div id=\"content\" class=\"site-content\" role=\"main\">\n<article id=\"post-2411\" class=\"post post-2411 type-post status-publish format-standard has-post-thumbnail hentry category-uncategorized-sl\">\n<div class=\"entry-main\">\n<div class=\"entry-content\">\n<div id=\"pl-2411\" class=\"panel-layout\">\n<div id=\"pg-2411-1\" class=\"panel-grid panel-no-style\">\n<div id=\"pgc-2411-1-0\" class=\"panel-grid-cell\">\n<p>&nbsp;<\/p>\n<p><img loading=\"lazy\" decoding=\"async\" class=\"alignnone wp-image-11212 size-full\" src=\"https:\/\/ptich.si\/wp-content\/uploads\/2020\/07\/Kri\u017eanke-by-Darinka-Mladenovi\u0107-3x2-1.jpg\" alt=\"\" width=\"1011\" height=\"673\" srcset=\"https:\/\/ptich.si\/wp-content\/uploads\/2020\/07\/Kri\u017eanke-by-Darinka-Mladenovi\u0107-3x2-1.jpg 1011w, https:\/\/ptich.si\/wp-content\/uploads\/2020\/07\/Kri\u017eanke-by-Darinka-Mladenovi\u0107-3x2-1-300x200.jpg 300w, https:\/\/ptich.si\/wp-content\/uploads\/2020\/07\/Kri\u017eanke-by-Darinka-Mladenovi\u0107-3x2-1-768x511.jpg 768w\" sizes=\"auto, (max-width: 1011px) 100vw, 1011px\" \/><\/p>\n<p>Kri\u017eank ne odlikuje le brez\u010dasna arhitekturna lepota, posebno mesto imajo tudi v slovenski glasbeni zgodovini. Tu se je namre\u010d odvila cela vrsta pomembnih dogodkov, med drugim Festival slovenske popevke, ki je imel v \u0161estdesetih in sedemdesetih letih prej\u0161njega stoletja podoben zven in ugled kot <em>Festival della Canzone Italiana<\/em> v San Remu. Festival slovenske popevke je bil najbolj priljubljen v svoji prvi razli\u010dici, torej med letoma 1962 in 1983. Med letoma 1998 in 2014 je njegov presti\u017eni ugled precej ope\u0161al, leta 2016 pa je potekal pod imenom Dnevi slovenske zabavne glasbe.<\/p>\n<p>Skozi vsa ta leta je z rekordnim \u0161tevilom napisanih besedil za pesmi, ki so bile predstavljene na festivalu in ki so sooblikovale \u017eanr slovenske popevke, izstopala ena pesmopiska. Elza Budau (1941\u2013) je avtorica ve\u010d kot 1000 besedil slovenskih pesmi in \u0161ansonov. Od teh jih je ve\u010d kot 300 postalo slovenskih zimzelen\u010dkov, zato njihovo avtorico \u0161tejemo za eno najve\u010djih in najbolj produktivnih slovenskih pesmopisk vseh \u010dasov. Med zimzelene popevke Elze Budau spadajo:<\/p>\n<p>Poletna no\u010d v izvedbi Marjane Der\u017eaj,<br \/>\n<iframe loading=\"lazy\" src=\"https:\/\/www.youtube.com\/embed\/-rU3vA2w8GU\" width=\"560\" height=\"315\" frameborder=\"0\" allowfullscreen=\"allowfullscreen\" data-mce-fragment=\"1\"><\/iframe><\/p>\n<p>Pegasto dekle, ki jo tu poje hrva\u0161ka legenda Arsen Dedi\u0107,<br \/>\n<iframe loading=\"lazy\" src=\"https:\/\/www.youtube.com\/embed\/zucYeOwRvR0\" width=\"560\" height=\"315\" frameborder=\"0\" allowfullscreen=\"allowfullscreen\" data-mce-fragment=\"1\"><\/iframe><\/p>\n<p>Ti si moja ljubezen Elde Viler<br \/>\n<iframe loading=\"lazy\" src=\"https:\/\/www.youtube.com\/embed\/xvli4i-JnmU\" width=\"560\" height=\"315\" frameborder=\"0\" allowfullscreen=\"allowfullscreen\" data-mce-fragment=\"1\"><\/iframe><\/p>\n<p>in Brez besed, ki jo na Evrovizijski popevki leta 1966 odpela Berta Ambro\u017e.<br \/>\n<iframe loading=\"lazy\" src=\"https:\/\/www.youtube.com\/embed\/GU9ndZ-uxkA\" width=\"560\" height=\"315\" frameborder=\"0\" allowfullscreen=\"allowfullscreen\" data-mce-fragment=\"1\"><\/iframe><\/p>\n<p>&nbsp;<\/p>\n<\/div>\n<div id=\"pgc-2411-1-0\" class=\"panel-grid-cell\">\n<p>Ne gre prezreti dejstva, da je bila slednja povezana tudi s \u010disto pravo evrovizijsko afero. Leta 1966 je namre\u010d Jugoslavijo na Evroviziji zastopala prav ta pesm, ki je bila obenem prva slovenska pesem kdajkoli odpeta na tem presti\u017enem mednarodnem tekmovanju. Pesem Brez besed se je uvrstila na sedmo mesto. Sedem let kasneje, leta 1973, so na Evrovizijski popevki zmagali \u0160panci z Eres t\u00fa, a so se po razglasitvi rezultatov pojavile ene bolj druge manj glasne prito\u017ebe, da gre za plagiat, in sicer prav na\u0161e popevke Brez besed. Podobnost je res o\u010ditna, predvsem ob poslu\u0161anju ven\u010dka skupine Perpetuum Jazzile, ene od najspektakularnej\u0161ih ter najbolj poznanih vokalnih zasedb na svetu.<\/p>\n<p><iframe loading=\"lazy\" src=\"https:\/\/www.youtube.com\/embed\/KSlKmZeIt1s\" width=\"560\" height=\"315\" frameborder=\"0\" allowfullscreen=\"allowfullscreen\" data-mce-fragment=\"1\"><\/iframe><\/p>\n<p>&nbsp;<\/p>\n<p>Elza Budau pa ni le produktivna pesnica in pesmopiska, je tudi romanopiska. Najbolj presenetljivo pa je, da je po izobrazbi arhitektka. Njeno zgodnje delo je bilo vklju\u010deno v razstavo Toward a Concrete Utopia: Architecture in Yugoslavia, 1948\u20131980, ki jo je leta 2016 organizirala najpresti\u017enej\u0161a moderna galerija na svetu, newyor\u0161ka MoMA. S svojo izrazito umetni\u0161ko genialnostjo, ki presega kalupe in razmejitve, je Elza Budau klju\u010dno zaznamovala slovensko glasbeno zgodovino, nenazadnje pa tudi Kri\u017eanke, ta za\u0161\u010ditni znak Ljubljane, ki si ga najve\u010dja glasbena imena \u0161e vedno rada izberejo kot prizori\u0161\u010de za svoj nastop.<\/p>\n<p>&nbsp;<\/p>\n<p>Besedilo: Jasmina Jerant<\/p>\n<p>&nbsp;<\/p>\n<p>Prevod: Jaka Bulc<\/p>\n<p>Naslovna fotografija Elze Budau: neznani fotograf<br \/>\nFotografija Kri\u017eank: Darinka Mladenovi\u0107.<\/p>\n<\/div>\n<\/div>\n<\/div>\n<\/div>\n<\/div>\n<\/article>\n<\/div>\n<\/div>\n<\/div>\n<\/div>\n<\/div>\n<\/div>\n<\/div>\n<\/div>\n<\/div>\n<\/article>\n<\/div>\n<\/div>\n<\/div>\n<\/div>\n<\/div>\n<\/div>\n<\/div>\n<\/div>\n<\/div>\n<\/div>\n<\/article>\n<\/div>\n<\/div>\n<\/div>\n<\/div>\n<\/div>\n<\/div>\n<\/div>\n<\/div>\n<\/div>\n<\/div>\n<\/div>\n<\/article>\n<\/div>\n<\/div>\n<\/div>\n<\/div>\n<\/div>\n<\/div>\n<\/div>\n<\/div>\n<\/div>\n<\/div>\n<\/div>\n","protected":false},"excerpt":{"rendered":"<p>V slovenski prestolnici imamo koncertno prizori\u0161\u010de, ki ga je avstralski princ teme izbral za svoje glasbeno domovanje. Resni\u010dno. Poletno gledali\u0161\u010de Kri\u017eank na notranjem dvori\u0161\u010du nekdanjega samostana kri\u017eni\u0161kega reda v sredi\u0161\u010du Ljubljane je Nicka Cava tako o\u010daralo, da je tam odigral ve\u010dino svojih enajstih slovenskih koncertov. Govori se, da je Kri\u017eanke hotel celo kupiti. Prav ni\u010d [&hellip;]<\/p>\n","protected":false},"author":3,"featured_media":11216,"comment_status":"closed","ping_status":"open","sticky":false,"template":"","format":"standard","meta":{"_monsterinsights_skip_tracking":false,"_monsterinsights_sitenote_active":false,"_monsterinsights_sitenote_note":"","_monsterinsights_sitenote_category":0,"footnotes":""},"categories":[73,61,54],"tags":[93,84,117,95],"class_list":["post-11210","post","type-post","status-publish","format-standard","has-post-thumbnail","hentry","category-news-all","category-news-sl","category-uncategorized-sl","tag-blog","tag-glasba","tag-knjizevnost","tag-zenske"],"yoast_head":"<!-- This site is optimized with the Yoast SEO plugin v27.4 - https:\/\/yoast.com\/product\/yoast-seo-wordpress\/ -->\n<title>Feministi\u010dna tura z mag. Jasmino Jerant tudi v za\u010detku julija<\/title>\n<meta name=\"description\" content=\"Zavod Urbana Vrana organizira znamenito feministi\u010dno turo po Ljubljani za staro in mlado, gosposko in damsko. Dobimo se na Gornjem trgu!\" \/>\n<meta name=\"robots\" content=\"index, follow, max-snippet:-1, max-image-preview:large, max-video-preview:-1\" \/>\n<link rel=\"canonical\" href=\"https:\/\/ptich.si\/sl\/elza-budau-arhitektka-ki-je-napisala-300-slovenskih-zimzelenckov\/\" \/>\n<meta property=\"og:locale\" content=\"sl_SI\" \/>\n<meta property=\"og:type\" content=\"article\" \/>\n<meta property=\"og:title\" content=\"Feministi\u010dna tura z mag. Jasmino Jerant tudi v za\u010detku julija\" \/>\n<meta property=\"og:description\" content=\"Zavod Urbana Vrana organizira znamenito feministi\u010dno turo po Ljubljani za staro in mlado, gosposko in damsko. Dobimo se na Gornjem trgu!\" \/>\n<meta property=\"og:url\" content=\"https:\/\/ptich.si\/sl\/elza-budau-arhitektka-ki-je-napisala-300-slovenskih-zimzelenckov\/\" \/>\n<meta property=\"og:site_name\" content=\"Ptich\" \/>\n<meta property=\"article:publisher\" content=\"https:\/\/www.facebook.com\/PtichSlovenia\/\" \/>\n<meta property=\"article:published_time\" content=\"2020-04-20T10:28:24+00:00\" \/>\n<meta property=\"article:modified_time\" content=\"2020-10-22T18:26:34+00:00\" \/>\n<meta property=\"og:image\" content=\"https:\/\/ptich.si\/wp-content\/uploads\/2020\/07\/Elza-Budau.jpg\" \/>\n\t<meta property=\"og:image:width\" content=\"1200\" \/>\n\t<meta property=\"og:image:height\" content=\"800\" \/>\n\t<meta property=\"og:image:type\" content=\"image\/jpeg\" \/>\n<meta name=\"author\" content=\"laganosportski\" \/>\n<meta name=\"twitter:card\" content=\"summary_large_image\" \/>\n<meta name=\"twitter:label1\" content=\"Written by\" \/>\n\t<meta name=\"twitter:data1\" content=\"laganosportski\" \/>\n\t<meta name=\"twitter:label2\" content=\"Est. reading time\" \/>\n\t<meta name=\"twitter:data2\" content=\"3 minute\" \/>\n<script type=\"application\/ld+json\" class=\"yoast-schema-graph\">{\"@context\":\"https:\\\/\\\/schema.org\",\"@graph\":[{\"@type\":\"Article\",\"@id\":\"https:\\\/\\\/ptich.si\\\/sl\\\/elza-budau-arhitektka-ki-je-napisala-300-slovenskih-zimzelenckov\\\/#article\",\"isPartOf\":{\"@id\":\"https:\\\/\\\/ptich.si\\\/sl\\\/elza-budau-arhitektka-ki-je-napisala-300-slovenskih-zimzelenckov\\\/\"},\"author\":{\"name\":\"laganosportski\",\"@id\":\"https:\\\/\\\/ptich.si\\\/sl\\\/#\\\/schema\\\/person\\\/87f1654008fb02442dde62aa7c216b42\"},\"headline\":\"Elza Budau: arhitektka, ki je napisala 300 slovenskih zimzelen\u010dkov\",\"datePublished\":\"2020-04-20T10:28:24+00:00\",\"dateModified\":\"2020-10-22T18:26:34+00:00\",\"mainEntityOfPage\":{\"@id\":\"https:\\\/\\\/ptich.si\\\/sl\\\/elza-budau-arhitektka-ki-je-napisala-300-slovenskih-zimzelenckov\\\/\"},\"wordCount\":598,\"publisher\":{\"@id\":\"https:\\\/\\\/ptich.si\\\/sl\\\/#organization\"},\"image\":{\"@id\":\"https:\\\/\\\/ptich.si\\\/sl\\\/elza-budau-arhitektka-ki-je-napisala-300-slovenskih-zimzelenckov\\\/#primaryimage\"},\"thumbnailUrl\":\"https:\\\/\\\/ptich.si\\\/wp-content\\\/uploads\\\/2020\\\/07\\\/Elza-Budau.jpg\",\"keywords\":[\"BLOG\",\"GLASBA\",\"KNJI\u017dEVNOST\",\"\u017dENSKE\"],\"articleSection\":[\"News-all\",\"News-sl\",\"Uncategorized @sl\"],\"inLanguage\":\"sl-SI\"},{\"@type\":\"WebPage\",\"@id\":\"https:\\\/\\\/ptich.si\\\/sl\\\/elza-budau-arhitektka-ki-je-napisala-300-slovenskih-zimzelenckov\\\/\",\"url\":\"https:\\\/\\\/ptich.si\\\/sl\\\/elza-budau-arhitektka-ki-je-napisala-300-slovenskih-zimzelenckov\\\/\",\"name\":\"Feministi\u010dna tura z mag. Jasmino Jerant tudi v za\u010detku julija\",\"isPartOf\":{\"@id\":\"https:\\\/\\\/ptich.si\\\/sl\\\/#website\"},\"primaryImageOfPage\":{\"@id\":\"https:\\\/\\\/ptich.si\\\/sl\\\/elza-budau-arhitektka-ki-je-napisala-300-slovenskih-zimzelenckov\\\/#primaryimage\"},\"image\":{\"@id\":\"https:\\\/\\\/ptich.si\\\/sl\\\/elza-budau-arhitektka-ki-je-napisala-300-slovenskih-zimzelenckov\\\/#primaryimage\"},\"thumbnailUrl\":\"https:\\\/\\\/ptich.si\\\/wp-content\\\/uploads\\\/2020\\\/07\\\/Elza-Budau.jpg\",\"datePublished\":\"2020-04-20T10:28:24+00:00\",\"dateModified\":\"2020-10-22T18:26:34+00:00\",\"description\":\"Zavod Urbana Vrana organizira znamenito feministi\u010dno turo po Ljubljani za staro in mlado, gosposko in damsko. Dobimo se na Gornjem trgu!\",\"breadcrumb\":{\"@id\":\"https:\\\/\\\/ptich.si\\\/sl\\\/elza-budau-arhitektka-ki-je-napisala-300-slovenskih-zimzelenckov\\\/#breadcrumb\"},\"inLanguage\":\"sl-SI\",\"potentialAction\":[{\"@type\":\"ReadAction\",\"target\":[\"https:\\\/\\\/ptich.si\\\/sl\\\/elza-budau-arhitektka-ki-je-napisala-300-slovenskih-zimzelenckov\\\/\"]}]},{\"@type\":\"ImageObject\",\"inLanguage\":\"sl-SI\",\"@id\":\"https:\\\/\\\/ptich.si\\\/sl\\\/elza-budau-arhitektka-ki-je-napisala-300-slovenskih-zimzelenckov\\\/#primaryimage\",\"url\":\"https:\\\/\\\/ptich.si\\\/wp-content\\\/uploads\\\/2020\\\/07\\\/Elza-Budau.jpg\",\"contentUrl\":\"https:\\\/\\\/ptich.si\\\/wp-content\\\/uploads\\\/2020\\\/07\\\/Elza-Budau.jpg\",\"width\":1200,\"height\":800},{\"@type\":\"BreadcrumbList\",\"@id\":\"https:\\\/\\\/ptich.si\\\/sl\\\/elza-budau-arhitektka-ki-je-napisala-300-slovenskih-zimzelenckov\\\/#breadcrumb\",\"itemListElement\":[{\"@type\":\"ListItem\",\"position\":1,\"name\":\"Home\",\"item\":\"https:\\\/\\\/ptich.si\\\/sl\\\/\"},{\"@type\":\"ListItem\",\"position\":2,\"name\":\"Elza Budau: arhitektka, ki je napisala 300 slovenskih zimzelen\u010dkov\"}]},{\"@type\":\"WebSite\",\"@id\":\"https:\\\/\\\/ptich.si\\\/sl\\\/#website\",\"url\":\"https:\\\/\\\/ptich.si\\\/sl\\\/\",\"name\":\"Ptich\",\"description\":\"Glasbeni izleti & urbane ture | Ljubljana | Slovenija\",\"publisher\":{\"@id\":\"https:\\\/\\\/ptich.si\\\/sl\\\/#organization\"},\"potentialAction\":[{\"@type\":\"SearchAction\",\"target\":{\"@type\":\"EntryPoint\",\"urlTemplate\":\"https:\\\/\\\/ptich.si\\\/sl\\\/?s={search_term_string}\"},\"query-input\":{\"@type\":\"PropertyValueSpecification\",\"valueRequired\":true,\"valueName\":\"search_term_string\"}}],\"inLanguage\":\"sl-SI\"},{\"@type\":\"Organization\",\"@id\":\"https:\\\/\\\/ptich.si\\\/sl\\\/#organization\",\"name\":\"Ptich\",\"url\":\"https:\\\/\\\/ptich.si\\\/sl\\\/\",\"logo\":{\"@type\":\"ImageObject\",\"inLanguage\":\"sl-SI\",\"@id\":\"https:\\\/\\\/ptich.si\\\/sl\\\/#\\\/schema\\\/logo\\\/image\\\/\",\"url\":\"https:\\\/\\\/ptich.si\\\/wp-content\\\/uploads\\\/2020\\\/05\\\/ptich-logo-mali.png\",\"contentUrl\":\"https:\\\/\\\/ptich.si\\\/wp-content\\\/uploads\\\/2020\\\/05\\\/ptich-logo-mali.png\",\"width\":135,\"height\":40,\"caption\":\"Ptich\"},\"image\":{\"@id\":\"https:\\\/\\\/ptich.si\\\/sl\\\/#\\\/schema\\\/logo\\\/image\\\/\"},\"sameAs\":[\"https:\\\/\\\/www.facebook.com\\\/PtichSlovenia\\\/\"]},{\"@type\":\"Person\",\"@id\":\"https:\\\/\\\/ptich.si\\\/sl\\\/#\\\/schema\\\/person\\\/87f1654008fb02442dde62aa7c216b42\",\"name\":\"laganosportski\",\"image\":{\"@type\":\"ImageObject\",\"inLanguage\":\"sl-SI\",\"@id\":\"https:\\\/\\\/secure.gravatar.com\\\/avatar\\\/121c035730a9a139bd7a88b8fd9f2166d16a959771369011d043d6d01676ec61?s=96&d=mm&r=g\",\"url\":\"https:\\\/\\\/secure.gravatar.com\\\/avatar\\\/121c035730a9a139bd7a88b8fd9f2166d16a959771369011d043d6d01676ec61?s=96&d=mm&r=g\",\"contentUrl\":\"https:\\\/\\\/secure.gravatar.com\\\/avatar\\\/121c035730a9a139bd7a88b8fd9f2166d16a959771369011d043d6d01676ec61?s=96&d=mm&r=g\",\"caption\":\"laganosportski\"},\"url\":\"https:\\\/\\\/ptich.si\\\/sl\\\/author\\\/laganosportski\\\/\"}]}<\/script>\n<!-- \/ Yoast SEO plugin. -->","yoast_head_json":{"title":"Feministi\u010dna tura z mag. Jasmino Jerant tudi v za\u010detku julija","description":"Zavod Urbana Vrana organizira znamenito feministi\u010dno turo po Ljubljani za staro in mlado, gosposko in damsko. Dobimo se na Gornjem trgu!","robots":{"index":"index","follow":"follow","max-snippet":"max-snippet:-1","max-image-preview":"max-image-preview:large","max-video-preview":"max-video-preview:-1"},"canonical":"https:\/\/ptich.si\/sl\/elza-budau-arhitektka-ki-je-napisala-300-slovenskih-zimzelenckov\/","og_locale":"sl_SI","og_type":"article","og_title":"Feministi\u010dna tura z mag. Jasmino Jerant tudi v za\u010detku julija","og_description":"Zavod Urbana Vrana organizira znamenito feministi\u010dno turo po Ljubljani za staro in mlado, gosposko in damsko. Dobimo se na Gornjem trgu!","og_url":"https:\/\/ptich.si\/sl\/elza-budau-arhitektka-ki-je-napisala-300-slovenskih-zimzelenckov\/","og_site_name":"Ptich","article_publisher":"https:\/\/www.facebook.com\/PtichSlovenia\/","article_published_time":"2020-04-20T10:28:24+00:00","article_modified_time":"2020-10-22T18:26:34+00:00","og_image":[{"width":1200,"height":800,"url":"https:\/\/ptich.si\/wp-content\/uploads\/2020\/07\/Elza-Budau.jpg","type":"image\/jpeg"}],"author":"laganosportski","twitter_card":"summary_large_image","twitter_misc":{"Written by":"laganosportski","Est. reading time":"3 minute"},"schema":{"@context":"https:\/\/schema.org","@graph":[{"@type":"Article","@id":"https:\/\/ptich.si\/sl\/elza-budau-arhitektka-ki-je-napisala-300-slovenskih-zimzelenckov\/#article","isPartOf":{"@id":"https:\/\/ptich.si\/sl\/elza-budau-arhitektka-ki-je-napisala-300-slovenskih-zimzelenckov\/"},"author":{"name":"laganosportski","@id":"https:\/\/ptich.si\/sl\/#\/schema\/person\/87f1654008fb02442dde62aa7c216b42"},"headline":"Elza Budau: arhitektka, ki je napisala 300 slovenskih zimzelen\u010dkov","datePublished":"2020-04-20T10:28:24+00:00","dateModified":"2020-10-22T18:26:34+00:00","mainEntityOfPage":{"@id":"https:\/\/ptich.si\/sl\/elza-budau-arhitektka-ki-je-napisala-300-slovenskih-zimzelenckov\/"},"wordCount":598,"publisher":{"@id":"https:\/\/ptich.si\/sl\/#organization"},"image":{"@id":"https:\/\/ptich.si\/sl\/elza-budau-arhitektka-ki-je-napisala-300-slovenskih-zimzelenckov\/#primaryimage"},"thumbnailUrl":"https:\/\/ptich.si\/wp-content\/uploads\/2020\/07\/Elza-Budau.jpg","keywords":["BLOG","GLASBA","KNJI\u017dEVNOST","\u017dENSKE"],"articleSection":["News-all","News-sl","Uncategorized @sl"],"inLanguage":"sl-SI"},{"@type":"WebPage","@id":"https:\/\/ptich.si\/sl\/elza-budau-arhitektka-ki-je-napisala-300-slovenskih-zimzelenckov\/","url":"https:\/\/ptich.si\/sl\/elza-budau-arhitektka-ki-je-napisala-300-slovenskih-zimzelenckov\/","name":"Feministi\u010dna tura z mag. Jasmino Jerant tudi v za\u010detku julija","isPartOf":{"@id":"https:\/\/ptich.si\/sl\/#website"},"primaryImageOfPage":{"@id":"https:\/\/ptich.si\/sl\/elza-budau-arhitektka-ki-je-napisala-300-slovenskih-zimzelenckov\/#primaryimage"},"image":{"@id":"https:\/\/ptich.si\/sl\/elza-budau-arhitektka-ki-je-napisala-300-slovenskih-zimzelenckov\/#primaryimage"},"thumbnailUrl":"https:\/\/ptich.si\/wp-content\/uploads\/2020\/07\/Elza-Budau.jpg","datePublished":"2020-04-20T10:28:24+00:00","dateModified":"2020-10-22T18:26:34+00:00","description":"Zavod Urbana Vrana organizira znamenito feministi\u010dno turo po Ljubljani za staro in mlado, gosposko in damsko. Dobimo se na Gornjem trgu!","breadcrumb":{"@id":"https:\/\/ptich.si\/sl\/elza-budau-arhitektka-ki-je-napisala-300-slovenskih-zimzelenckov\/#breadcrumb"},"inLanguage":"sl-SI","potentialAction":[{"@type":"ReadAction","target":["https:\/\/ptich.si\/sl\/elza-budau-arhitektka-ki-je-napisala-300-slovenskih-zimzelenckov\/"]}]},{"@type":"ImageObject","inLanguage":"sl-SI","@id":"https:\/\/ptich.si\/sl\/elza-budau-arhitektka-ki-je-napisala-300-slovenskih-zimzelenckov\/#primaryimage","url":"https:\/\/ptich.si\/wp-content\/uploads\/2020\/07\/Elza-Budau.jpg","contentUrl":"https:\/\/ptich.si\/wp-content\/uploads\/2020\/07\/Elza-Budau.jpg","width":1200,"height":800},{"@type":"BreadcrumbList","@id":"https:\/\/ptich.si\/sl\/elza-budau-arhitektka-ki-je-napisala-300-slovenskih-zimzelenckov\/#breadcrumb","itemListElement":[{"@type":"ListItem","position":1,"name":"Home","item":"https:\/\/ptich.si\/sl\/"},{"@type":"ListItem","position":2,"name":"Elza Budau: arhitektka, ki je napisala 300 slovenskih zimzelen\u010dkov"}]},{"@type":"WebSite","@id":"https:\/\/ptich.si\/sl\/#website","url":"https:\/\/ptich.si\/sl\/","name":"Ptich","description":"Glasbeni izleti & urbane ture | Ljubljana | Slovenija","publisher":{"@id":"https:\/\/ptich.si\/sl\/#organization"},"potentialAction":[{"@type":"SearchAction","target":{"@type":"EntryPoint","urlTemplate":"https:\/\/ptich.si\/sl\/?s={search_term_string}"},"query-input":{"@type":"PropertyValueSpecification","valueRequired":true,"valueName":"search_term_string"}}],"inLanguage":"sl-SI"},{"@type":"Organization","@id":"https:\/\/ptich.si\/sl\/#organization","name":"Ptich","url":"https:\/\/ptich.si\/sl\/","logo":{"@type":"ImageObject","inLanguage":"sl-SI","@id":"https:\/\/ptich.si\/sl\/#\/schema\/logo\/image\/","url":"https:\/\/ptich.si\/wp-content\/uploads\/2020\/05\/ptich-logo-mali.png","contentUrl":"https:\/\/ptich.si\/wp-content\/uploads\/2020\/05\/ptich-logo-mali.png","width":135,"height":40,"caption":"Ptich"},"image":{"@id":"https:\/\/ptich.si\/sl\/#\/schema\/logo\/image\/"},"sameAs":["https:\/\/www.facebook.com\/PtichSlovenia\/"]},{"@type":"Person","@id":"https:\/\/ptich.si\/sl\/#\/schema\/person\/87f1654008fb02442dde62aa7c216b42","name":"laganosportski","image":{"@type":"ImageObject","inLanguage":"sl-SI","@id":"https:\/\/secure.gravatar.com\/avatar\/121c035730a9a139bd7a88b8fd9f2166d16a959771369011d043d6d01676ec61?s=96&d=mm&r=g","url":"https:\/\/secure.gravatar.com\/avatar\/121c035730a9a139bd7a88b8fd9f2166d16a959771369011d043d6d01676ec61?s=96&d=mm&r=g","contentUrl":"https:\/\/secure.gravatar.com\/avatar\/121c035730a9a139bd7a88b8fd9f2166d16a959771369011d043d6d01676ec61?s=96&d=mm&r=g","caption":"laganosportski"},"url":"https:\/\/ptich.si\/sl\/author\/laganosportski\/"}]}},"jetpack_featured_media_url":"https:\/\/ptich.si\/wp-content\/uploads\/2020\/07\/Elza-Budau.jpg","_links":{"self":[{"href":"https:\/\/ptich.si\/sl\/wp-json\/wp\/v2\/posts\/11210","targetHints":{"allow":["GET"]}}],"collection":[{"href":"https:\/\/ptich.si\/sl\/wp-json\/wp\/v2\/posts"}],"about":[{"href":"https:\/\/ptich.si\/sl\/wp-json\/wp\/v2\/types\/post"}],"author":[{"embeddable":true,"href":"https:\/\/ptich.si\/sl\/wp-json\/wp\/v2\/users\/3"}],"replies":[{"embeddable":true,"href":"https:\/\/ptich.si\/sl\/wp-json\/wp\/v2\/comments?post=11210"}],"version-history":[{"count":3,"href":"https:\/\/ptich.si\/sl\/wp-json\/wp\/v2\/posts\/11210\/revisions"}],"predecessor-version":[{"id":11225,"href":"https:\/\/ptich.si\/sl\/wp-json\/wp\/v2\/posts\/11210\/revisions\/11225"}],"wp:featuredmedia":[{"embeddable":true,"href":"https:\/\/ptich.si\/sl\/wp-json\/wp\/v2\/media\/11216"}],"wp:attachment":[{"href":"https:\/\/ptich.si\/sl\/wp-json\/wp\/v2\/media?parent=11210"}],"wp:term":[{"taxonomy":"category","embeddable":true,"href":"https:\/\/ptich.si\/sl\/wp-json\/wp\/v2\/categories?post=11210"},{"taxonomy":"post_tag","embeddable":true,"href":"https:\/\/ptich.si\/sl\/wp-json\/wp\/v2\/tags?post=11210"}],"curies":[{"name":"wp","href":"https:\/\/api.w.org\/{rel}","templated":true}]}}