{"id":11258,"date":"2020-04-22T18:14:15","date_gmt":"2020-04-22T18:14:15","guid":{"rendered":"https:\/\/ptich.si\/?p=11258"},"modified":"2020-10-22T18:25:42","modified_gmt":"2020-10-22T18:25:42","slug":"slovenske-skladateljice-v-moskem-svetu","status":"publish","type":"post","link":"https:\/\/ptich.si\/sl\/slovenske-skladateljice-v-moskem-svetu\/","title":{"rendered":"Slovenske skladateljice &#8211; v mo\u0161kem svetu"},"content":{"rendered":"<div class=\"entry-content\">\n<div id=\"pl-2424\" class=\"panel-layout\">\n<div id=\"pg-2424-5\" class=\"panel-grid panel-no-style\">\n<div id=\"pgc-2424-5-0\" class=\"panel-grid-cell\">\n<div id=\"panel-2424-5-0-0\" class=\"so-panel widget widget_sow-editor panel-first-child panel-last-child\" data-index=\"8\">\n<div class=\"so-widget-sow-editor so-widget-sow-editor-base\">\n<div class=\"siteorigin-widget-tinymce textwidget\">\n<div id=\"main\" class=\"site-main\">\n<div class=\"full-container\">\n<div id=\"primary\" class=\"content-area\">\n<div id=\"content\" class=\"site-content\" role=\"main\">\n<article id=\"post-2411\" class=\"post post-2411 type-post status-publish format-standard has-post-thumbnail hentry category-uncategorized-sl\">\n<div class=\"entry-main\">\n<div class=\"entry-content\">\n<div id=\"pl-2411\" class=\"panel-layout\">\n<div id=\"pg-2411-1\" class=\"panel-grid panel-no-style\">\n<div id=\"pgc-2411-1-0\" class=\"panel-grid-cell\">\n<div id=\"panel-2411-1-0-0\" class=\"so-panel widget widget_sow-editor panel-first-child panel-last-child\" data-index=\"2\">\n<div class=\"so-widget-sow-editor so-widget-sow-editor-base\">\n<div class=\"siteorigin-widget-tinymce textwidget\">\n<div class=\"full-container\">\n<div id=\"primary\" class=\"content-area\">\n<div id=\"content\" class=\"site-content\" role=\"main\">\n<article id=\"post-2411\" class=\"post post-2411 type-post status-publish format-standard has-post-thumbnail hentry category-uncategorized-sl\">\n<div class=\"entry-main\">\n<div class=\"entry-content\">\n<div id=\"pl-2411\" class=\"panel-layout\">\n<div id=\"pg-2411-1\" class=\"panel-grid panel-no-style\">\n<div id=\"pgc-2411-1-0\" class=\"panel-grid-cell\">\n<div id=\"panel-2411-1-0-0\" class=\"so-panel widget widget_sow-editor panel-first-child panel-last-child\" data-index=\"2\">\n<div class=\"so-widget-sow-editor so-widget-sow-editor-base\">\n<p>Pred nekaj meseci je globalno medijsko krajino \u0161okirala vest, da je Dunajska dr\u017eavna opera \u0161ele prvi\u010d v svoji kar 150-letni zgodovini gostila predstavo, ki jo je napisala \u017eenska, natan\u010dneje avstrijska skladateljica Olga Neuwirth. Zgodovinski dogodek je bil \u0161e toliko bolj pomenljiv, ker je opera temeljila na romanu Orlando, fiktivni biografiji, polni menjavanja dru\u017ebenega spola, ki jo je Virginia Woolf napisala leta 1928, dandanes pa velja za feministi\u010dno klasiko.<\/p>\n<p>Slovenske \u017eenske, sosede svojih avstrijskih sester, nismo bile prav ni\u010d osuple. Pravzaprav smo \u017eenske kaj malo presene\u010dene, ko se take sorte novica pojavi v medijih. Ravno nasprotno. Obi\u010dajno nam je prav zabavno, ko se skozi vse pore medijskega prostora naenkrat steka toliko ogor\u010denja, gneva in pravi\u010dni\u0161tva. Saj je za nas ta &#8216;neverjetna vest&#8217; preprosto le \u0161e en dan v na\u0161em \u017eivljenju. Kot sta se med vodenjem Zlatih globusov leta 2014 namuznili komedijantki Tina Fey in Amy Poehler: \u00bbMatthew McConaughey se je letos res odli\u010dno odrezal. Za svojo vlogo v Klubu zdravja Dallas je shuj\u0161al za 20 kilogramov. Temu igralke pravijo \u2026 obi\u010dajna priprava na vlogo.\u00ab<\/p>\n<p><iframe loading=\"lazy\" src=\"https:\/\/www.youtube.com\/embed\/TKZoVRV-Kp0\" width=\"560\" height=\"315\" frameborder=\"0\" allowfullscreen=\"allowfullscreen\"><\/iframe><\/p>\n<p>Kakor koli \u017ee, vrnimo se nazaj v na\u0161o sose\u0161\u010dino. Novica, da je na odru Dunajske dr\u017eavne opere prvi\u010d izvedena predstava, ki jo je skomponirala \u017eenska, res ni bila tako \u0161okantna. Precej smo \u017ee navajene, da skladateljice te\u017eko zares uspejo. Tisti, ki nam ne verjamete, se lahko pogovorite s \u0161tudenti Akademije za glasbo Univerze v Ljubljani, glavnega konservatorija v Sloveniji. \u0160e celo mo\u0161ki \u0161tudentje so glede situacije precej cini\u010dno razpolo\u017eeni: \u00bbKompozicija je na na\u0161i akademiji o\u010ditno mo\u0161ki svet.\u00ab<\/p>\n<p>Program Glasbena umetnost: kompozicija in glasbena teorija na Akademija za glasbo je ve\u010dinoma sestavljen iz mo\u0161kih profesorjev in mo\u0161kih \u0161tudentov. \u0160tudentk in profesoric je ve\u010d na Oddelku za glasbeno pedagogiko, kjer poteka izobra\u017eevanje za samostojno pou\u010devanje glasbe in zborovskega petja v osnovnih in srednjih \u0161olah ter v malih in osnovnih glasbenih \u0161olah. Nekaj \u017eensk je tudi na oddelkih za posamezna glasbila.<\/p>\n<p><iframe loading=\"lazy\" src=\"https:\/\/www.youtube.com\/embed\/ModHacPrPbc\" width=\"560\" height=\"315\" frameborder=\"0\" allowfullscreen=\"allowfullscreen\"><\/iframe><\/p>\n<p>Navkljub vsemu je v Sloveniji nekaj izjemnih skladateljic. Na samem vrhu je Nina \u0160enk (1982), ki je prav na Akademiji za glasbo v Ljubljani diplomirala iz kompozicije. Kompozicijo je \u0161tudirala tudi podiplomsko v Dresdnu, leta 2008 pa je magistrirala na Visoki \u0161oli za glasbo in gledali\u0161\u010de v M\u00fcnchnu. Je dobitnica mnogih doma\u010dih in mednarodnih nagrad, njena dela pa so razli\u010dni orkestri in ansambli (svetovni cr\u00e8me de la cr\u00e8me na podro\u010dju klasi\u010dne glasbe) izvedli na \u0161tevilnih mednarodnih festivalih in drugih koncertih po svetu.<\/p>\n<p>Nino \u0160enk so leta 2019 izvolili za izredno \u010dlanico Slovenske akademije znanosti in umetnosti. S tem je postala najmlaj\u0161a \u010dlanica najvi\u0161je znanstvene in umetnostne ustanove v Sloveniji, pa tudi prva slovenska skladateljica, ki je bila izvoljena v Akademijo. \u00bbS tem imenovanjem sem dobila podporo in zaupanje v to, kar sem doslej dosegla. V\u0161e\u010d mi je, \u010de kdo vidi kak\u0161en prese\u017eek, sploh da sem v kompoziciji dosegla toliko kot \u017eenska,\u00ab je dejala na slovesnosti.<\/p>\n<p>Nina \u0160enk skupaj s kolegicami, na primer z Nano Forte (1981), Katarino Pustinek Rakar (1979), Tadejo Vulc (1978), Ur\u0161ko Pompe (1969) in Lariso Vrhunc (1967), tvori mo\u010dno in mednarodno priznano skupino slovenskih skladateljic, ki vztrajajo v mo\u0161kem svetu kompozicije.<\/p>\n<figure id=\"attachment_11267\" aria-describedby=\"caption-attachment-11267\" style=\"width: 590px\" class=\"wp-caption alignnone\"><img loading=\"lazy\" decoding=\"async\" class=\"wp-image-11267 size-large\" src=\"https:\/\/ptich.si\/wp-content\/uploads\/2020\/07\/Josipina_Urban\u010di\u010d-Henrika-Langus-590x1024.jpg\" alt=\"\" width=\"590\" height=\"1024\" srcset=\"https:\/\/ptich.si\/wp-content\/uploads\/2020\/07\/Josipina_Urban\u010di\u010d-Henrika-Langus-590x1024.jpg 590w, https:\/\/ptich.si\/wp-content\/uploads\/2020\/07\/Josipina_Urban\u010di\u010d-Henrika-Langus-173x300.jpg 173w, https:\/\/ptich.si\/wp-content\/uploads\/2020\/07\/Josipina_Urban\u010di\u010d-Henrika-Langus.jpg 709w\" sizes=\"auto, (max-width: 590px) 100vw, 590px\" \/><figcaption id=\"caption-attachment-11267\" class=\"wp-caption-text\">Josipina Urban\u010di\u010d Turnograjska (19. stoletje), slika Henrike Langus<\/figcaption><\/figure>\n<p>Situacija se je od prve slovenske skladateljice, Josipine Turnograjske (1833\u20131854), ki je za klavir skladala skoraj 200 let prej, mo\u010dno spremenila. Turnograjska se je v svojem \u010dasu borila tudi proti dru\u017ebenim normam. Poleg prve skladateljice je bila tudi prva pisateljica. Prva pisateljica, ki jo je doletela kriti\u010dna opazka, \u010de\u0161 da dela s peresom, namesto da bi, \u017eenskam primerno, sedela ob zibelki ali ob pe\u010di, kot je v pismu njenemu mo\u017eu zapisal Janez Trdina, zgodovinar in pisatelj iz tistega \u010dasa.<\/p>\n<p>Ja, slovenske skladateljice so v primerjavi s tistimi \u010dasi pri\u0161le zelo dale\u010d. Turnograjska jim je lepo tlakovala pot. Vendar pa dru\u017eba v nekaterih pogledih od njenih \u010dasov ni veliko napredovala. Slovenska akademija znanosti in umetnosti, v katero so osebe izvoljene na podlagi svojih izjemnih dose\u017ekov na podro\u010dju znanosti in umetnosti, ima trenutno 94 \u010dlanov. Med njimi je to\u010dno devet \u017eensk. Manj kot deset odstotkov torej. V razredu za umetnosti je 19 \u010dlanov. Med njimi ena \u017eenska. In ta \u017eenska je Nina \u0160enk, skladateljica v mo\u0161kem svetu skladateljev \u2026 umetnica v mo\u0161kem svetu umetnikov.<\/p>\n<p>&nbsp;<\/p>\n<\/div>\n<\/div>\n<\/div>\n<\/div>\n<\/div>\n<\/div>\n<\/div>\n<\/article>\n<\/div>\n<\/div>\n<\/div>\n<div class=\"full-container\">\n<div id=\"primary\" class=\"content-area\">\n<div id=\"content\" class=\"site-content\" role=\"main\">\n<article id=\"post-2411\" class=\"post post-2411 type-post status-publish format-standard has-post-thumbnail hentry category-uncategorized-sl\">\n<div class=\"entry-main\">\n<div class=\"entry-content\">\n<div id=\"pl-2411\" class=\"panel-layout\">\n<div id=\"pg-2411-1\" class=\"panel-grid panel-no-style\">\n<div id=\"pgc-2411-1-0\" class=\"panel-grid-cell\">\n<div id=\"panel-2411-1-0-0\" class=\"so-panel widget widget_sow-editor panel-first-child panel-last-child\" data-index=\"2\">\n<div class=\"full-container\">\n<div id=\"primary\" class=\"content-area\">\n<div id=\"content\" class=\"site-content\" role=\"main\">\n<article id=\"post-2411\" class=\"post post-2411 type-post status-publish format-standard has-post-thumbnail hentry category-uncategorized-sl\">\n<div class=\"entry-main\">\n<div class=\"entry-content\">\n<div id=\"pl-2411\" class=\"panel-layout\">\n<div id=\"pg-2411-1\" class=\"panel-grid panel-no-style\">\n<div id=\"pgc-2411-1-0\" class=\"panel-grid-cell\">\n<p>Besedilo: Jasmina Jerant<\/p>\n<p>&nbsp;<\/p>\n<p>Prevod: Jaka Bulc<br \/>\nNaslovna fotografija Nine \u0160enk:\u00a0 Ciril Jazbec<\/p>\n<\/div>\n<\/div>\n<\/div>\n<\/div>\n<\/div>\n<\/article>\n<\/div>\n<\/div>\n<\/div>\n<\/div>\n<\/div>\n<\/div>\n<\/div>\n<\/div>\n<\/div>\n<\/article>\n<\/div>\n<\/div>\n<\/div>\n<\/div>\n<\/div>\n<\/div>\n<\/div>\n<\/div>\n<\/div>\n<\/div>\n<\/div>\n<\/article>\n<\/div>\n<\/div>\n<\/div>\n<\/div>\n<\/div>\n<\/div>\n<\/div>\n<\/div>\n<\/div>\n<\/div>\n<\/div>\n","protected":false},"excerpt":{"rendered":"<p>Pred nekaj meseci je globalno medijsko krajino \u0161okirala vest, da je Dunajska dr\u017eavna opera \u0161ele prvi\u010d v svoji kar 150-letni zgodovini gostila predstavo, ki jo je napisala \u017eenska, natan\u010dneje avstrijska skladateljica Olga Neuwirth. Zgodovinski dogodek je bil \u0161e toliko bolj pomenljiv, ker je opera temeljila na romanu Orlando, fiktivni biografiji, polni menjavanja dru\u017ebenega spola, ki [&hellip;]<\/p>\n","protected":false},"author":3,"featured_media":11263,"comment_status":"closed","ping_status":"open","sticky":false,"template":"","format":"standard","meta":{"_monsterinsights_skip_tracking":false,"_monsterinsights_sitenote_active":false,"_monsterinsights_sitenote_note":"","_monsterinsights_sitenote_category":0,"footnotes":""},"categories":[73,61,54],"tags":[93,84,105,95],"class_list":["post-11258","post","type-post","status-publish","format-standard","has-post-thumbnail","hentry","category-news-all","category-news-sl","category-uncategorized-sl","tag-blog","tag-glasba","tag-slovenija","tag-zenske"],"yoast_head":"<!-- This site is optimized with the Yoast SEO plugin v27.4 - https:\/\/yoast.com\/product\/yoast-seo-wordpress\/ -->\n<title>Feministi\u010dna tura z mag. Jasmino Jerant tudi v za\u010detku julija<\/title>\n<meta name=\"description\" content=\"Zavod Urbana Vrana organizira znamenito feministi\u010dno turo po Ljubljani za staro in mlado, gosposko in damsko. Dobimo se na Gornjem trgu!\" \/>\n<meta name=\"robots\" content=\"index, follow, max-snippet:-1, max-image-preview:large, max-video-preview:-1\" \/>\n<link rel=\"canonical\" href=\"https:\/\/ptich.si\/sl\/slovenske-skladateljice-v-moskem-svetu\/\" \/>\n<meta property=\"og:locale\" content=\"sl_SI\" \/>\n<meta property=\"og:type\" content=\"article\" \/>\n<meta property=\"og:title\" content=\"Feministi\u010dna tura z mag. Jasmino Jerant tudi v za\u010detku julija\" \/>\n<meta property=\"og:description\" content=\"Zavod Urbana Vrana organizira znamenito feministi\u010dno turo po Ljubljani za staro in mlado, gosposko in damsko. Dobimo se na Gornjem trgu!\" \/>\n<meta property=\"og:url\" content=\"https:\/\/ptich.si\/sl\/slovenske-skladateljice-v-moskem-svetu\/\" \/>\n<meta property=\"og:site_name\" content=\"Ptich\" \/>\n<meta property=\"article:publisher\" content=\"https:\/\/www.facebook.com\/PtichSlovenia\/\" \/>\n<meta property=\"article:published_time\" content=\"2020-04-22T18:14:15+00:00\" \/>\n<meta property=\"article:modified_time\" content=\"2020-10-22T18:25:42+00:00\" \/>\n<meta property=\"og:image\" content=\"https:\/\/ptich.si\/wp-content\/uploads\/2020\/07\/Nina-\u0160enk-Ciril-Jazbec-1.jpg\" \/>\n\t<meta property=\"og:image:width\" content=\"1920\" \/>\n\t<meta property=\"og:image:height\" content=\"1274\" \/>\n\t<meta property=\"og:image:type\" content=\"image\/jpeg\" \/>\n<meta name=\"author\" content=\"laganosportski\" \/>\n<meta name=\"twitter:card\" content=\"summary_large_image\" \/>\n<meta name=\"twitter:label1\" content=\"Written by\" \/>\n\t<meta name=\"twitter:data1\" content=\"laganosportski\" \/>\n\t<meta name=\"twitter:label2\" content=\"Est. reading time\" \/>\n\t<meta name=\"twitter:data2\" content=\"4 minute\" \/>\n<script type=\"application\/ld+json\" class=\"yoast-schema-graph\">{\"@context\":\"https:\\\/\\\/schema.org\",\"@graph\":[{\"@type\":\"Article\",\"@id\":\"https:\\\/\\\/ptich.si\\\/sl\\\/slovenske-skladateljice-v-moskem-svetu\\\/#article\",\"isPartOf\":{\"@id\":\"https:\\\/\\\/ptich.si\\\/sl\\\/slovenske-skladateljice-v-moskem-svetu\\\/\"},\"author\":{\"name\":\"laganosportski\",\"@id\":\"https:\\\/\\\/ptich.si\\\/sl\\\/#\\\/schema\\\/person\\\/87f1654008fb02442dde62aa7c216b42\"},\"headline\":\"Slovenske skladateljice &#8211; v mo\u0161kem svetu\",\"datePublished\":\"2020-04-22T18:14:15+00:00\",\"dateModified\":\"2020-10-22T18:25:42+00:00\",\"mainEntityOfPage\":{\"@id\":\"https:\\\/\\\/ptich.si\\\/sl\\\/slovenske-skladateljice-v-moskem-svetu\\\/\"},\"wordCount\":752,\"publisher\":{\"@id\":\"https:\\\/\\\/ptich.si\\\/sl\\\/#organization\"},\"image\":{\"@id\":\"https:\\\/\\\/ptich.si\\\/sl\\\/slovenske-skladateljice-v-moskem-svetu\\\/#primaryimage\"},\"thumbnailUrl\":\"https:\\\/\\\/ptich.si\\\/wp-content\\\/uploads\\\/2020\\\/07\\\/Nina-\u0160enk-Ciril-Jazbec-1.jpg\",\"keywords\":[\"BLOG\",\"GLASBA\",\"SLOVENIJA\",\"\u017dENSKE\"],\"articleSection\":[\"News-all\",\"News-sl\",\"Uncategorized @sl\"],\"inLanguage\":\"sl-SI\"},{\"@type\":\"WebPage\",\"@id\":\"https:\\\/\\\/ptich.si\\\/sl\\\/slovenske-skladateljice-v-moskem-svetu\\\/\",\"url\":\"https:\\\/\\\/ptich.si\\\/sl\\\/slovenske-skladateljice-v-moskem-svetu\\\/\",\"name\":\"Feministi\u010dna tura z mag. Jasmino Jerant tudi v za\u010detku julija\",\"isPartOf\":{\"@id\":\"https:\\\/\\\/ptich.si\\\/sl\\\/#website\"},\"primaryImageOfPage\":{\"@id\":\"https:\\\/\\\/ptich.si\\\/sl\\\/slovenske-skladateljice-v-moskem-svetu\\\/#primaryimage\"},\"image\":{\"@id\":\"https:\\\/\\\/ptich.si\\\/sl\\\/slovenske-skladateljice-v-moskem-svetu\\\/#primaryimage\"},\"thumbnailUrl\":\"https:\\\/\\\/ptich.si\\\/wp-content\\\/uploads\\\/2020\\\/07\\\/Nina-\u0160enk-Ciril-Jazbec-1.jpg\",\"datePublished\":\"2020-04-22T18:14:15+00:00\",\"dateModified\":\"2020-10-22T18:25:42+00:00\",\"description\":\"Zavod Urbana Vrana organizira znamenito feministi\u010dno turo po Ljubljani za staro in mlado, gosposko in damsko. Dobimo se na Gornjem trgu!\",\"breadcrumb\":{\"@id\":\"https:\\\/\\\/ptich.si\\\/sl\\\/slovenske-skladateljice-v-moskem-svetu\\\/#breadcrumb\"},\"inLanguage\":\"sl-SI\",\"potentialAction\":[{\"@type\":\"ReadAction\",\"target\":[\"https:\\\/\\\/ptich.si\\\/sl\\\/slovenske-skladateljice-v-moskem-svetu\\\/\"]}]},{\"@type\":\"ImageObject\",\"inLanguage\":\"sl-SI\",\"@id\":\"https:\\\/\\\/ptich.si\\\/sl\\\/slovenske-skladateljice-v-moskem-svetu\\\/#primaryimage\",\"url\":\"https:\\\/\\\/ptich.si\\\/wp-content\\\/uploads\\\/2020\\\/07\\\/Nina-\u0160enk-Ciril-Jazbec-1.jpg\",\"contentUrl\":\"https:\\\/\\\/ptich.si\\\/wp-content\\\/uploads\\\/2020\\\/07\\\/Nina-\u0160enk-Ciril-Jazbec-1.jpg\",\"width\":1920,\"height\":1274,\"caption\":\"Nina \u0160enk. Photo by Ciril Jazbec\"},{\"@type\":\"BreadcrumbList\",\"@id\":\"https:\\\/\\\/ptich.si\\\/sl\\\/slovenske-skladateljice-v-moskem-svetu\\\/#breadcrumb\",\"itemListElement\":[{\"@type\":\"ListItem\",\"position\":1,\"name\":\"Home\",\"item\":\"https:\\\/\\\/ptich.si\\\/sl\\\/\"},{\"@type\":\"ListItem\",\"position\":2,\"name\":\"Slovenske skladateljice &#8211; v mo\u0161kem svetu\"}]},{\"@type\":\"WebSite\",\"@id\":\"https:\\\/\\\/ptich.si\\\/sl\\\/#website\",\"url\":\"https:\\\/\\\/ptich.si\\\/sl\\\/\",\"name\":\"Ptich\",\"description\":\"Glasbeni izleti & urbane ture | Ljubljana | Slovenija\",\"publisher\":{\"@id\":\"https:\\\/\\\/ptich.si\\\/sl\\\/#organization\"},\"potentialAction\":[{\"@type\":\"SearchAction\",\"target\":{\"@type\":\"EntryPoint\",\"urlTemplate\":\"https:\\\/\\\/ptich.si\\\/sl\\\/?s={search_term_string}\"},\"query-input\":{\"@type\":\"PropertyValueSpecification\",\"valueRequired\":true,\"valueName\":\"search_term_string\"}}],\"inLanguage\":\"sl-SI\"},{\"@type\":\"Organization\",\"@id\":\"https:\\\/\\\/ptich.si\\\/sl\\\/#organization\",\"name\":\"Ptich\",\"url\":\"https:\\\/\\\/ptich.si\\\/sl\\\/\",\"logo\":{\"@type\":\"ImageObject\",\"inLanguage\":\"sl-SI\",\"@id\":\"https:\\\/\\\/ptich.si\\\/sl\\\/#\\\/schema\\\/logo\\\/image\\\/\",\"url\":\"https:\\\/\\\/ptich.si\\\/wp-content\\\/uploads\\\/2020\\\/05\\\/ptich-logo-mali.png\",\"contentUrl\":\"https:\\\/\\\/ptich.si\\\/wp-content\\\/uploads\\\/2020\\\/05\\\/ptich-logo-mali.png\",\"width\":135,\"height\":40,\"caption\":\"Ptich\"},\"image\":{\"@id\":\"https:\\\/\\\/ptich.si\\\/sl\\\/#\\\/schema\\\/logo\\\/image\\\/\"},\"sameAs\":[\"https:\\\/\\\/www.facebook.com\\\/PtichSlovenia\\\/\"]},{\"@type\":\"Person\",\"@id\":\"https:\\\/\\\/ptich.si\\\/sl\\\/#\\\/schema\\\/person\\\/87f1654008fb02442dde62aa7c216b42\",\"name\":\"laganosportski\",\"image\":{\"@type\":\"ImageObject\",\"inLanguage\":\"sl-SI\",\"@id\":\"https:\\\/\\\/secure.gravatar.com\\\/avatar\\\/121c035730a9a139bd7a88b8fd9f2166d16a959771369011d043d6d01676ec61?s=96&d=mm&r=g\",\"url\":\"https:\\\/\\\/secure.gravatar.com\\\/avatar\\\/121c035730a9a139bd7a88b8fd9f2166d16a959771369011d043d6d01676ec61?s=96&d=mm&r=g\",\"contentUrl\":\"https:\\\/\\\/secure.gravatar.com\\\/avatar\\\/121c035730a9a139bd7a88b8fd9f2166d16a959771369011d043d6d01676ec61?s=96&d=mm&r=g\",\"caption\":\"laganosportski\"},\"url\":\"https:\\\/\\\/ptich.si\\\/sl\\\/author\\\/laganosportski\\\/\"}]}<\/script>\n<!-- \/ Yoast SEO plugin. -->","yoast_head_json":{"title":"Feministi\u010dna tura z mag. Jasmino Jerant tudi v za\u010detku julija","description":"Zavod Urbana Vrana organizira znamenito feministi\u010dno turo po Ljubljani za staro in mlado, gosposko in damsko. Dobimo se na Gornjem trgu!","robots":{"index":"index","follow":"follow","max-snippet":"max-snippet:-1","max-image-preview":"max-image-preview:large","max-video-preview":"max-video-preview:-1"},"canonical":"https:\/\/ptich.si\/sl\/slovenske-skladateljice-v-moskem-svetu\/","og_locale":"sl_SI","og_type":"article","og_title":"Feministi\u010dna tura z mag. Jasmino Jerant tudi v za\u010detku julija","og_description":"Zavod Urbana Vrana organizira znamenito feministi\u010dno turo po Ljubljani za staro in mlado, gosposko in damsko. Dobimo se na Gornjem trgu!","og_url":"https:\/\/ptich.si\/sl\/slovenske-skladateljice-v-moskem-svetu\/","og_site_name":"Ptich","article_publisher":"https:\/\/www.facebook.com\/PtichSlovenia\/","article_published_time":"2020-04-22T18:14:15+00:00","article_modified_time":"2020-10-22T18:25:42+00:00","og_image":[{"width":1920,"height":1274,"url":"https:\/\/ptich.si\/wp-content\/uploads\/2020\/07\/Nina-\u0160enk-Ciril-Jazbec-1.jpg","type":"image\/jpeg"}],"author":"laganosportski","twitter_card":"summary_large_image","twitter_misc":{"Written by":"laganosportski","Est. reading time":"4 minute"},"schema":{"@context":"https:\/\/schema.org","@graph":[{"@type":"Article","@id":"https:\/\/ptich.si\/sl\/slovenske-skladateljice-v-moskem-svetu\/#article","isPartOf":{"@id":"https:\/\/ptich.si\/sl\/slovenske-skladateljice-v-moskem-svetu\/"},"author":{"name":"laganosportski","@id":"https:\/\/ptich.si\/sl\/#\/schema\/person\/87f1654008fb02442dde62aa7c216b42"},"headline":"Slovenske skladateljice &#8211; v mo\u0161kem svetu","datePublished":"2020-04-22T18:14:15+00:00","dateModified":"2020-10-22T18:25:42+00:00","mainEntityOfPage":{"@id":"https:\/\/ptich.si\/sl\/slovenske-skladateljice-v-moskem-svetu\/"},"wordCount":752,"publisher":{"@id":"https:\/\/ptich.si\/sl\/#organization"},"image":{"@id":"https:\/\/ptich.si\/sl\/slovenske-skladateljice-v-moskem-svetu\/#primaryimage"},"thumbnailUrl":"https:\/\/ptich.si\/wp-content\/uploads\/2020\/07\/Nina-\u0160enk-Ciril-Jazbec-1.jpg","keywords":["BLOG","GLASBA","SLOVENIJA","\u017dENSKE"],"articleSection":["News-all","News-sl","Uncategorized @sl"],"inLanguage":"sl-SI"},{"@type":"WebPage","@id":"https:\/\/ptich.si\/sl\/slovenske-skladateljice-v-moskem-svetu\/","url":"https:\/\/ptich.si\/sl\/slovenske-skladateljice-v-moskem-svetu\/","name":"Feministi\u010dna tura z mag. Jasmino Jerant tudi v za\u010detku julija","isPartOf":{"@id":"https:\/\/ptich.si\/sl\/#website"},"primaryImageOfPage":{"@id":"https:\/\/ptich.si\/sl\/slovenske-skladateljice-v-moskem-svetu\/#primaryimage"},"image":{"@id":"https:\/\/ptich.si\/sl\/slovenske-skladateljice-v-moskem-svetu\/#primaryimage"},"thumbnailUrl":"https:\/\/ptich.si\/wp-content\/uploads\/2020\/07\/Nina-\u0160enk-Ciril-Jazbec-1.jpg","datePublished":"2020-04-22T18:14:15+00:00","dateModified":"2020-10-22T18:25:42+00:00","description":"Zavod Urbana Vrana organizira znamenito feministi\u010dno turo po Ljubljani za staro in mlado, gosposko in damsko. Dobimo se na Gornjem trgu!","breadcrumb":{"@id":"https:\/\/ptich.si\/sl\/slovenske-skladateljice-v-moskem-svetu\/#breadcrumb"},"inLanguage":"sl-SI","potentialAction":[{"@type":"ReadAction","target":["https:\/\/ptich.si\/sl\/slovenske-skladateljice-v-moskem-svetu\/"]}]},{"@type":"ImageObject","inLanguage":"sl-SI","@id":"https:\/\/ptich.si\/sl\/slovenske-skladateljice-v-moskem-svetu\/#primaryimage","url":"https:\/\/ptich.si\/wp-content\/uploads\/2020\/07\/Nina-\u0160enk-Ciril-Jazbec-1.jpg","contentUrl":"https:\/\/ptich.si\/wp-content\/uploads\/2020\/07\/Nina-\u0160enk-Ciril-Jazbec-1.jpg","width":1920,"height":1274,"caption":"Nina \u0160enk. Photo by Ciril Jazbec"},{"@type":"BreadcrumbList","@id":"https:\/\/ptich.si\/sl\/slovenske-skladateljice-v-moskem-svetu\/#breadcrumb","itemListElement":[{"@type":"ListItem","position":1,"name":"Home","item":"https:\/\/ptich.si\/sl\/"},{"@type":"ListItem","position":2,"name":"Slovenske skladateljice &#8211; v mo\u0161kem svetu"}]},{"@type":"WebSite","@id":"https:\/\/ptich.si\/sl\/#website","url":"https:\/\/ptich.si\/sl\/","name":"Ptich","description":"Glasbeni izleti & urbane ture | Ljubljana | Slovenija","publisher":{"@id":"https:\/\/ptich.si\/sl\/#organization"},"potentialAction":[{"@type":"SearchAction","target":{"@type":"EntryPoint","urlTemplate":"https:\/\/ptich.si\/sl\/?s={search_term_string}"},"query-input":{"@type":"PropertyValueSpecification","valueRequired":true,"valueName":"search_term_string"}}],"inLanguage":"sl-SI"},{"@type":"Organization","@id":"https:\/\/ptich.si\/sl\/#organization","name":"Ptich","url":"https:\/\/ptich.si\/sl\/","logo":{"@type":"ImageObject","inLanguage":"sl-SI","@id":"https:\/\/ptich.si\/sl\/#\/schema\/logo\/image\/","url":"https:\/\/ptich.si\/wp-content\/uploads\/2020\/05\/ptich-logo-mali.png","contentUrl":"https:\/\/ptich.si\/wp-content\/uploads\/2020\/05\/ptich-logo-mali.png","width":135,"height":40,"caption":"Ptich"},"image":{"@id":"https:\/\/ptich.si\/sl\/#\/schema\/logo\/image\/"},"sameAs":["https:\/\/www.facebook.com\/PtichSlovenia\/"]},{"@type":"Person","@id":"https:\/\/ptich.si\/sl\/#\/schema\/person\/87f1654008fb02442dde62aa7c216b42","name":"laganosportski","image":{"@type":"ImageObject","inLanguage":"sl-SI","@id":"https:\/\/secure.gravatar.com\/avatar\/121c035730a9a139bd7a88b8fd9f2166d16a959771369011d043d6d01676ec61?s=96&d=mm&r=g","url":"https:\/\/secure.gravatar.com\/avatar\/121c035730a9a139bd7a88b8fd9f2166d16a959771369011d043d6d01676ec61?s=96&d=mm&r=g","contentUrl":"https:\/\/secure.gravatar.com\/avatar\/121c035730a9a139bd7a88b8fd9f2166d16a959771369011d043d6d01676ec61?s=96&d=mm&r=g","caption":"laganosportski"},"url":"https:\/\/ptich.si\/sl\/author\/laganosportski\/"}]}},"jetpack_featured_media_url":"https:\/\/ptich.si\/wp-content\/uploads\/2020\/07\/Nina-\u0160enk-Ciril-Jazbec-1.jpg","_links":{"self":[{"href":"https:\/\/ptich.si\/sl\/wp-json\/wp\/v2\/posts\/11258","targetHints":{"allow":["GET"]}}],"collection":[{"href":"https:\/\/ptich.si\/sl\/wp-json\/wp\/v2\/posts"}],"about":[{"href":"https:\/\/ptich.si\/sl\/wp-json\/wp\/v2\/types\/post"}],"author":[{"embeddable":true,"href":"https:\/\/ptich.si\/sl\/wp-json\/wp\/v2\/users\/3"}],"replies":[{"embeddable":true,"href":"https:\/\/ptich.si\/sl\/wp-json\/wp\/v2\/comments?post=11258"}],"version-history":[{"count":5,"href":"https:\/\/ptich.si\/sl\/wp-json\/wp\/v2\/posts\/11258\/revisions"}],"predecessor-version":[{"id":11276,"href":"https:\/\/ptich.si\/sl\/wp-json\/wp\/v2\/posts\/11258\/revisions\/11276"}],"wp:featuredmedia":[{"embeddable":true,"href":"https:\/\/ptich.si\/sl\/wp-json\/wp\/v2\/media\/11263"}],"wp:attachment":[{"href":"https:\/\/ptich.si\/sl\/wp-json\/wp\/v2\/media?parent=11258"}],"wp:term":[{"taxonomy":"category","embeddable":true,"href":"https:\/\/ptich.si\/sl\/wp-json\/wp\/v2\/categories?post=11258"},{"taxonomy":"post_tag","embeddable":true,"href":"https:\/\/ptich.si\/sl\/wp-json\/wp\/v2\/tags?post=11258"}],"curies":[{"name":"wp","href":"https:\/\/api.w.org\/{rel}","templated":true}]}}