{"id":11292,"date":"2020-05-23T16:58:42","date_gmt":"2020-05-23T16:58:42","guid":{"rendered":"https:\/\/ptich.si\/?p=11292"},"modified":"2020-07-23T17:17:32","modified_gmt":"2020-07-23T17:17:32","slug":"dve-v-enem-paketu-carovnica-in-prva-dama","status":"publish","type":"post","link":"https:\/\/ptich.si\/sl\/dve-v-enem-paketu-carovnica-in-prva-dama\/","title":{"rendered":"Dve v enem paketu: \u010darovnica in prva dama"},"content":{"rendered":"<div class=\"entry-content\">\n<div id=\"pl-2424\" class=\"panel-layout\">\n<div id=\"pg-2424-5\" class=\"panel-grid panel-no-style\">\n<div id=\"pgc-2424-5-0\" class=\"panel-grid-cell\">\n<div id=\"panel-2424-5-0-0\" class=\"so-panel widget widget_sow-editor panel-first-child panel-last-child\" data-index=\"8\">\n<div class=\"so-widget-sow-editor so-widget-sow-editor-base\">\n<div class=\"siteorigin-widget-tinymce textwidget\">\n<div id=\"main\" class=\"site-main\">\n<div class=\"full-container\">\n<div id=\"primary\" class=\"content-area\">\n<div id=\"content\" class=\"site-content\" role=\"main\">\n<article id=\"post-2411\" class=\"post post-2411 type-post status-publish format-standard has-post-thumbnail hentry category-uncategorized-sl\">\n<div class=\"entry-main\">\n<div class=\"entry-content\">\n<div id=\"pl-2411\" class=\"panel-layout\">\n<div id=\"pg-2411-1\" class=\"panel-grid panel-no-style\">\n<div id=\"pgc-2411-1-0\" class=\"panel-grid-cell\">\n<div id=\"panel-2411-1-0-0\" class=\"so-panel widget widget_sow-editor panel-first-child panel-last-child\" data-index=\"2\">\n<div class=\"so-widget-sow-editor so-widget-sow-editor-base\">\n<div class=\"siteorigin-widget-tinymce textwidget\">\n<div class=\"full-container\">\n<div id=\"primary\" class=\"content-area\">\n<div id=\"content\" class=\"site-content\" role=\"main\">\n<article id=\"post-2411\" class=\"post post-2411 type-post status-publish format-standard has-post-thumbnail hentry category-uncategorized-sl\">\n<div class=\"entry-main\">\n<div class=\"entry-content\">\n<div id=\"pl-2411\" class=\"panel-layout\">\n<div id=\"pg-2411-1\" class=\"panel-grid panel-no-style\">\n<div id=\"pgc-2411-1-0\" class=\"panel-grid-cell\">\n<div id=\"panel-2411-1-0-0\" class=\"so-panel widget widget_sow-editor panel-first-child panel-last-child\" data-index=\"2\">\n<div class=\"so-widget-sow-editor so-widget-sow-editor-base\">\n<p>Obla\u010di se v \u010drno, ni poro\u010dena, nima otrok, navdih za svoje pesmi in besedila \u010drpa iz slovenskih ljudskih pripovedi, je behemotska ljubiteljica ma\u010dk. To je le nekaj njenih lastnosti, zaradi katerih ji mnogi pravijo \u010darovnica. Poleg tega je brez dlake na jeziku, provokativna in uporni\u0161ka, o njej pa se tudi veliko polemizira. Nedvomno ne ustreza kalupu, ki je v dru\u017ebi namenjen \u017eenskam. Tudi zaradi tega ji pravijo \u010darovnica. Njej pa verjetno sploh ni mar. Nenazadnje je ta naziv lahko tudi kompliment, saj so bile \u010darovnice tiste \u017eenske, ki so bile za svoj \u010das napredne, mo\u010dne in pogumne. Torej ni\u010d takega, zaradi \u010desar bi bilo \u010dloveka lahko sram. Hkrati pa tako razumevanje ponuja tudi prilo\u017enost za premik z ozna\u010devalca nazaj na pravo stran zgodovine.<\/p>\n<p>Znana slovenska pesnica, avtorica besedil za otroke in odrasle, igralka, ilustratorka in \u0161ansonjerka &#8211; Svetlana Makarovi\u010d ni le umetnica par excellence, temve\u010d tudi javna figura, ki podira prepreke takrat, ko se drugi zaradi strahu ali vljudnosti umaknejo. Ona se ne umika, saj ji ni mar ne za strah ne za vljudnost. S svojimi brezkompromisnimi komentarji slovenske politi\u010dne in dru\u017ebene realnosti topi srca ene polovice ob\u010dinstva in krha potrpljenje druge. V slovenskem kulturnem in umetni\u0161kem prostoru je prav Svetlana Makarovi\u010d tista, ki jo ljudje ali obo\u017eujejo ali sovra\u017eijo. To je torej realnost njene medijske podobe.<\/p>\n<p>Kladivo in nakovalo (1990), \u017eiva izvedba iz leta 2018 (izvle\u010dek)<br \/>\n<iframe loading=\"lazy\" src=\"https:\/\/www.youtube.com\/embed\/j6wIVYQsyeA\" width=\"560\" height=\"315\" frameborder=\"0\" allowfullscreen=\"allowfullscreen\"><\/iframe><\/p>\n<p>Njeno literarno delo pa ima malce druga\u010den status. (Skoraj) vsi ga namre\u010d obo\u017eujejo. Naj \u0161e bolj posplo\u0161im: \u010de Slovenec pravi, da mu delo Svetlane Makarovi\u010d <em>res <\/em>ni v\u0161e\u010d, potem bodisi la\u017ee bodisi njenih besedil \u0161e ni bral (kar je skoraj nemogo\u010de, razen \u010de samotari v jami). A pravi razlog za antipatijo najbr\u017e ti\u010di v drugem grmu. Najbr\u017e je povezan z nastopi v medijih, v katerih Svetlana Makarovi\u010d pogosto napada rimskokatoli\u0161ko cerkev in njene predstavnike, ali pa je povezan z njenim nor\u010devanjem iz Slovencev, pri katerem ne izbira besed. Pa \u0161e te osebe, ki so proti njej, takrat ko jih nih\u010de ne vidi, verjetno na skrivaj prebirajo njene pravljice.<\/p>\n<p>\u0160alo na stran. Svetlana Makarovi\u010d je res odmevno ime, eno najve\u010djih vseh \u010dasov v slovenski umetnosti in kulturi. Njene knjige za otroke in mladino so sodobne klasike. Med odra\u0161\u010danjem so njene pravljice &#8216;po\u017eirale&#8217; mnoge generacije slovenskih otrok. Svoja prva dela je objavila \u017ee leta 1957, danes pa \u0161e vedno pi\u0161e. Podpisala se je pod ve\u010d kot 300 knjig poezije, proze, pravljic, dramskih del in \u0161e \u010desa.<\/p>\n<p>Norci so zunaj (1984)<br \/>\n<iframe loading=\"lazy\" src=\"https:\/\/www.youtube.com\/embed\/SPh6ICwRaBg\" width=\"560\" height=\"315\" frameborder=\"0\" allowfullscreen=\"allowfullscreen\"><\/iframe><\/p>\n<\/div>\n<div id=\"pgc-2411-1-0\" class=\"panel-grid-cell\">\n<p>Njeni verzi pa niso hranjeni le v knjigah, temve\u010d tudi na plo\u0161\u010dah, saj jih pogosto spremljajo tudi note. V svoji ve\u010d kot \u0161estdeset let trajajo\u010di karieri je Svetlana Makarovi\u010d napisala \u0161tevilne \u0161ansone. V njih se je, podobno kot v svoji poeziji, dotaknila tematik, kot so dru\u017ebene norme, navade, morala ter uporni\u0161ke in samostojne osebe, \u0161e posebej \u017eenske.<\/p>\n<p>Sama pravi, da je pisanje poezije precej druga\u010dno od pisanja besedil za \u0161ansone, \u010deprav gre na prvi pogled za podobno po\u010detje. Poezija je zanjo kamnose\u0161tvo, te\u017eka in naporna obrt. V pisanju \u0161ansonov pa u\u017eiva, predvsem ko ob besedah vznikne glasba, ki jo kajpak prav tako pi\u0161e sama. Njena poezija je tema\u010dna, globoka in skrivnostna, kar je v nasprotju z njenimi \u0161ansoni, ki so pogosto duhoviti, s sarkasti\u010dno, cini\u010dno ali ironi\u010dno podstatjo. Na vseh plo\u0161\u010dah, ki jih je izdala ob leta 1984, je svoje \u0161ansone interpretirala sama, saj je poleg vsega tudi odli\u010dna pianistka in pevka.<\/p>\n<p>Balada o T. (1984)<br \/>\n<iframe loading=\"lazy\" src=\"https:\/\/www.youtube.com\/embed\/Z-K1n-mDDBw\" width=\"560\" height=\"315\" frameborder=\"0\" allowfullscreen=\"allowfullscreen\"><\/iframe><\/p>\n<p>Svetlana Makarovi\u010d, ki \u017eivi v Trnovem, \u0161e vedno ob\u010dasno nastopa. Februarja leta 2019 je, na primer, svoj 80. rojstni dan praznovala v Gallusovi dvorani Cankarjevega doma, kjer je razprodala vse sede\u017ee (za ve\u010d nastopov zapored). Njene \u0161ansone, v\u010dasih liri\u010dne, v\u010dasih grenke, v\u010dasih kabarejske, so tisti ve\u010der interpretirali \u0161tevilni izvajalci in izvajalke, sama pa je kot zvezda ve\u010dera povezovala prireditev. Slovensko javnost je opomnila, da njeni \u0161ansoni niso le pesmi, temve\u010d prava poezija, ljudje pa so v odgovor prikimali, da si Svetlana Makarovi\u010d nedvomno zaslu\u017ei tudi naziv &#8211; prva dama slovenske poezije.<\/p>\n<p>&nbsp;<\/p>\n<p>Besedilo: Jasmina Jerant<\/p>\n<p>&nbsp;<\/p>\n<p>Prevod: Jaka Bulc<br \/>\nNaslovna fotografija Svetlane Makarovi\u010d: Marjan Kukec<\/p>\n<\/div>\n<\/div>\n<\/div>\n<\/div>\n<\/div>\n<\/div>\n<\/div>\n<\/article>\n<\/div>\n<\/div>\n<\/div>\n<\/div>\n<\/div>\n<\/div>\n<\/div>\n<\/div>\n<\/div>\n<\/div>\n<\/div>\n<\/article>\n<\/div>\n<\/div>\n<\/div>\n<\/div>\n<\/div>\n<\/div>\n<\/div>\n<\/div>\n<\/div>\n<\/div>\n<\/div>\n","protected":false},"excerpt":{"rendered":"<p>Obla\u010di se v \u010drno, ni poro\u010dena, nima otrok, navdih za svoje pesmi in besedila \u010drpa iz slovenskih ljudskih pripovedi, je behemotska ljubiteljica ma\u010dk. To je le nekaj njenih lastnosti, zaradi katerih ji mnogi pravijo \u010darovnica. Poleg tega je brez dlake na jeziku, provokativna in uporni\u0161ka, o njej pa se tudi veliko polemizira. Nedvomno ne ustreza [&hellip;]<\/p>\n","protected":false},"author":3,"featured_media":11294,"comment_status":"closed","ping_status":"open","sticky":false,"template":"","format":"standard","meta":{"_monsterinsights_skip_tracking":false,"_monsterinsights_sitenote_active":false,"_monsterinsights_sitenote_note":"","_monsterinsights_sitenote_category":0,"footnotes":""},"categories":[73,61,54],"tags":[93,84,117,105,95],"class_list":["post-11292","post","type-post","status-publish","format-standard","has-post-thumbnail","hentry","category-news-all","category-news-sl","category-uncategorized-sl","tag-blog","tag-glasba","tag-knjizevnost","tag-slovenija","tag-zenske"],"yoast_head":"<!-- This site is optimized with the Yoast SEO plugin v27.4 - https:\/\/yoast.com\/product\/yoast-seo-wordpress\/ -->\n<title>Feministi\u010dna tura z mag. Jasmino Jerant tudi v za\u010detku julija<\/title>\n<meta name=\"description\" content=\"Zavod Urbana Vrana organizira znamenito feministi\u010dno turo po Ljubljani za staro in mlado, gosposko in damsko. Dobimo se na Gornjem trgu!\" \/>\n<meta name=\"robots\" content=\"index, follow, max-snippet:-1, max-image-preview:large, max-video-preview:-1\" \/>\n<link rel=\"canonical\" href=\"https:\/\/ptich.si\/sl\/dve-v-enem-paketu-carovnica-in-prva-dama\/\" \/>\n<meta property=\"og:locale\" content=\"sl_SI\" \/>\n<meta property=\"og:type\" content=\"article\" \/>\n<meta property=\"og:title\" content=\"Feministi\u010dna tura z mag. Jasmino Jerant tudi v za\u010detku julija\" \/>\n<meta property=\"og:description\" content=\"Zavod Urbana Vrana organizira znamenito feministi\u010dno turo po Ljubljani za staro in mlado, gosposko in damsko. Dobimo se na Gornjem trgu!\" \/>\n<meta property=\"og:url\" content=\"https:\/\/ptich.si\/sl\/dve-v-enem-paketu-carovnica-in-prva-dama\/\" \/>\n<meta property=\"og:site_name\" content=\"Ptich\" \/>\n<meta property=\"article:publisher\" content=\"https:\/\/www.facebook.com\/PtichSlovenia\/\" \/>\n<meta property=\"article:published_time\" content=\"2020-05-23T16:58:42+00:00\" \/>\n<meta property=\"article:modified_time\" content=\"2020-07-23T17:17:32+00:00\" \/>\n<meta property=\"og:image\" content=\"https:\/\/ptich.si\/wp-content\/uploads\/2020\/07\/Svetlana-M.-by-Marjan-Kukec.jpg\" \/>\n\t<meta property=\"og:image:width\" content=\"1369\" \/>\n\t<meta property=\"og:image:height\" content=\"912\" \/>\n\t<meta property=\"og:image:type\" content=\"image\/jpeg\" \/>\n<meta name=\"author\" content=\"laganosportski\" \/>\n<meta name=\"twitter:card\" content=\"summary_large_image\" \/>\n<meta name=\"twitter:label1\" content=\"Written by\" \/>\n\t<meta name=\"twitter:data1\" content=\"laganosportski\" \/>\n\t<meta name=\"twitter:label2\" content=\"Est. reading time\" \/>\n\t<meta name=\"twitter:data2\" content=\"4 minute\" \/>\n<script type=\"application\/ld+json\" class=\"yoast-schema-graph\">{\"@context\":\"https:\\\/\\\/schema.org\",\"@graph\":[{\"@type\":\"Article\",\"@id\":\"https:\\\/\\\/ptich.si\\\/sl\\\/dve-v-enem-paketu-carovnica-in-prva-dama\\\/#article\",\"isPartOf\":{\"@id\":\"https:\\\/\\\/ptich.si\\\/sl\\\/dve-v-enem-paketu-carovnica-in-prva-dama\\\/\"},\"author\":{\"name\":\"laganosportski\",\"@id\":\"https:\\\/\\\/ptich.si\\\/sl\\\/#\\\/schema\\\/person\\\/87f1654008fb02442dde62aa7c216b42\"},\"headline\":\"Dve v enem paketu: \u010darovnica in prva dama\",\"datePublished\":\"2020-05-23T16:58:42+00:00\",\"dateModified\":\"2020-07-23T17:17:32+00:00\",\"mainEntityOfPage\":{\"@id\":\"https:\\\/\\\/ptich.si\\\/sl\\\/dve-v-enem-paketu-carovnica-in-prva-dama\\\/\"},\"wordCount\":719,\"publisher\":{\"@id\":\"https:\\\/\\\/ptich.si\\\/sl\\\/#organization\"},\"image\":{\"@id\":\"https:\\\/\\\/ptich.si\\\/sl\\\/dve-v-enem-paketu-carovnica-in-prva-dama\\\/#primaryimage\"},\"thumbnailUrl\":\"https:\\\/\\\/ptich.si\\\/wp-content\\\/uploads\\\/2020\\\/07\\\/Svetlana-M.-by-Marjan-Kukec.jpg\",\"keywords\":[\"BLOG\",\"GLASBA\",\"KNJI\u017dEVNOST\",\"SLOVENIJA\",\"\u017dENSKE\"],\"articleSection\":[\"News-all\",\"News-sl\",\"Uncategorized @sl\"],\"inLanguage\":\"sl-SI\"},{\"@type\":\"WebPage\",\"@id\":\"https:\\\/\\\/ptich.si\\\/sl\\\/dve-v-enem-paketu-carovnica-in-prva-dama\\\/\",\"url\":\"https:\\\/\\\/ptich.si\\\/sl\\\/dve-v-enem-paketu-carovnica-in-prva-dama\\\/\",\"name\":\"Feministi\u010dna tura z mag. Jasmino Jerant tudi v za\u010detku julija\",\"isPartOf\":{\"@id\":\"https:\\\/\\\/ptich.si\\\/sl\\\/#website\"},\"primaryImageOfPage\":{\"@id\":\"https:\\\/\\\/ptich.si\\\/sl\\\/dve-v-enem-paketu-carovnica-in-prva-dama\\\/#primaryimage\"},\"image\":{\"@id\":\"https:\\\/\\\/ptich.si\\\/sl\\\/dve-v-enem-paketu-carovnica-in-prva-dama\\\/#primaryimage\"},\"thumbnailUrl\":\"https:\\\/\\\/ptich.si\\\/wp-content\\\/uploads\\\/2020\\\/07\\\/Svetlana-M.-by-Marjan-Kukec.jpg\",\"datePublished\":\"2020-05-23T16:58:42+00:00\",\"dateModified\":\"2020-07-23T17:17:32+00:00\",\"description\":\"Zavod Urbana Vrana organizira znamenito feministi\u010dno turo po Ljubljani za staro in mlado, gosposko in damsko. Dobimo se na Gornjem trgu!\",\"breadcrumb\":{\"@id\":\"https:\\\/\\\/ptich.si\\\/sl\\\/dve-v-enem-paketu-carovnica-in-prva-dama\\\/#breadcrumb\"},\"inLanguage\":\"sl-SI\",\"potentialAction\":[{\"@type\":\"ReadAction\",\"target\":[\"https:\\\/\\\/ptich.si\\\/sl\\\/dve-v-enem-paketu-carovnica-in-prva-dama\\\/\"]}]},{\"@type\":\"ImageObject\",\"inLanguage\":\"sl-SI\",\"@id\":\"https:\\\/\\\/ptich.si\\\/sl\\\/dve-v-enem-paketu-carovnica-in-prva-dama\\\/#primaryimage\",\"url\":\"https:\\\/\\\/ptich.si\\\/wp-content\\\/uploads\\\/2020\\\/07\\\/Svetlana-M.-by-Marjan-Kukec.jpg\",\"contentUrl\":\"https:\\\/\\\/ptich.si\\\/wp-content\\\/uploads\\\/2020\\\/07\\\/Svetlana-M.-by-Marjan-Kukec.jpg\",\"width\":1369,\"height\":912},{\"@type\":\"BreadcrumbList\",\"@id\":\"https:\\\/\\\/ptich.si\\\/sl\\\/dve-v-enem-paketu-carovnica-in-prva-dama\\\/#breadcrumb\",\"itemListElement\":[{\"@type\":\"ListItem\",\"position\":1,\"name\":\"Home\",\"item\":\"https:\\\/\\\/ptich.si\\\/sl\\\/\"},{\"@type\":\"ListItem\",\"position\":2,\"name\":\"Dve v enem paketu: \u010darovnica in prva dama\"}]},{\"@type\":\"WebSite\",\"@id\":\"https:\\\/\\\/ptich.si\\\/sl\\\/#website\",\"url\":\"https:\\\/\\\/ptich.si\\\/sl\\\/\",\"name\":\"Ptich\",\"description\":\"Glasbeni izleti & urbane ture | Ljubljana | Slovenija\",\"publisher\":{\"@id\":\"https:\\\/\\\/ptich.si\\\/sl\\\/#organization\"},\"potentialAction\":[{\"@type\":\"SearchAction\",\"target\":{\"@type\":\"EntryPoint\",\"urlTemplate\":\"https:\\\/\\\/ptich.si\\\/sl\\\/?s={search_term_string}\"},\"query-input\":{\"@type\":\"PropertyValueSpecification\",\"valueRequired\":true,\"valueName\":\"search_term_string\"}}],\"inLanguage\":\"sl-SI\"},{\"@type\":\"Organization\",\"@id\":\"https:\\\/\\\/ptich.si\\\/sl\\\/#organization\",\"name\":\"Ptich\",\"url\":\"https:\\\/\\\/ptich.si\\\/sl\\\/\",\"logo\":{\"@type\":\"ImageObject\",\"inLanguage\":\"sl-SI\",\"@id\":\"https:\\\/\\\/ptich.si\\\/sl\\\/#\\\/schema\\\/logo\\\/image\\\/\",\"url\":\"https:\\\/\\\/ptich.si\\\/wp-content\\\/uploads\\\/2020\\\/05\\\/ptich-logo-mali.png\",\"contentUrl\":\"https:\\\/\\\/ptich.si\\\/wp-content\\\/uploads\\\/2020\\\/05\\\/ptich-logo-mali.png\",\"width\":135,\"height\":40,\"caption\":\"Ptich\"},\"image\":{\"@id\":\"https:\\\/\\\/ptich.si\\\/sl\\\/#\\\/schema\\\/logo\\\/image\\\/\"},\"sameAs\":[\"https:\\\/\\\/www.facebook.com\\\/PtichSlovenia\\\/\"]},{\"@type\":\"Person\",\"@id\":\"https:\\\/\\\/ptich.si\\\/sl\\\/#\\\/schema\\\/person\\\/87f1654008fb02442dde62aa7c216b42\",\"name\":\"laganosportski\",\"image\":{\"@type\":\"ImageObject\",\"inLanguage\":\"sl-SI\",\"@id\":\"https:\\\/\\\/secure.gravatar.com\\\/avatar\\\/121c035730a9a139bd7a88b8fd9f2166d16a959771369011d043d6d01676ec61?s=96&d=mm&r=g\",\"url\":\"https:\\\/\\\/secure.gravatar.com\\\/avatar\\\/121c035730a9a139bd7a88b8fd9f2166d16a959771369011d043d6d01676ec61?s=96&d=mm&r=g\",\"contentUrl\":\"https:\\\/\\\/secure.gravatar.com\\\/avatar\\\/121c035730a9a139bd7a88b8fd9f2166d16a959771369011d043d6d01676ec61?s=96&d=mm&r=g\",\"caption\":\"laganosportski\"},\"url\":\"https:\\\/\\\/ptich.si\\\/sl\\\/author\\\/laganosportski\\\/\"}]}<\/script>\n<!-- \/ Yoast SEO plugin. -->","yoast_head_json":{"title":"Feministi\u010dna tura z mag. Jasmino Jerant tudi v za\u010detku julija","description":"Zavod Urbana Vrana organizira znamenito feministi\u010dno turo po Ljubljani za staro in mlado, gosposko in damsko. Dobimo se na Gornjem trgu!","robots":{"index":"index","follow":"follow","max-snippet":"max-snippet:-1","max-image-preview":"max-image-preview:large","max-video-preview":"max-video-preview:-1"},"canonical":"https:\/\/ptich.si\/sl\/dve-v-enem-paketu-carovnica-in-prva-dama\/","og_locale":"sl_SI","og_type":"article","og_title":"Feministi\u010dna tura z mag. Jasmino Jerant tudi v za\u010detku julija","og_description":"Zavod Urbana Vrana organizira znamenito feministi\u010dno turo po Ljubljani za staro in mlado, gosposko in damsko. Dobimo se na Gornjem trgu!","og_url":"https:\/\/ptich.si\/sl\/dve-v-enem-paketu-carovnica-in-prva-dama\/","og_site_name":"Ptich","article_publisher":"https:\/\/www.facebook.com\/PtichSlovenia\/","article_published_time":"2020-05-23T16:58:42+00:00","article_modified_time":"2020-07-23T17:17:32+00:00","og_image":[{"width":1369,"height":912,"url":"https:\/\/ptich.si\/wp-content\/uploads\/2020\/07\/Svetlana-M.-by-Marjan-Kukec.jpg","type":"image\/jpeg"}],"author":"laganosportski","twitter_card":"summary_large_image","twitter_misc":{"Written by":"laganosportski","Est. reading time":"4 minute"},"schema":{"@context":"https:\/\/schema.org","@graph":[{"@type":"Article","@id":"https:\/\/ptich.si\/sl\/dve-v-enem-paketu-carovnica-in-prva-dama\/#article","isPartOf":{"@id":"https:\/\/ptich.si\/sl\/dve-v-enem-paketu-carovnica-in-prva-dama\/"},"author":{"name":"laganosportski","@id":"https:\/\/ptich.si\/sl\/#\/schema\/person\/87f1654008fb02442dde62aa7c216b42"},"headline":"Dve v enem paketu: \u010darovnica in prva dama","datePublished":"2020-05-23T16:58:42+00:00","dateModified":"2020-07-23T17:17:32+00:00","mainEntityOfPage":{"@id":"https:\/\/ptich.si\/sl\/dve-v-enem-paketu-carovnica-in-prva-dama\/"},"wordCount":719,"publisher":{"@id":"https:\/\/ptich.si\/sl\/#organization"},"image":{"@id":"https:\/\/ptich.si\/sl\/dve-v-enem-paketu-carovnica-in-prva-dama\/#primaryimage"},"thumbnailUrl":"https:\/\/ptich.si\/wp-content\/uploads\/2020\/07\/Svetlana-M.-by-Marjan-Kukec.jpg","keywords":["BLOG","GLASBA","KNJI\u017dEVNOST","SLOVENIJA","\u017dENSKE"],"articleSection":["News-all","News-sl","Uncategorized @sl"],"inLanguage":"sl-SI"},{"@type":"WebPage","@id":"https:\/\/ptich.si\/sl\/dve-v-enem-paketu-carovnica-in-prva-dama\/","url":"https:\/\/ptich.si\/sl\/dve-v-enem-paketu-carovnica-in-prva-dama\/","name":"Feministi\u010dna tura z mag. Jasmino Jerant tudi v za\u010detku julija","isPartOf":{"@id":"https:\/\/ptich.si\/sl\/#website"},"primaryImageOfPage":{"@id":"https:\/\/ptich.si\/sl\/dve-v-enem-paketu-carovnica-in-prva-dama\/#primaryimage"},"image":{"@id":"https:\/\/ptich.si\/sl\/dve-v-enem-paketu-carovnica-in-prva-dama\/#primaryimage"},"thumbnailUrl":"https:\/\/ptich.si\/wp-content\/uploads\/2020\/07\/Svetlana-M.-by-Marjan-Kukec.jpg","datePublished":"2020-05-23T16:58:42+00:00","dateModified":"2020-07-23T17:17:32+00:00","description":"Zavod Urbana Vrana organizira znamenito feministi\u010dno turo po Ljubljani za staro in mlado, gosposko in damsko. Dobimo se na Gornjem trgu!","breadcrumb":{"@id":"https:\/\/ptich.si\/sl\/dve-v-enem-paketu-carovnica-in-prva-dama\/#breadcrumb"},"inLanguage":"sl-SI","potentialAction":[{"@type":"ReadAction","target":["https:\/\/ptich.si\/sl\/dve-v-enem-paketu-carovnica-in-prva-dama\/"]}]},{"@type":"ImageObject","inLanguage":"sl-SI","@id":"https:\/\/ptich.si\/sl\/dve-v-enem-paketu-carovnica-in-prva-dama\/#primaryimage","url":"https:\/\/ptich.si\/wp-content\/uploads\/2020\/07\/Svetlana-M.-by-Marjan-Kukec.jpg","contentUrl":"https:\/\/ptich.si\/wp-content\/uploads\/2020\/07\/Svetlana-M.-by-Marjan-Kukec.jpg","width":1369,"height":912},{"@type":"BreadcrumbList","@id":"https:\/\/ptich.si\/sl\/dve-v-enem-paketu-carovnica-in-prva-dama\/#breadcrumb","itemListElement":[{"@type":"ListItem","position":1,"name":"Home","item":"https:\/\/ptich.si\/sl\/"},{"@type":"ListItem","position":2,"name":"Dve v enem paketu: \u010darovnica in prva dama"}]},{"@type":"WebSite","@id":"https:\/\/ptich.si\/sl\/#website","url":"https:\/\/ptich.si\/sl\/","name":"Ptich","description":"Glasbeni izleti & urbane ture | Ljubljana | Slovenija","publisher":{"@id":"https:\/\/ptich.si\/sl\/#organization"},"potentialAction":[{"@type":"SearchAction","target":{"@type":"EntryPoint","urlTemplate":"https:\/\/ptich.si\/sl\/?s={search_term_string}"},"query-input":{"@type":"PropertyValueSpecification","valueRequired":true,"valueName":"search_term_string"}}],"inLanguage":"sl-SI"},{"@type":"Organization","@id":"https:\/\/ptich.si\/sl\/#organization","name":"Ptich","url":"https:\/\/ptich.si\/sl\/","logo":{"@type":"ImageObject","inLanguage":"sl-SI","@id":"https:\/\/ptich.si\/sl\/#\/schema\/logo\/image\/","url":"https:\/\/ptich.si\/wp-content\/uploads\/2020\/05\/ptich-logo-mali.png","contentUrl":"https:\/\/ptich.si\/wp-content\/uploads\/2020\/05\/ptich-logo-mali.png","width":135,"height":40,"caption":"Ptich"},"image":{"@id":"https:\/\/ptich.si\/sl\/#\/schema\/logo\/image\/"},"sameAs":["https:\/\/www.facebook.com\/PtichSlovenia\/"]},{"@type":"Person","@id":"https:\/\/ptich.si\/sl\/#\/schema\/person\/87f1654008fb02442dde62aa7c216b42","name":"laganosportski","image":{"@type":"ImageObject","inLanguage":"sl-SI","@id":"https:\/\/secure.gravatar.com\/avatar\/121c035730a9a139bd7a88b8fd9f2166d16a959771369011d043d6d01676ec61?s=96&d=mm&r=g","url":"https:\/\/secure.gravatar.com\/avatar\/121c035730a9a139bd7a88b8fd9f2166d16a959771369011d043d6d01676ec61?s=96&d=mm&r=g","contentUrl":"https:\/\/secure.gravatar.com\/avatar\/121c035730a9a139bd7a88b8fd9f2166d16a959771369011d043d6d01676ec61?s=96&d=mm&r=g","caption":"laganosportski"},"url":"https:\/\/ptich.si\/sl\/author\/laganosportski\/"}]}},"jetpack_featured_media_url":"https:\/\/ptich.si\/wp-content\/uploads\/2020\/07\/Svetlana-M.-by-Marjan-Kukec.jpg","_links":{"self":[{"href":"https:\/\/ptich.si\/sl\/wp-json\/wp\/v2\/posts\/11292","targetHints":{"allow":["GET"]}}],"collection":[{"href":"https:\/\/ptich.si\/sl\/wp-json\/wp\/v2\/posts"}],"about":[{"href":"https:\/\/ptich.si\/sl\/wp-json\/wp\/v2\/types\/post"}],"author":[{"embeddable":true,"href":"https:\/\/ptich.si\/sl\/wp-json\/wp\/v2\/users\/3"}],"replies":[{"embeddable":true,"href":"https:\/\/ptich.si\/sl\/wp-json\/wp\/v2\/comments?post=11292"}],"version-history":[{"count":4,"href":"https:\/\/ptich.si\/sl\/wp-json\/wp\/v2\/posts\/11292\/revisions"}],"predecessor-version":[{"id":11306,"href":"https:\/\/ptich.si\/sl\/wp-json\/wp\/v2\/posts\/11292\/revisions\/11306"}],"wp:featuredmedia":[{"embeddable":true,"href":"https:\/\/ptich.si\/sl\/wp-json\/wp\/v2\/media\/11294"}],"wp:attachment":[{"href":"https:\/\/ptich.si\/sl\/wp-json\/wp\/v2\/media?parent=11292"}],"wp:term":[{"taxonomy":"category","embeddable":true,"href":"https:\/\/ptich.si\/sl\/wp-json\/wp\/v2\/categories?post=11292"},{"taxonomy":"post_tag","embeddable":true,"href":"https:\/\/ptich.si\/sl\/wp-json\/wp\/v2\/tags?post=11292"}],"curies":[{"name":"wp","href":"https:\/\/api.w.org\/{rel}","templated":true}]}}