{"id":11967,"date":"2021-04-27T07:18:11","date_gmt":"2021-04-27T07:18:11","guid":{"rendered":"https:\/\/ptich.si\/?p=11967"},"modified":"2021-05-14T16:59:30","modified_gmt":"2021-05-14T16:59:30","slug":"grafem-uporniska-ulicna-umetnost-aktivistk-osvobodilne-fronte-prvi-del","status":"publish","type":"post","link":"https:\/\/ptich.si\/sl\/grafem-uporniska-ulicna-umetnost-aktivistk-osvobodilne-fronte-prvi-del\/","title":{"rendered":"GRAFEM PREDSTAVLJA: UPORNI\u0160KA ULI\u010cNA UMETNOST AKTIVISTK OSVOBODILNE FRONTE (PRVI DEL)"},"content":{"rendered":"<div class=\"entry-content\">\n<div id=\"pl-2424\" class=\"panel-layout\">\n<div id=\"pg-2424-5\" class=\"panel-grid panel-no-style\">\n<div id=\"pgc-2424-5-0\" class=\"panel-grid-cell\">\n<div id=\"panel-2424-5-0-0\" class=\"so-panel widget widget_sow-editor panel-first-child panel-last-child\" data-index=\"8\">\n<div class=\"so-widget-sow-editor so-widget-sow-editor-base\">\n<div class=\"siteorigin-widget-tinymce textwidget\">\n<div id=\"main\" class=\"site-main\">\n<div class=\"full-container\">\n<div id=\"primary\" class=\"content-area\">\n<div id=\"content\" class=\"site-content\" role=\"main\">\n<article id=\"post-2411\" class=\"post post-2411 type-post status-publish format-standard has-post-thumbnail hentry category-uncategorized-sl\">\n<div class=\"entry-main\">\n<div class=\"entry-content\">\n<div id=\"pl-2411\" class=\"panel-layout\">\n<div id=\"pg-2411-1\" class=\"panel-grid panel-no-style\">\n<div id=\"pgc-2411-1-0\" class=\"panel-grid-cell\">\n<div id=\"panel-2411-1-0-0\" class=\"so-panel widget widget_sow-editor panel-first-child panel-last-child\" data-index=\"2\">\n<div class=\"so-widget-sow-editor so-widget-sow-editor-base\">\n<div class=\"siteorigin-widget-tinymce textwidget\">\n<div class=\"full-container\">\n<div id=\"primary\" class=\"content-area\">\n<div id=\"content\" class=\"site-content\" role=\"main\">\n<article id=\"post-2411\" class=\"post post-2411 type-post status-publish format-standard has-post-thumbnail hentry category-uncategorized-sl\">\n<div class=\"entry-main\">\n<div class=\"entry-content\">\n<div id=\"pl-2411\" class=\"panel-layout\">\n<div id=\"pg-2411-1\" class=\"panel-grid panel-no-style\">\n<div id=\"pgc-2411-1-0\" class=\"panel-grid-cell\">\n<div id=\"panel-2411-1-0-0\" class=\"so-panel widget widget_sow-editor panel-first-child panel-last-child\" data-index=\"2\">\n<div class=\"so-widget-sow-editor so-widget-sow-editor-base\">\n<p>Ljubljana je br\u017ekone svoj prvi razcvet ustvarjanja, ki bi ga danes imenovali <em>politi\u010dno grafitiranje in uli\u010dna umetnost<\/em>, do\u017eivela v letih 1941 do 1943 pod italijansko fa\u0161isti\u010dno okupacijo, ko so veljale omejitve gibanja in policijska ura, ljudski protesti pa so bili preganjani z restriktivnimi ukrepi. Uporni\u0161ke intervencije v javnem prostoru so v veliki meri izvajale \u017eenske, obsegale pa so pisanje grafitov, trosenje in razpe\u010devanje letakov, uni\u010devanje plakatov, organiziranje razli\u010dnih mno\u017ei\u010dnih ritualov in izpeljavo \u0161tevilnih sabota\u017enih akcij. Dejanja teh \u017eensk so bila del vseljudskega odpora, ki se je za\u010del \u017ee pred vojno s protivojnimi demonstracijami, med vojno pa je postal dobro organizirana \u00bbdr\u017eava v dr\u017eavi\u00ab z lastno osvobodilno vojsko.<\/p>\n<p>V nadaljevanju podajam nekoliko \u0161ir\u0161i politi\u010dni kontekst, v katerem se je dogajala \u017eenska politi\u010dna grafitarska in dejavnost med drugo svetovno vojno v Sloveniji, v drugem delu pa na podlagi osebnih pri\u010devanj prikazujem, kako so te akcije potekale.<\/p>\n<p>Odpor se vedno skriva v srcih ljudi vseh starosti, spolov, prepri\u010danj in drugih dru\u017ebenih okoli\u0161\u010din, pri drznih uporni\u0161kih dejanjih pa se obi\u010dajno najbolj izpostavijo mladi ljudje. Tako je bilo tudi pri uli\u010dnih akcijah v tistem obdobju. \u017dal je v zgodovinskih virih le malo podrobnih opisov, kako so akcije potekale, kdo jih je izvajal in kak\u0161ne so bile njihove posledice. \u00bbPrav tako na splo\u0161no manjka pogled na \u017eenske, ki so v razmerah in \u010dasu, v katerem so \u017eivele in delovale, presegle krog svojega osebnega \u017eivljenja in ustvarile dodatno vrednost, posredovale svoje videnje sveta drugim, posku\u0161ale izbolj\u0161ati okolje in razmere, v katerih so \u017eivele,\u00ab je zapisala Alenka \u0160elih v predgovoru h kultnemu feministi\u010dnemu zborniku Pozabljena polovica.[1]<\/p>\n<p>&nbsp;<\/p>\n<figure id=\"attachment_11991\" aria-describedby=\"caption-attachment-11991\" style=\"width: 1024px\" class=\"wp-caption alignnone\"><img loading=\"lazy\" decoding=\"async\" class=\"wp-image-11991 size-large\" src=\"https:\/\/ptich.si\/wp-content\/uploads\/2021\/04\/Vkorakajo-z-zastavo-HD-1-1024x683.jpg\" alt=\"\" width=\"1024\" height=\"683\" srcset=\"https:\/\/ptich.si\/wp-content\/uploads\/2021\/04\/Vkorakajo-z-zastavo-HD-1-1024x683.jpg 1024w, https:\/\/ptich.si\/wp-content\/uploads\/2021\/04\/Vkorakajo-z-zastavo-HD-1-300x200.jpg 300w, https:\/\/ptich.si\/wp-content\/uploads\/2021\/04\/Vkorakajo-z-zastavo-HD-1-768x512.jpg 768w, https:\/\/ptich.si\/wp-content\/uploads\/2021\/04\/Vkorakajo-z-zastavo-HD-1-391x260.jpg 391w, https:\/\/ptich.si\/wp-content\/uploads\/2021\/04\/Vkorakajo-z-zastavo-HD-1.jpg 1200w\" sizes=\"auto, (max-width: 1024px) 100vw, 1024px\" \/><figcaption id=\"caption-attachment-11991\" class=\"wp-caption-text\">Prihod partizank in partizanov v Gorico. Mladina pri napisnih akcijah, Gorica, 2.5.1945. Foto: Franc Cerar. Hrani: Muzej novej\u0161e zgodovine Slovenije (MNZS).<\/figcaption><\/figure>\n<p>\u010ceprav so bile dru\u017ebene norme precej ostrej\u0161e do njih, so bile dekleta in \u017eenske v Sloveniji zelo pomembne nosilke naprednih idej. Velik zagon so, denimo, dale organiziranju in izvedbi dru\u017ebene podpore Majni\u0161ki deklaraciji, s katero je dr. Anton Koro\u0161ec leta 1917 v dunajskem parlamentu zahteval zdru\u017eitev Ju\u017enih Slovanov v multikulturni monarhiji Avstriji v avtonomno enoto. V \u0161iroki akciji po vsem slovenskem ozemlju so zbrale pribli\u017eno 200.000 podpisov, kar izkazuje njihovo veliko u\u010dinkovitost in politi\u010dno osve\u0161\u010denost. Alenka Puhar opozori, da so anga\u017eirane \u017eenske, kot je bila denimo Angela Vode, tudi po razpadu Avstro-Ogrske bistveno prispevale k modernizaciji \u017eivljenja in k rasti njegove kakovosti v kraljevini Jugoslaviji.[2]<\/p>\n<p>\u017denske so si izdelale \u00bblastne strategije politi\u010dnega delovanja, \u010detudi so bile iz njega izlo\u010dene. Zlasti formalno udejstvovanje \u017eensk v dobrodelnih aktivnostih je klju\u010dno prispevalo k soudele\u017ebi \u017eensk v politi\u010dnih procesih med obema vojnama. S profesionalnim dobrodelnim delom so si zagotovile formalno zastopanost v raznih strokovnih odborih in tudi vpliv na oblikovanje zakonodaje\u00ab.[3] Naprednej\u0161a \u017eenska dru\u0161tva skupaj z \u017eenskimi sekcijami v delavskih, prosvetnih in kulturnih dru\u0161tvih ter v gospodarskih in politi\u010dnih organizacijah so dajala mo\u010dno oporo takoimenovanemu revolucionarnemu delu levi\u010darskih sil. Od nastanka komunisti\u010dne partije Jugoslavije leta 1920 so bile \u017eenske njen pomemben del. \u00bbV \u0161tevilnih revolucionarnih spopadih \u0161e pred narodnoosvobodilnim bojem so bile prav \u017eenske in njihova odlo\u010dnost tisto, kar je dajalo globino in vztrajnost mnogim stavkam in akcijam, ki so takrat bile po Sloveniji in po vsej Jugoslaviji,\u00ab je v za\u010detku \u0161estdesetih let zapisala Vida Tom\u0161i\u010d, br\u017ekone najpomembnej\u0161a slovenska komunisti\u010dna voditeljica.[4]<\/p>\n<p>Napisni politi\u010dni grafiti s kratkimi udarnimi slogani in \u0161ablonskimi upodobitvami, kot jih poznamo \u0161e danes, so se prvi\u010d pojavili na ozemlju Italije v dvajsetih letih dvajsetega stoletja kot del fa\u0161isti\u010dne uli\u010dne propagande. Od krajev, kjer so \u017eiveli Slovenci, je fa\u0161izem najbolj ob\u010dutila Primorska, ki je bila Italiji priklju\u010dena ob koncu 1. svetovne vojne. Fa\u0161isti so leta 1919 med svojimi nasilnimi pohodi za\u017egali slovenski Delavski dom v Trstu, leta 1920 pa \u0161e slovenski Narodni dom v istem mestu. Kot pi\u0161e Andrej Ferletic, so skupaj izvedli ve\u010d kot 120 napadov, razdejanj in po\u017eigov slovenskih delavskih institucij, tiskarn, uredni\u0161tev, podjetij in domov.[5] Po zidovih hi\u0161 so pisali fa\u0161isti\u010dne parole in znake (npr. povezan snop s sekiro). Uporabljali so \u010drno barvo, saj je bila to tudi barva fa\u0161isti\u010dne srajce. Eno najbolj razvpitih akcij so izvedli leta 1927, ko so popisali pro\u010delje gori\u0161ke nad\u0161kofije z \u017ealjivkami in gro\u017enjami, nakracali pa so tudi veliko lobanjo s prekri\u017eanimi kostmi. Podobne napisne akcije so izpeljali tudi po drugih primorskih mestih in vaseh.<\/p>\n<p>&nbsp;<\/p>\n<figure id=\"attachment_11993\" aria-describedby=\"caption-attachment-11993\" style=\"width: 596px\" class=\"wp-caption alignnone\"><img loading=\"lazy\" decoding=\"async\" class=\"wp-image-11993 size-full\" src=\"https:\/\/ptich.si\/wp-content\/uploads\/2021\/04\/Musolini-1.jpg\" alt=\"\" width=\"596\" height=\"397\" srcset=\"https:\/\/ptich.si\/wp-content\/uploads\/2021\/04\/Musolini-1.jpg 596w, https:\/\/ptich.si\/wp-content\/uploads\/2021\/04\/Musolini-1-300x200.jpg 300w, https:\/\/ptich.si\/wp-content\/uploads\/2021\/04\/Musolini-1-391x260.jpg 391w\" sizes=\"auto, (max-width: 596px) 100vw, 596px\" \/><figcaption id=\"caption-attachment-11993\" class=\"wp-caption-text\">Ob vkorakanju italijanske vojske je okupator polepil Ljubljano z dolgimi vrstami plakatov s podobama kralja Emanuela II. in Mussolinija. Plakat je bil oktobra 1941 pografitiran s kratico OF. Foto: Miran Pavlin.<\/figcaption><\/figure>\n<p>Kot je ugotovila Milica Kacin-Wohinz, je bil vseljudski odpor Slovencev in Hrvatov v Julijski krajini \u2013 \u0161e zlasti po\u017ertvovalno delovanje slovenske duhov\u0161\u010dine in organizacije TIGR (kratica za kraje Trst, Istra, Gorica in Reka) \u2013 prvi antifa\u0161izem v Evropi.[6] \u00a0Posamezniki in organizirani aktivisti so se proti italianizaciji in fa\u0161izaciji borili s snemanjem italijanskih zastav, menjavo italijanskih izveskov s slovenskimi, z distribucijo letakov in organizacijo oboro\u017eenih napadov proti fa\u0161istom. Mno\u017ei\u010dno so se pri\u010deli pojavljati tudi grafiti z zahtevo po priklju\u010ditvi Julijske krajine k Jugoslaviji.[7]<\/p>\n<p>Prvi aktivisti skrivnih organizacij TIGR, Borba in \u010crni bratje so bili mo\u0161ki oziroma de\u010dki. \u017denske so sprva delovale v ozadju, s\u010dasoma pa so bile prisiljene prevzeti tudi najbolj izpostavljene in vodilne vloge. \u00bbV nekaterih okoljih politi\u010dno in odporni\u0161ko delo brez \u017eensk sploh ni bilo mo\u017eno. Tak\u0161na izrazita primera sta bila Ljubljana in Trst, kjer je bilo delo mo\u0161kih s\u010dasoma celo v ilegali skoraj onemogo\u010deno.\u00ab[8] \u00a0V \u010dasu okupacije je v Sloveniji antifa\u0161isti\u010dni odpor vodila zveza politi\u010dnih organizacij, imenovana Osvobodilna fronta (OF), in njeno oboro\u017eeno krilo Slovenski partizani. OF je bila ustanovljena 26. aprila 1941. Zaradi okupatorjevega nasilja v prvih letih vojne je OF v Ljubljani organizirala veliko demonstracij za izbolj\u0161anje \u017eivljenjskih razmer, na njih pa so bile prisotne v ve\u010dini \u017eenske.[9] Tudi mesta aretiranih obve\u0161\u010devalcev so zasedale poleg mladine prav \u017eenske.[10]<\/p>\n<p>&nbsp;<\/p>\n<figure id=\"attachment_11995\" aria-describedby=\"caption-attachment-11995\" style=\"width: 1024px\" class=\"wp-caption alignnone\"><img loading=\"lazy\" decoding=\"async\" class=\"wp-image-11995 size-large\" src=\"https:\/\/ptich.si\/wp-content\/uploads\/2021\/04\/X-Trst-je-na\u0161-Tito-HR-1-1024x683.jpg\" alt=\"\" width=\"1024\" height=\"683\" srcset=\"https:\/\/ptich.si\/wp-content\/uploads\/2021\/04\/X-Trst-je-na\u0161-Tito-HR-1-1024x683.jpg 1024w, https:\/\/ptich.si\/wp-content\/uploads\/2021\/04\/X-Trst-je-na\u0161-Tito-HR-1-300x200.jpg 300w, https:\/\/ptich.si\/wp-content\/uploads\/2021\/04\/X-Trst-je-na\u0161-Tito-HR-1-768x512.jpg 768w, https:\/\/ptich.si\/wp-content\/uploads\/2021\/04\/X-Trst-je-na\u0161-Tito-HR-1-391x260.jpg 391w, https:\/\/ptich.si\/wp-content\/uploads\/2021\/04\/X-Trst-je-na\u0161-Tito-HR-1.jpg 1200w\" sizes=\"auto, (max-width: 1024px) 100vw, 1024px\" \/><figcaption id=\"caption-attachment-11995\" class=\"wp-caption-text\">Ob osvoboditvi Slovenskega Primorja je na spomeniku na trgu Unita (Piazza Unita) v Trstu nastal napis: &#8220;Trst je na\u0161!&#8221; 8. 5. 1945. Foto: Nande Vidmar. Hrani: MNZS.<\/figcaption><\/figure>\n<p>Pred drugo svetovno vojno \u017eenskam niso bili dostopni vsi poklici, prejemale so manj\u0161e pla\u010dilo za enako delo in praviloma niso mogle zasesti vodilnih in drugih pomembnej\u0161ih mest. Povsem so bile izklju\u010dene iz uradnega politi\u010dnega \u017eivljenja. \u00bbNiso imele volilne pravice in nedostopne so jim bile vse tri veje oblasti: zakonodajna, izvr\u0161ilna in sodna.\u00ab[11] Vseeno naj opozorimo, da je bil \u017eenski aktivizem na Slovenskem zelo dejaven tudi \u017ee pred voja\u0161ko okupacijo. Pri tem so izstopale u\u010diteljice, ker je bil to najpogostej\u0161i poklic, za katerega so se \u017eenske lahko izobra\u017eevale in v katerem so lahko javno delovale. \u017de pred vojno so se \u017eenske uveljavile tudi na nekaterih podro\u010djih, ki so bila prej nedostopna, denimo v odvetni\u0161tvu, medicini in na univerzi.[12]<\/p>\n<p>Ob nastopu vojne se je vloga \u017eensk v primerjavi s preteklostjo \u0161e bolj spremenila. Ko so \u017eenske prevzele mo\u0161ka opravila po izgnanstvu mo\u0161kih v internacijo in tabori\u0161\u010da, se je njihovo breme mo\u010dno pove\u010dalo. \u00bbPostale so skrbnice dru\u017ein in nosilke gospodarske dejavnosti.\u00ab[13] K preseganju tradicionalnih spolnih norm so znatno prispevali formalni ukrepi za prepoved neenakosti, ki so veljali na osvobojenih ozemljih pod vodstvom odborov OF. \u010ceprav se je volilna pravica \u017eensk v Sloveniji dokon\u010dno uveljavila po 2. svetovni vojni s spremembo politi\u010dnega sistema, je \u017ee 2. junija 1942 v ilegalnem Slovenskem poro\u010devalcu \u0161t. 23 pisalo: \u00bbPovsod se vr\u0161e volitve v narodnoosvobodilne odbore, ki prevzemajo vso oblast v svoje roke. Aktivno in pasivno volilno pravico imajo vsi mo\u0161ki in \u017eenske od 18 leta dalje.\u00ab<\/p>\n<p>&nbsp;<\/p>\n<\/div>\n<\/div>\n<div id=\"panel-2411-1-0-0\" class=\"so-panel widget widget_sow-editor panel-first-child panel-last-child\" data-index=\"2\">\n<div class=\"so-widget-sow-editor so-widget-sow-editor-base\">\n<figure id=\"attachment_11997\" aria-describedby=\"caption-attachment-11997\" style=\"width: 364px\" class=\"wp-caption alignnone\"><img loading=\"lazy\" decoding=\"async\" class=\"wp-image-11997 size-full\" src=\"https:\/\/ptich.si\/wp-content\/uploads\/2021\/04\/Slovenka-svobodna-si-in-prvi\u010d-bo\u0161-volila-1.jpg\" alt=\"\" width=\"364\" height=\"511\" srcset=\"https:\/\/ptich.si\/wp-content\/uploads\/2021\/04\/Slovenka-svobodna-si-in-prvi\u010d-bo\u0161-volila-1.jpg 364w, https:\/\/ptich.si\/wp-content\/uploads\/2021\/04\/Slovenka-svobodna-si-in-prvi\u010d-bo\u0161-volila-1-214x300.jpg 214w\" sizes=\"auto, (max-width: 364px) 100vw, 364px\" \/><figcaption id=\"caption-attachment-11997\" class=\"wp-caption-text\">Politi\u010dno-propagandni plakat Slovenka svobodna si in prvi\u010d bo\u0161 volila, ki ga je izdelal Ive \u0160ubic leta 1945. Arhiv: Narodna in univerzitetna knji\u017enica.<\/figcaption><\/figure>\n<p>Kljub revolucionarnim dru\u017ebenim spremembam na osvobojenih ozemljih pa se je na Slovenskem vojna vihra \u0161ele stopnjevala. Ljubljana je bila obdana z \u017eico, zato je bil aktivizem izjemnega pomena. Ilegalno delo so opravljale predvsem \u017eenske, saj so bile fa\u0161istom manj sumljive. Zbirale so oro\u017eje, \u017eivila, sanitetni material, priskrbovale so stanovanja za sestanke in nudile zato\u010di\u0161\u010da beguncem in protifa\u0161isti\u010dnim aktivistom in aktivistkam, ki se jih je med Slovenci oprijela pozitivna oznaka ilegalci. Opravljale so tudi kurirska in obve\u0161\u010devalna dela. Pri svojem delu so \u0161irile osvobodilno misel z razpe\u010devanjem ilegalne literature in iskale nove simpatizerje gibanja OF.[13] Matere so kljub nevarnostim, ki so nanje pre\u017eale, pogosto podpirale aktivizem svojih otrok. Tak\u0161na in podobna dejanja \u017eensk med vojno niso le kazala na njihov neverjeten pogum, ampak so bila tudi velikanska moralna spodbuda aktivistom in partizanom.<\/p>\n<p>Kako pa je bilo z antifa\u0161isti\u010dno politi\u010dno uli\u010dno kreativnostjo aktivistk OF? Akcije uli\u010dnih aktivistov mi je podrobno opisala pred kratkim preminula dr. Zora Konjajev, zdravnica in profesorica na ljubljanski medicinski fakulteti. Zaradi svojih primorskih korenin je bila dobro seznanjena s posledicami fa\u0161izma \u017ee pred okupacijo. Takoj se je priklju\u010dila OF, kjer je opravljala razli\u010dne naloge. Ko je morala pobegniti iz Ljubljane zaradi izdaje, se je odlikovala v partizanski saniteti.<\/p>\n<p>Aktivistke OF so delovale v vseh organizacijah, ki so se povezale v Osvobodilno fronto. Med njimi je bila se je z &#8216;\u017eenskim vpra\u0161anjem&#8217; sprva ukvarjala predvsem Jugoslovanska \u017eenska zveza, ki je bila kasneje iz OF izklju\u010dena, to podro\u010dje pa je prevzela Antifa\u0161isti\u010dna fronta \u017eensk (AF\u017d). Aktivistke OF so sodelovale pri zelo zahtevnih na\u010drtovanjih in izvedbah odporni\u0161kih dejavnosti, vklju\u010dno z nekaterimi legendarnimi akcijami politi\u010dnega uli\u010dnega aktivizma.<\/p>\n<p>\u010ce se osredoto\u010dimo na grafitarske podvige, moramo za\u010deti z dogodkom iz prvega leta okupacije. Ob za\u010detku pouka 1. oktobra 1941 so bile namre\u010d skoraj vse srednje \u0161ole v Ljubljani popisane z gesli in simboli upora. Za napise je bila uporabljena zlasti rjava kreda. Ponekod so bile v razredih razbite Mussolinijeve slike ali obmetane s pre\u017eve\u010denimi papir\u010dki. To in podobne akcije so izvedli dijakinje in dijaki pod vodstvom Zveze komunisti\u010dne mladine Jugoslavije (ZKMJ).[14]<\/p>\n<p>Iz pripovedi Zore Konjajev in raziskovanja drugih virov se me je najbolj dotaknila zgodba o Vidi Jane\u017ei\u010d, po kateri je neko\u010d nosila ime Gimnazija Poljane, ki sem jo obiskovala. Zgodbo pogumne Vide vam zato moram nujno predstaviti. Toda ker mi \u017ee zmanjkuje prostora, se bom njej posvetila naslednji\u010d, v drugem delu prispevka o slovenskih politi\u010dnih grafitarkah iz obdobja druge svetovne vojne. Do takrat vam \u017eelim vesel 27. april &#8211; Dan O.F. in Dan upora proti okupatorju!<\/p>\n<p>&nbsp;<\/p>\n<\/div>\n<\/div>\n<\/div>\n<\/div>\n<\/div>\n<\/div>\n<\/div>\n<\/article>\n<\/div>\n<\/div>\n<\/div>\n<div class=\"full-container\">\n<div id=\"primary\" class=\"content-area\">\n<div id=\"content\" class=\"site-content\" role=\"main\">\n<article id=\"post-2411\" class=\"post post-2411 type-post status-publish format-standard has-post-thumbnail hentry category-uncategorized-sl\">\n<div class=\"entry-main\">\n<div class=\"entry-content\">\n<div id=\"pl-2411\" class=\"panel-layout\">\n<div id=\"pg-2411-1\" class=\"panel-grid panel-no-style\">\n<div id=\"pgc-2411-1-0\" class=\"panel-grid-cell\">\n<div id=\"panel-2411-1-0-0\" class=\"so-panel widget widget_sow-editor panel-first-child panel-last-child\" data-index=\"2\">\n<div class=\"full-container\">\n<div id=\"primary\" class=\"content-area\">\n<div id=\"content\" class=\"site-content\" role=\"main\">\n<article id=\"post-2411\" class=\"post post-2411 type-post status-publish format-standard has-post-thumbnail hentry category-uncategorized-sl\">\n<div class=\"entry-main\">\n<div class=\"panel-grid-cell\"><\/div>\n<div class=\"entry-content\">\n<div id=\"pl-2411\" class=\"panel-layout\">\n<div id=\"pg-2411-1\" class=\"panel-grid panel-no-style\">\n<p>Besedilo: Helena Konda<\/p>\n<div id=\"pgc-2411-1-0\" class=\"panel-grid-cell\">\n<p>&nbsp;<\/p>\n<p>Naslovna fotografija: Edi \u0160elhaus. \u010clanice Zveze socialisti\u010dne mladine obe\u0161ajo napis v vasi Osilnica na osvobojenem ozemlju pred 2. kongresom ZSM, 1945. Arhiv MNZS.<\/p>\n<p>Urbana Vrana ustvarja projekt GraFEM v koprodukciji z <a href=\"https:\/\/www.roglab.si\/sl\/grafem\/grafem-2020-nez-pez\/\"><u>RogLabom<\/u>.<\/a><\/p>\n<div class=\"wp-menu-arrow\">\n<div>\n<p><strong>&#8212;&#8212;&#8212;&#8212;&#8212;&#8211;<\/strong><\/p>\n<p>1 \u0160elih, Alenka (2007) Predgovor. V: Maja Savelli in Goran \u010c. Poto\u010dnik, ur. <em>Pozabljena polovica: portreti \u017eensk 19. in 20. stoletja na Slovenskem<\/em>. Zalo\u017eba Tuma in SAZU. Glej str. 5.<\/p>\n<p>2 Puhar, Alenka (2007) Angela Vode. V: Maja Savelli in Goran \u010c. Poto\u010dnik, ur. <em>Pozabljena polovica: portreti \u017eensk 19. in 20. stoletja na Slovenskem<\/em>. Zalo\u017eba Tuma in SAZU. Glej str. 275 \u2013 278.<\/p>\n<p>3 Verginella, Marta (2013). <em>Pravna in politi\u010dna zgodovina \u017eensk na slovenskem. Zaklju\u010dno poro\u010dilo raziskovalnega projekta. <\/em>In\u0161titut za kriminologijo pri Pravni fakulteti v Ljubljani, Univerza v Ljubljani, Filozofska fakulteta, str. 1-18. Glej str. 3.<\/p>\n<p>4 Tom\u0161i\u010d, Vida (1961) Ob dvajsetletnici. <em>Na\u0161a \u017eena<\/em>, \u0161t. 1, str. 1-2.<\/p>\n<p>5 Ferletic, Andrej (2007) Propagandni in politi\u010dno-propagandni napisi ter grafiti na Primorskem v letih pred, med in po drugi svetovni vojni. <em>Zgodovinski \u010dasopis<\/em>, letnik 61, \u0161tevilka 1\/2, str. 113-140. Glej str. 116 \u2013 119.<\/p>\n<p>6 Stiplov\u0161ek, Miroslav (1990) Milica Kacin-Wohinz: Prvi antifa\u0161izem v Evropi. Primorska 1925-1935. <em>Zgodovinski \u010dasopis<\/em>, letnik 44, \u0161t. 4 (1990), str. 651-652.<\/p>\n<p>7 Ferletic, Anderej (2007), prav tam. Glej str. 119.<\/p>\n<p>8 Bernik &#8211; Burja, Valerija (2001) <em>Vloga \u017eensk v osvobodilnem gibanju na Slovenskem<\/em>. Magistrsko delo. Ljubljana: Filozofska fakulteta. Glej str. 88-91.<\/p>\n<p>9 Kikelj, Tone (1995) Socialno \u017eivljenje medvojne Ljubljane 1941-1945. V: <em>Slovenska narodna pomo\u010d v okupirani Ljubljani med 1941-1945<\/em>. Mestni odbor medvojnega aktiva OF. Ljubljana, str. 43-119. Glej str. 90-94.<\/p>\n<p>10 Petrov\u010di\u010d, Tanja (2007) <em>Udele\u017eba in promocija \u017eensk v Narodnoosvobodilnem gibanju v Sloveniji<\/em>. Diplomsko delo. Univerza v Ljubljani, Fakulteta za dru\u017ebene vede. Glej str. 40.<\/p>\n<p>11 Jeraj, Mateja (2003) Vloga in polo\u017eaj \u017eensk v obdobju 1918-1941. V: <em>Splo\u0161no \u017eensko dru\u0161tvo 1901-1945<\/em>. Ljubljana. Arhiv Republike Slovenije, str. 27-35. Glej str. 27.<\/p>\n<p>12 \u0160elih, Alenka (2007) Predgovor. V: Maja Savelli in Goran \u010c. Poto\u010dnik, ur. <em>Pozabljena polovica: portreti \u017eensk 19. in 20. stoletja na Slovenskem<\/em>. Zalo\u017eba Tuma in SAZU, str. 16 \u2013 18. Glej str. 5.<\/p>\n<p>13 Petrov\u010di\u010d, Tanja (2007), prav tam.<\/p>\n<p>14 Jer\u0161ek, Davorin (1961) Plebiscitne akcije Osvobodilne fronte v Ljubljani v letih 1941 \u2013 1942<em>. Kronika: \u010dasopis za slovensko krajevno zgodovino, let. IX, zvezek<\/em> 2, str. 65 \u2013 82. Glej str. 70-71.<\/p>\n<\/div>\n<\/div>\n<\/div>\n<p>&nbsp;<\/p>\n<\/div>\n<\/div>\n<\/div>\n<\/div>\n<\/article>\n<\/div>\n<\/div>\n<\/div>\n<\/div>\n<\/div>\n<\/div>\n<\/div>\n<\/div>\n<\/div>\n<\/article>\n<\/div>\n<\/div>\n<\/div>\n<\/div>\n<\/div>\n<\/div>\n<\/div>\n<\/div>\n<\/div>\n<\/div>\n<\/div>\n<\/article>\n<\/div>\n<\/div>\n<\/div>\n<\/div>\n<\/div>\n<\/div>\n<\/div>\n<\/div>\n<\/div>\n<\/div>\n<\/div>\n","protected":false},"excerpt":{"rendered":"<p>Ljubljana je br\u017ekone svoj prvi razcvet ustvarjanja, ki bi ga danes imenovali politi\u010dno grafitiranje in uli\u010dna umetnost, do\u017eivela v letih 1941 do 1943 pod italijansko fa\u0161isti\u010dno okupacijo, ko so veljale omejitve gibanja in policijska ura, ljudski protesti pa so bili preganjani z restriktivnimi ukrepi. Uporni\u0161ke intervencije v javnem prostoru so v veliki meri izvajale \u017eenske, [&hellip;]<\/p>\n","protected":false},"author":3,"featured_media":11969,"comment_status":"closed","ping_status":"open","sticky":false,"template":"","format":"standard","meta":{"_monsterinsights_skip_tracking":false,"_monsterinsights_sitenote_active":false,"_monsterinsights_sitenote_note":"","_monsterinsights_sitenote_category":0,"footnotes":""},"categories":[73,61,54],"tags":[93,91,97,105,95],"class_list":["post-11967","post","type-post","status-publish","format-standard","has-post-thumbnail","hentry","category-news-all","category-news-sl","category-uncategorized-sl","tag-blog","tag-grafem","tag-grafiti-in-street-art","tag-slovenija","tag-zenske"],"yoast_head":"<!-- This site is optimized with the Yoast SEO plugin v27.4 - https:\/\/yoast.com\/product\/yoast-seo-wordpress\/ -->\n<title>Feministi\u010dna tura z mag. Jasmino Jerant tudi v za\u010detku julija<\/title>\n<meta name=\"description\" content=\"Zavod Urbana Vrana organizira znamenito feministi\u010dno turo po Ljubljani za staro in mlado, gosposko in damsko. Dobimo se na Gornjem trgu!\" \/>\n<meta name=\"robots\" content=\"index, follow, max-snippet:-1, max-image-preview:large, max-video-preview:-1\" \/>\n<link rel=\"canonical\" href=\"https:\/\/ptich.si\/sl\/grafem-uporniska-ulicna-umetnost-aktivistk-osvobodilne-fronte-prvi-del\/\" \/>\n<meta property=\"og:locale\" content=\"sl_SI\" \/>\n<meta property=\"og:type\" content=\"article\" \/>\n<meta property=\"og:title\" content=\"Feministi\u010dna tura z mag. Jasmino Jerant tudi v za\u010detku julija\" \/>\n<meta property=\"og:description\" content=\"Zavod Urbana Vrana organizira znamenito feministi\u010dno turo po Ljubljani za staro in mlado, gosposko in damsko. Dobimo se na Gornjem trgu!\" \/>\n<meta property=\"og:url\" content=\"https:\/\/ptich.si\/sl\/grafem-uporniska-ulicna-umetnost-aktivistk-osvobodilne-fronte-prvi-del\/\" \/>\n<meta property=\"og:site_name\" content=\"Ptich\" \/>\n<meta property=\"article:publisher\" content=\"https:\/\/www.facebook.com\/PtichSlovenia\/\" \/>\n<meta property=\"article:published_time\" content=\"2021-04-27T07:18:11+00:00\" \/>\n<meta property=\"article:modified_time\" content=\"2021-05-14T16:59:30+00:00\" \/>\n<meta property=\"og:image\" content=\"https:\/\/ptich.si\/wp-content\/uploads\/2021\/04\/Kongres-slovenske-mladine-dekleta-v-snegu.jpg\" \/>\n\t<meta property=\"og:image:width\" content=\"990\" \/>\n\t<meta property=\"og:image:height\" content=\"659\" \/>\n\t<meta property=\"og:image:type\" content=\"image\/jpeg\" \/>\n<meta name=\"author\" content=\"laganosportski\" \/>\n<meta name=\"twitter:card\" content=\"summary_large_image\" \/>\n<meta name=\"twitter:label1\" content=\"Written by\" \/>\n\t<meta name=\"twitter:data1\" content=\"laganosportski\" \/>\n\t<meta name=\"twitter:label2\" content=\"Est. reading time\" \/>\n\t<meta name=\"twitter:data2\" content=\"11 minut\" \/>\n<script type=\"application\/ld+json\" class=\"yoast-schema-graph\">{\"@context\":\"https:\\\/\\\/schema.org\",\"@graph\":[{\"@type\":\"Article\",\"@id\":\"https:\\\/\\\/ptich.si\\\/sl\\\/grafem-uporniska-ulicna-umetnost-aktivistk-osvobodilne-fronte-prvi-del\\\/#article\",\"isPartOf\":{\"@id\":\"https:\\\/\\\/ptich.si\\\/sl\\\/grafem-uporniska-ulicna-umetnost-aktivistk-osvobodilne-fronte-prvi-del\\\/\"},\"author\":{\"name\":\"laganosportski\",\"@id\":\"https:\\\/\\\/ptich.si\\\/sl\\\/#\\\/schema\\\/person\\\/87f1654008fb02442dde62aa7c216b42\"},\"headline\":\"GRAFEM PREDSTAVLJA: UPORNI\u0160KA ULI\u010cNA UMETNOST AKTIVISTK OSVOBODILNE FRONTE (PRVI DEL)\",\"datePublished\":\"2021-04-27T07:18:11+00:00\",\"dateModified\":\"2021-05-14T16:59:30+00:00\",\"mainEntityOfPage\":{\"@id\":\"https:\\\/\\\/ptich.si\\\/sl\\\/grafem-uporniska-ulicna-umetnost-aktivistk-osvobodilne-fronte-prvi-del\\\/\"},\"wordCount\":2165,\"publisher\":{\"@id\":\"https:\\\/\\\/ptich.si\\\/sl\\\/#organization\"},\"image\":{\"@id\":\"https:\\\/\\\/ptich.si\\\/sl\\\/grafem-uporniska-ulicna-umetnost-aktivistk-osvobodilne-fronte-prvi-del\\\/#primaryimage\"},\"thumbnailUrl\":\"https:\\\/\\\/ptich.si\\\/wp-content\\\/uploads\\\/2021\\\/04\\\/Kongres-slovenske-mladine-dekleta-v-snegu.jpg\",\"keywords\":[\"BLOG\",\"GraFEM\",\"GRAFITI IN STREET ART\",\"SLOVENIJA\",\"\u017dENSKE\"],\"articleSection\":[\"News-all\",\"News-sl\",\"Uncategorized @sl\"],\"inLanguage\":\"sl-SI\"},{\"@type\":\"WebPage\",\"@id\":\"https:\\\/\\\/ptich.si\\\/sl\\\/grafem-uporniska-ulicna-umetnost-aktivistk-osvobodilne-fronte-prvi-del\\\/\",\"url\":\"https:\\\/\\\/ptich.si\\\/sl\\\/grafem-uporniska-ulicna-umetnost-aktivistk-osvobodilne-fronte-prvi-del\\\/\",\"name\":\"Feministi\u010dna tura z mag. Jasmino Jerant tudi v za\u010detku julija\",\"isPartOf\":{\"@id\":\"https:\\\/\\\/ptich.si\\\/sl\\\/#website\"},\"primaryImageOfPage\":{\"@id\":\"https:\\\/\\\/ptich.si\\\/sl\\\/grafem-uporniska-ulicna-umetnost-aktivistk-osvobodilne-fronte-prvi-del\\\/#primaryimage\"},\"image\":{\"@id\":\"https:\\\/\\\/ptich.si\\\/sl\\\/grafem-uporniska-ulicna-umetnost-aktivistk-osvobodilne-fronte-prvi-del\\\/#primaryimage\"},\"thumbnailUrl\":\"https:\\\/\\\/ptich.si\\\/wp-content\\\/uploads\\\/2021\\\/04\\\/Kongres-slovenske-mladine-dekleta-v-snegu.jpg\",\"datePublished\":\"2021-04-27T07:18:11+00:00\",\"dateModified\":\"2021-05-14T16:59:30+00:00\",\"description\":\"Zavod Urbana Vrana organizira znamenito feministi\u010dno turo po Ljubljani za staro in mlado, gosposko in damsko. Dobimo se na Gornjem trgu!\",\"breadcrumb\":{\"@id\":\"https:\\\/\\\/ptich.si\\\/sl\\\/grafem-uporniska-ulicna-umetnost-aktivistk-osvobodilne-fronte-prvi-del\\\/#breadcrumb\"},\"inLanguage\":\"sl-SI\",\"potentialAction\":[{\"@type\":\"ReadAction\",\"target\":[\"https:\\\/\\\/ptich.si\\\/sl\\\/grafem-uporniska-ulicna-umetnost-aktivistk-osvobodilne-fronte-prvi-del\\\/\"]}]},{\"@type\":\"ImageObject\",\"inLanguage\":\"sl-SI\",\"@id\":\"https:\\\/\\\/ptich.si\\\/sl\\\/grafem-uporniska-ulicna-umetnost-aktivistk-osvobodilne-fronte-prvi-del\\\/#primaryimage\",\"url\":\"https:\\\/\\\/ptich.si\\\/wp-content\\\/uploads\\\/2021\\\/04\\\/Kongres-slovenske-mladine-dekleta-v-snegu.jpg\",\"contentUrl\":\"https:\\\/\\\/ptich.si\\\/wp-content\\\/uploads\\\/2021\\\/04\\\/Kongres-slovenske-mladine-dekleta-v-snegu.jpg\",\"width\":990,\"height\":659},{\"@type\":\"BreadcrumbList\",\"@id\":\"https:\\\/\\\/ptich.si\\\/sl\\\/grafem-uporniska-ulicna-umetnost-aktivistk-osvobodilne-fronte-prvi-del\\\/#breadcrumb\",\"itemListElement\":[{\"@type\":\"ListItem\",\"position\":1,\"name\":\"Home\",\"item\":\"https:\\\/\\\/ptich.si\\\/sl\\\/\"},{\"@type\":\"ListItem\",\"position\":2,\"name\":\"GRAFEM PREDSTAVLJA: UPORNI\u0160KA ULI\u010cNA UMETNOST AKTIVISTK OSVOBODILNE FRONTE (PRVI DEL)\"}]},{\"@type\":\"WebSite\",\"@id\":\"https:\\\/\\\/ptich.si\\\/sl\\\/#website\",\"url\":\"https:\\\/\\\/ptich.si\\\/sl\\\/\",\"name\":\"Ptich\",\"description\":\"Glasbeni izleti & urbane ture | Ljubljana | Slovenija\",\"publisher\":{\"@id\":\"https:\\\/\\\/ptich.si\\\/sl\\\/#organization\"},\"potentialAction\":[{\"@type\":\"SearchAction\",\"target\":{\"@type\":\"EntryPoint\",\"urlTemplate\":\"https:\\\/\\\/ptich.si\\\/sl\\\/?s={search_term_string}\"},\"query-input\":{\"@type\":\"PropertyValueSpecification\",\"valueRequired\":true,\"valueName\":\"search_term_string\"}}],\"inLanguage\":\"sl-SI\"},{\"@type\":\"Organization\",\"@id\":\"https:\\\/\\\/ptich.si\\\/sl\\\/#organization\",\"name\":\"Ptich\",\"url\":\"https:\\\/\\\/ptich.si\\\/sl\\\/\",\"logo\":{\"@type\":\"ImageObject\",\"inLanguage\":\"sl-SI\",\"@id\":\"https:\\\/\\\/ptich.si\\\/sl\\\/#\\\/schema\\\/logo\\\/image\\\/\",\"url\":\"https:\\\/\\\/ptich.si\\\/wp-content\\\/uploads\\\/2020\\\/05\\\/ptich-logo-mali.png\",\"contentUrl\":\"https:\\\/\\\/ptich.si\\\/wp-content\\\/uploads\\\/2020\\\/05\\\/ptich-logo-mali.png\",\"width\":135,\"height\":40,\"caption\":\"Ptich\"},\"image\":{\"@id\":\"https:\\\/\\\/ptich.si\\\/sl\\\/#\\\/schema\\\/logo\\\/image\\\/\"},\"sameAs\":[\"https:\\\/\\\/www.facebook.com\\\/PtichSlovenia\\\/\"]},{\"@type\":\"Person\",\"@id\":\"https:\\\/\\\/ptich.si\\\/sl\\\/#\\\/schema\\\/person\\\/87f1654008fb02442dde62aa7c216b42\",\"name\":\"laganosportski\",\"image\":{\"@type\":\"ImageObject\",\"inLanguage\":\"sl-SI\",\"@id\":\"https:\\\/\\\/secure.gravatar.com\\\/avatar\\\/121c035730a9a139bd7a88b8fd9f2166d16a959771369011d043d6d01676ec61?s=96&d=mm&r=g\",\"url\":\"https:\\\/\\\/secure.gravatar.com\\\/avatar\\\/121c035730a9a139bd7a88b8fd9f2166d16a959771369011d043d6d01676ec61?s=96&d=mm&r=g\",\"contentUrl\":\"https:\\\/\\\/secure.gravatar.com\\\/avatar\\\/121c035730a9a139bd7a88b8fd9f2166d16a959771369011d043d6d01676ec61?s=96&d=mm&r=g\",\"caption\":\"laganosportski\"},\"url\":\"https:\\\/\\\/ptich.si\\\/sl\\\/author\\\/laganosportski\\\/\"}]}<\/script>\n<!-- \/ Yoast SEO plugin. -->","yoast_head_json":{"title":"Feministi\u010dna tura z mag. Jasmino Jerant tudi v za\u010detku julija","description":"Zavod Urbana Vrana organizira znamenito feministi\u010dno turo po Ljubljani za staro in mlado, gosposko in damsko. Dobimo se na Gornjem trgu!","robots":{"index":"index","follow":"follow","max-snippet":"max-snippet:-1","max-image-preview":"max-image-preview:large","max-video-preview":"max-video-preview:-1"},"canonical":"https:\/\/ptich.si\/sl\/grafem-uporniska-ulicna-umetnost-aktivistk-osvobodilne-fronte-prvi-del\/","og_locale":"sl_SI","og_type":"article","og_title":"Feministi\u010dna tura z mag. Jasmino Jerant tudi v za\u010detku julija","og_description":"Zavod Urbana Vrana organizira znamenito feministi\u010dno turo po Ljubljani za staro in mlado, gosposko in damsko. Dobimo se na Gornjem trgu!","og_url":"https:\/\/ptich.si\/sl\/grafem-uporniska-ulicna-umetnost-aktivistk-osvobodilne-fronte-prvi-del\/","og_site_name":"Ptich","article_publisher":"https:\/\/www.facebook.com\/PtichSlovenia\/","article_published_time":"2021-04-27T07:18:11+00:00","article_modified_time":"2021-05-14T16:59:30+00:00","og_image":[{"width":990,"height":659,"url":"https:\/\/ptich.si\/wp-content\/uploads\/2021\/04\/Kongres-slovenske-mladine-dekleta-v-snegu.jpg","type":"image\/jpeg"}],"author":"laganosportski","twitter_card":"summary_large_image","twitter_misc":{"Written by":"laganosportski","Est. reading time":"11 minut"},"schema":{"@context":"https:\/\/schema.org","@graph":[{"@type":"Article","@id":"https:\/\/ptich.si\/sl\/grafem-uporniska-ulicna-umetnost-aktivistk-osvobodilne-fronte-prvi-del\/#article","isPartOf":{"@id":"https:\/\/ptich.si\/sl\/grafem-uporniska-ulicna-umetnost-aktivistk-osvobodilne-fronte-prvi-del\/"},"author":{"name":"laganosportski","@id":"https:\/\/ptich.si\/sl\/#\/schema\/person\/87f1654008fb02442dde62aa7c216b42"},"headline":"GRAFEM PREDSTAVLJA: UPORNI\u0160KA ULI\u010cNA UMETNOST AKTIVISTK OSVOBODILNE FRONTE (PRVI DEL)","datePublished":"2021-04-27T07:18:11+00:00","dateModified":"2021-05-14T16:59:30+00:00","mainEntityOfPage":{"@id":"https:\/\/ptich.si\/sl\/grafem-uporniska-ulicna-umetnost-aktivistk-osvobodilne-fronte-prvi-del\/"},"wordCount":2165,"publisher":{"@id":"https:\/\/ptich.si\/sl\/#organization"},"image":{"@id":"https:\/\/ptich.si\/sl\/grafem-uporniska-ulicna-umetnost-aktivistk-osvobodilne-fronte-prvi-del\/#primaryimage"},"thumbnailUrl":"https:\/\/ptich.si\/wp-content\/uploads\/2021\/04\/Kongres-slovenske-mladine-dekleta-v-snegu.jpg","keywords":["BLOG","GraFEM","GRAFITI IN STREET ART","SLOVENIJA","\u017dENSKE"],"articleSection":["News-all","News-sl","Uncategorized @sl"],"inLanguage":"sl-SI"},{"@type":"WebPage","@id":"https:\/\/ptich.si\/sl\/grafem-uporniska-ulicna-umetnost-aktivistk-osvobodilne-fronte-prvi-del\/","url":"https:\/\/ptich.si\/sl\/grafem-uporniska-ulicna-umetnost-aktivistk-osvobodilne-fronte-prvi-del\/","name":"Feministi\u010dna tura z mag. Jasmino Jerant tudi v za\u010detku julija","isPartOf":{"@id":"https:\/\/ptich.si\/sl\/#website"},"primaryImageOfPage":{"@id":"https:\/\/ptich.si\/sl\/grafem-uporniska-ulicna-umetnost-aktivistk-osvobodilne-fronte-prvi-del\/#primaryimage"},"image":{"@id":"https:\/\/ptich.si\/sl\/grafem-uporniska-ulicna-umetnost-aktivistk-osvobodilne-fronte-prvi-del\/#primaryimage"},"thumbnailUrl":"https:\/\/ptich.si\/wp-content\/uploads\/2021\/04\/Kongres-slovenske-mladine-dekleta-v-snegu.jpg","datePublished":"2021-04-27T07:18:11+00:00","dateModified":"2021-05-14T16:59:30+00:00","description":"Zavod Urbana Vrana organizira znamenito feministi\u010dno turo po Ljubljani za staro in mlado, gosposko in damsko. Dobimo se na Gornjem trgu!","breadcrumb":{"@id":"https:\/\/ptich.si\/sl\/grafem-uporniska-ulicna-umetnost-aktivistk-osvobodilne-fronte-prvi-del\/#breadcrumb"},"inLanguage":"sl-SI","potentialAction":[{"@type":"ReadAction","target":["https:\/\/ptich.si\/sl\/grafem-uporniska-ulicna-umetnost-aktivistk-osvobodilne-fronte-prvi-del\/"]}]},{"@type":"ImageObject","inLanguage":"sl-SI","@id":"https:\/\/ptich.si\/sl\/grafem-uporniska-ulicna-umetnost-aktivistk-osvobodilne-fronte-prvi-del\/#primaryimage","url":"https:\/\/ptich.si\/wp-content\/uploads\/2021\/04\/Kongres-slovenske-mladine-dekleta-v-snegu.jpg","contentUrl":"https:\/\/ptich.si\/wp-content\/uploads\/2021\/04\/Kongres-slovenske-mladine-dekleta-v-snegu.jpg","width":990,"height":659},{"@type":"BreadcrumbList","@id":"https:\/\/ptich.si\/sl\/grafem-uporniska-ulicna-umetnost-aktivistk-osvobodilne-fronte-prvi-del\/#breadcrumb","itemListElement":[{"@type":"ListItem","position":1,"name":"Home","item":"https:\/\/ptich.si\/sl\/"},{"@type":"ListItem","position":2,"name":"GRAFEM PREDSTAVLJA: UPORNI\u0160KA ULI\u010cNA UMETNOST AKTIVISTK OSVOBODILNE FRONTE (PRVI DEL)"}]},{"@type":"WebSite","@id":"https:\/\/ptich.si\/sl\/#website","url":"https:\/\/ptich.si\/sl\/","name":"Ptich","description":"Glasbeni izleti & urbane ture | Ljubljana | Slovenija","publisher":{"@id":"https:\/\/ptich.si\/sl\/#organization"},"potentialAction":[{"@type":"SearchAction","target":{"@type":"EntryPoint","urlTemplate":"https:\/\/ptich.si\/sl\/?s={search_term_string}"},"query-input":{"@type":"PropertyValueSpecification","valueRequired":true,"valueName":"search_term_string"}}],"inLanguage":"sl-SI"},{"@type":"Organization","@id":"https:\/\/ptich.si\/sl\/#organization","name":"Ptich","url":"https:\/\/ptich.si\/sl\/","logo":{"@type":"ImageObject","inLanguage":"sl-SI","@id":"https:\/\/ptich.si\/sl\/#\/schema\/logo\/image\/","url":"https:\/\/ptich.si\/wp-content\/uploads\/2020\/05\/ptich-logo-mali.png","contentUrl":"https:\/\/ptich.si\/wp-content\/uploads\/2020\/05\/ptich-logo-mali.png","width":135,"height":40,"caption":"Ptich"},"image":{"@id":"https:\/\/ptich.si\/sl\/#\/schema\/logo\/image\/"},"sameAs":["https:\/\/www.facebook.com\/PtichSlovenia\/"]},{"@type":"Person","@id":"https:\/\/ptich.si\/sl\/#\/schema\/person\/87f1654008fb02442dde62aa7c216b42","name":"laganosportski","image":{"@type":"ImageObject","inLanguage":"sl-SI","@id":"https:\/\/secure.gravatar.com\/avatar\/121c035730a9a139bd7a88b8fd9f2166d16a959771369011d043d6d01676ec61?s=96&d=mm&r=g","url":"https:\/\/secure.gravatar.com\/avatar\/121c035730a9a139bd7a88b8fd9f2166d16a959771369011d043d6d01676ec61?s=96&d=mm&r=g","contentUrl":"https:\/\/secure.gravatar.com\/avatar\/121c035730a9a139bd7a88b8fd9f2166d16a959771369011d043d6d01676ec61?s=96&d=mm&r=g","caption":"laganosportski"},"url":"https:\/\/ptich.si\/sl\/author\/laganosportski\/"}]}},"jetpack_featured_media_url":"https:\/\/ptich.si\/wp-content\/uploads\/2021\/04\/Kongres-slovenske-mladine-dekleta-v-snegu.jpg","_links":{"self":[{"href":"https:\/\/ptich.si\/sl\/wp-json\/wp\/v2\/posts\/11967","targetHints":{"allow":["GET"]}}],"collection":[{"href":"https:\/\/ptich.si\/sl\/wp-json\/wp\/v2\/posts"}],"about":[{"href":"https:\/\/ptich.si\/sl\/wp-json\/wp\/v2\/types\/post"}],"author":[{"embeddable":true,"href":"https:\/\/ptich.si\/sl\/wp-json\/wp\/v2\/users\/3"}],"replies":[{"embeddable":true,"href":"https:\/\/ptich.si\/sl\/wp-json\/wp\/v2\/comments?post=11967"}],"version-history":[{"count":5,"href":"https:\/\/ptich.si\/sl\/wp-json\/wp\/v2\/posts\/11967\/revisions"}],"predecessor-version":[{"id":12076,"href":"https:\/\/ptich.si\/sl\/wp-json\/wp\/v2\/posts\/11967\/revisions\/12076"}],"wp:featuredmedia":[{"embeddable":true,"href":"https:\/\/ptich.si\/sl\/wp-json\/wp\/v2\/media\/11969"}],"wp:attachment":[{"href":"https:\/\/ptich.si\/sl\/wp-json\/wp\/v2\/media?parent=11967"}],"wp:term":[{"taxonomy":"category","embeddable":true,"href":"https:\/\/ptich.si\/sl\/wp-json\/wp\/v2\/categories?post=11967"},{"taxonomy":"post_tag","embeddable":true,"href":"https:\/\/ptich.si\/sl\/wp-json\/wp\/v2\/tags?post=11967"}],"curies":[{"name":"wp","href":"https:\/\/api.w.org\/{rel}","templated":true}]}}