{"id":8501,"date":"2020-02-10T11:25:32","date_gmt":"2020-02-10T11:25:32","guid":{"rendered":"https:\/\/ptich.si\/?p=8501\/"},"modified":"2020-10-22T19:08:01","modified_gmt":"2020-10-22T19:08:01","slug":"globalna-mreza-feministicnih-tur","status":"publish","type":"post","link":"https:\/\/ptich.si\/sl\/globalna-mreza-feministicnih-tur\/","title":{"rendered":"Vzpostavili smo Globalno mre\u017eo feministi\u010dnih tur od Argentine do Japonske"},"content":{"rendered":"<div class=\"entry-content\">\n<div id=\"pl-2424\" class=\"panel-layout\">\n<div id=\"pg-2424-5\" class=\"panel-grid panel-no-style\">\n<div id=\"pgc-2424-5-0\" class=\"panel-grid-cell\">\n<div id=\"panel-2424-5-0-0\" class=\"so-panel widget widget_sow-editor panel-first-child panel-last-child\" data-index=\"8\">\n<div class=\"so-widget-sow-editor so-widget-sow-editor-base\">\n<div class=\"siteorigin-widget-tinymce textwidget\">\n<div id=\"main\" class=\"site-main\">\n<div class=\"full-container\">\n<div id=\"primary\" class=\"content-area\">\n<div id=\"content\" class=\"site-content\" role=\"main\">\n<article id=\"post-2411\" class=\"post post-2411 type-post status-publish format-standard has-post-thumbnail hentry category-uncategorized-sl\">\n<div class=\"entry-main\">\n<div class=\"entry-content\">\n<div id=\"pl-2411\" class=\"panel-layout\">\n<div id=\"pg-2411-1\" class=\"panel-grid panel-no-style\">\n<div id=\"pgc-2411-1-0\" class=\"panel-grid-cell\">\n<div id=\"panel-2411-1-0-0\" class=\"so-panel widget widget_sow-editor panel-first-child panel-last-child\" data-index=\"2\">\n<div class=\"so-widget-sow-editor so-widget-sow-editor-base\">\n<div class=\"siteorigin-widget-tinymce textwidget\">\n<div class=\"full-container\">\n<div id=\"primary\" class=\"content-area\">\n<div id=\"content\" class=\"site-content\" role=\"main\">\n<article id=\"post-2411\" class=\"post post-2411 type-post status-publish format-standard has-post-thumbnail hentry category-uncategorized-sl\">\n<div class=\"entry-main\">\n<div class=\"entry-content\">\n<div id=\"pl-2411\" class=\"panel-layout\">\n<div id=\"pg-2411-1\" class=\"panel-grid panel-no-style\">\n<div id=\"pgc-2411-1-0\" class=\"panel-grid-cell\">\n<div id=\"panel-2411-1-0-0\" class=\"so-panel widget widget_sow-editor panel-first-child panel-last-child\" data-index=\"2\">\n<p>[English version below.]<\/p>\n<p>Povezovanje feministi\u010dnih vodnic<\/p>\n<p>Zavod Urbana Vrana in ekipa Ljubljana Urban Tours smo med soustanovitelji Globalne mre\u017ee feministi\u010dnih tur, ki se razteza od \u010cila do Tajske. Kako je pri\u0161lo do tega? V preteklih mesecih so se iniciative Paseos por la ciudad iz New Yorka, FemiTours iz Buenos Airesa in Tours with Meaning iz Santiaga povezale in stopile v stik z nami in drugimi kolektivi po svetu. \u017delele so, da sodelujemo pri nastanku globalnega zemljevida posameznic_kov in kolektivov, ki vodijo kulturno-turisti\u010dne ture, povezane s feminizmom, feministi\u010dnim(i) gibanjem(-i) in \u017eensko(-imi) zgodovino(-ami).<\/p>\n<p>Bili smo navdu\u0161eni in takoj predlagali, da si moramo izmenjati kontakte in se povezati v skupino preko dru\u017ebenih omre\u017eij. Z zdru\u017eenimi mo\u010dmi smo nato vzpostavili mre\u017eo organizacij iz razli\u010dnih krajev po svetu, ki se ukvarjajo z vodenjem, pripovedovanjem zgodb in razkrivanjem sodobnih kultur in dru\u017eb s feministi\u010dne perspektive in s feministi\u010dno dr\u017eo. Rojena je bila Globalna mre\u017ea feministi\u010dnih tur!<\/p>\n<p><img loading=\"lazy\" decoding=\"async\" class=\"alignnone wp-image-8527 size-large\" src=\"https:\/\/ptich.si\/wp-content\/uploads\/2020\/02\/mapamundi-feminista-cela-inverted-1024x622.jpg\" alt=\"\" width=\"1024\" height=\"622\" srcset=\"https:\/\/ptich.si\/wp-content\/uploads\/2020\/02\/mapamundi-feminista-cela-inverted-1024x622.jpg 1024w, https:\/\/ptich.si\/wp-content\/uploads\/2020\/02\/mapamundi-feminista-cela-inverted-300x182.jpg 300w, https:\/\/ptich.si\/wp-content\/uploads\/2020\/02\/mapamundi-feminista-cela-inverted-768x466.jpg 768w, https:\/\/ptich.si\/wp-content\/uploads\/2020\/02\/mapamundi-feminista-cela-inverted.jpg 1260w\" sizes=\"auto, (max-width: 1024px) 100vw, 1024px\" \/><\/p>\n<p>Mre\u017eenje<\/p>\n<p>Pretekli vikend je nastala prva razli\u010dica seznama vodnic_kov feministi\u010dnih tur. Na prvem zemljevidu je kak\u0161nih ducat feministi\u010dnih tur, a je mre\u017ea vsak dan ve\u010dja, tako da imamo danes \u017ee ve\u010d kot dvajset \u010dlanic. Seznam bomo posodabljali enkrat na mesec, tako da najbr\u017e nikoli ne bo dokon\u010dan. \u017delimo se spoznati in sodelovati z drugimi, ki, tako kot mi, vodijo feministi\u010dne ture ali podobne dru\u017ebeno odgovorne ture s poudarkom na feminizmu in enakosti spolov. Odkriti \u017eelimo ve\u010d kolektivov, ki so vzpostavili tak\u0161ne oglede ali pa se ukvarjajo s podobnimi dejavnostmi kot mi.<\/p>\n<p>Br\u017ekone bomo na ta na\u010din okrepili odnose med vpletenimi vodnicami_ki in vpletenimi kraji, pospe\u0161ili izmenjavo informacij, ustvarili skupne spletne in nespletne projekte ter na na\u0161e ture pritegnili prave ljudi. Vse to po\u010dnemo z enim velikim ciljem v mislih \u2013 osvetliti histori\u010dni spomin feministk ter ostalih \u017eensk in dru\u017ebenih gibanj, ki so se borila za pravice \u017eensk povsod po svetu.<\/p>\n<p>&nbsp;<\/p>\n<p>Poziv vsem, ki vodite feministi\u010dne ture<\/p>\n<p>Kriterij za vklju\u010ditev v Globalno mre\u017eo feministi\u010dnih tur je preprost \u2013 voditi morate turisti\u010dno turo, na kateri va\u0161o vas ali mesto predstavljate skozi feministi\u010dni pristop, osredoto\u010deni pa ste na lokalno \u017eensko zgodovino in lokalna gibanja za pravice \u017eensk.<\/p>\n<p>Prosimo vas, da preverite, \u010de je va\u0161a tura \u017ee na na\u0161em zemljevidu. \u010ce je ni, se nam oglasite in sporo\u010dite, kje se nahajate in kak\u0161no turo vodite. Poleg tega lahko delite informacijo o nastanku Globalne mre\u017ee feministi\u010dnih tur na va\u0161ih socialnih omre\u017ejih, in sicer s tagom #FeministTours ali #ToursFeministas. Komaj \u010dakamo, da vas spoznamo in va\u0161o turo dodamo na zemljevid!<\/p>\n<p>\u010ce feministi\u010dne ture ne vodite, brez skrbi, \u0161e vedno se nam lahko pridru\u017eite. Kako? Udele\u017eite se na\u0161ih tur ali pa pridite z nami na ulice v boju za pravice \u017eensk 8. marca 2020. Kajti na ta dan vsako leto zahtevamo enakost spolov in enake pravice za vse \u017eenske povsod po svetu. Globalna mre\u017ea feministi\u010dnih tur vas torej vabi, da ponosno praznujete Dan \u017eena, mednarodni praznik \u017eensk in tako sebe in druge pou\u010dite o univerzalni relevantnosti feministi\u010dnega gibanja.<\/p>\n<p><img loading=\"lazy\" decoding=\"async\" class=\"alignnone size-medium wp-image-8528\" src=\"https:\/\/ptich.si\/wp-content\/uploads\/2020\/02\/Global-Network-of-Feminist-Tours-inverted-300x300.jpg\" alt=\"\" width=\"300\" height=\"300\" srcset=\"https:\/\/ptich.si\/wp-content\/uploads\/2020\/02\/Global-Network-of-Feminist-Tours-inverted-300x300.jpg 300w, https:\/\/ptich.si\/wp-content\/uploads\/2020\/02\/Global-Network-of-Feminist-Tours-inverted-150x150.jpg 150w, https:\/\/ptich.si\/wp-content\/uploads\/2020\/02\/Global-Network-of-Feminist-Tours-inverted-768x768.jpg 768w, https:\/\/ptich.si\/wp-content\/uploads\/2020\/02\/Global-Network-of-Feminist-Tours-inverted-1024x1024.jpg 1024w, https:\/\/ptich.si\/wp-content\/uploads\/2020\/02\/Global-Network-of-Feminist-Tours-inverted-700x700.jpg 700w, https:\/\/ptich.si\/wp-content\/uploads\/2020\/02\/Global-Network-of-Feminist-Tours-inverted.jpg 1080w\" sizes=\"auto, (max-width: 300px) 100vw, 300px\" \/><\/p>\n<ul>\n<li>FemiTour Buenos Aires\u00a0<a href=\"https:\/\/www.instagram.com\/femitour.bsas\/\">@femitour.bsas<\/a><\/li>\n<li>Tours with Meaning<a href=\"https:\/\/www.instagram.com\/tourswithmeaning\/\">@tourswithmeaning<\/a><\/li>\n<li>Paseos por la ciudad\u00a0<a href=\"https:\/\/www.instagram.com\/paseoporlaciudad\/\">@paseoporlaciudad<\/a><\/li>\n<li>Feminist of Paris\u00a0<a href=\"https:\/\/www.instagram.com\/feministsofparis\/\">@feministsofparis<\/a><\/li>\n<li>Ruta de las mujeres de la Barcelona Rebelde\u00a0<a href=\"https:\/\/www.instagram.com\/barcelonarebelde\/\">@barcelonarebelde<\/a><\/li>\n<li>Lisboa a trav\u00e9s de ellas\u00a0<a href=\"https:\/\/www.instagram.com\/showmelisbon\/\">@showmelisbon<\/a><\/li>\n<li>Ljubljana Urban Tours\u00a0<a href=\"https:\/\/www.instagram.com\/ljubljanaurbantours\/\">@LjubljanaUrbanTours<\/a><\/li>\n<li>Asia Art Tours\u00a0<a href=\"https:\/\/www.instagram.com\/asiaarttours\/\">@asiaarttour<\/a><\/li>\n<li>The radical grandmas of Thailand\u00a0<a href=\"https:\/\/www.instagram.com\/asiaarttours\/\">@asiaarttour<\/a><\/li>\n<li>Reykjavik feminist walking tour\u00a0<a href=\"https:\/\/www.instagram.com\/rvkfeministwalk\/\">@rvkfeministwalk<\/a><\/li>\n<li>The kona tour\u00a0<a href=\"https:\/\/www.instagram.com\/glacialexperience.is\/\">@glacialexperience.is<\/a><\/li>\n<li>Look up London Tour<a href=\"https:\/\/www.instagram.com\/look_uplondon\/\">@look_uplondon<\/a><\/li>\n<li>Cool Tour Spain Madrid\u00a0<a href=\"https:\/\/www.instagram.com\/cooltourspain\/\">@cooltourspain<\/a><\/li>\n<li>Sandemans New Europe Tours\u00a0<a href=\"https:\/\/www.instagram.com\/sandemansneweurope\/\">@sandemansneweurope<\/a><\/li>\n<\/ul>\n<div class=\"so-widget-sow-editor so-widget-sow-editor-base\">\n<div class=\"siteorigin-widget-tinymce textwidget\">\n<p>&nbsp;<\/p>\n<p>\u2014<\/p>\n<p>ENGLISH<\/p>\n<p><strong>We co-founded the Global Network of Feminist Tours<\/strong><\/p>\n<p>&nbsp;<\/p>\n<p>Connecting the feminist guides<\/p>\n<p>The Ljubljana Urban Tours\/Urbana Vrana organisation has become a co-founder of the Global Network of Feminist Tours that stretches from Chile to Thailand. How did this happen? In recent months, organisations Paseos por la ciudad from New York, FemiTours from Buenos Aires and Tours with Meaning from Santiago de Chile joined forces and contacted us and other collectives around the world about a possible collaboration. Namely, they suggested we should start creating, and regularly updating, a global map of individuals and collectives that run tours dealing with feminism, feminist movement(s) and women\u2019s history(-ies). We were thrilled and immediately suggested that we all should exchange contacts and connect through a social media group as well.<\/p>\n<p>So we joined forces and started putting together a network of organisations, from various cities around the world, who engage in guiding people, telling stories and discovering contemporary cultures and societies from the feminist perspective and using the feminist attitude. The Global Network of Feminist Tours was born!<\/p>\n<p><img loading=\"lazy\" decoding=\"async\" class=\"alignnone wp-image-8510 size-large\" src=\"https:\/\/ptich.si\/wp-content\/uploads\/2020\/02\/mapamundi-feminista-cela-tinified-1024x622.jpg\" alt=\"\" width=\"1024\" height=\"622\" srcset=\"https:\/\/ptich.si\/wp-content\/uploads\/2020\/02\/mapamundi-feminista-cela-tinified-1024x622.jpg 1024w, https:\/\/ptich.si\/wp-content\/uploads\/2020\/02\/mapamundi-feminista-cela-tinified-300x182.jpg 300w, https:\/\/ptich.si\/wp-content\/uploads\/2020\/02\/mapamundi-feminista-cela-tinified-768x466.jpg 768w, https:\/\/ptich.si\/wp-content\/uploads\/2020\/02\/mapamundi-feminista-cela-tinified.jpg 1260w\" sizes=\"auto, (max-width: 1024px) 100vw, 1024px\" \/><\/p>\n<p>Networking<\/p>\n<p>The first version of the list of guides was created over the weekend. There are over a dozen feminist tours on the first map, but the network is growing as we speak, so there are currently already more than twenty members. It will be updated every month, so it will most probably never be complete. Our intention is to get to know and possibly collaborate with other guides who, like us, offer feminist tours or similar socially responsible tours that are conscious of feminism and gender equality. We are eager to discover more collectives that run such tours or carry out similar activities as we do.<\/p>\n<p>This idea will most probably result in strengthening contacts between the guides and cities involved, sharing information, creating joint online and offline projects, and bringing our tours to the right people. We do this with one major goal in mind &#8211; to make visible the historical memory of feminists and other women and social movements that have been struggling for women\u2019s rights around the globe.<\/p>\n<p>&nbsp;<\/p>\n<p>Call for guides who run feminist tours<\/p>\n<p>The criterion for inclusion in the Global Network of Feminist Tours is very simple &#8211; you need to run a tour in which your village, town or city is presented to your guests through a feminist approach, focusing primarily on the local women\u2019s history and local movement for women\u2019s rights.<\/p>\n<p>So please check the map and try to find your feminist tour. If it is not there, get in touch with us and tell us where you are based and what kind of tour you do. You can also share the information about the Global Network of Feminist Tours on your social media using the following hashtags #FeministTours or #ToursFeministas. We can\u2019t wait to talk with you and add your feminist tour to our map!<\/p>\n<p>If you don\u2019t run a feminist tour, don\u2019t worry. You can still join us. How? You can come to our tours or just come out in the streets with us in the struggle for women\u2019s rights on 8 March 2020. It\u2019s on this day every year that we demand gender equality and women\u2019s rights for all women everywhere in the world. The Global Network of Feminist Tours hence invites you to celebrate proudly the International Women\u2019s Day, educating yourself and others on the universal importance of the feminist movement.<\/p>\n<p><img loading=\"lazy\" decoding=\"async\" class=\"alignnone wp-image-8515 size-medium\" src=\"https:\/\/ptich.si\/wp-content\/uploads\/2020\/02\/Global-Network-of-Feminist-Tours-tinified-300x300.jpg\" alt=\"\" width=\"300\" height=\"300\" srcset=\"https:\/\/ptich.si\/wp-content\/uploads\/2020\/02\/Global-Network-of-Feminist-Tours-tinified-300x300.jpg 300w, https:\/\/ptich.si\/wp-content\/uploads\/2020\/02\/Global-Network-of-Feminist-Tours-tinified-150x150.jpg 150w, https:\/\/ptich.si\/wp-content\/uploads\/2020\/02\/Global-Network-of-Feminist-Tours-tinified-768x768.jpg 768w, https:\/\/ptich.si\/wp-content\/uploads\/2020\/02\/Global-Network-of-Feminist-Tours-tinified-1024x1024.jpg 1024w, https:\/\/ptich.si\/wp-content\/uploads\/2020\/02\/Global-Network-of-Feminist-Tours-tinified-700x700.jpg 700w, https:\/\/ptich.si\/wp-content\/uploads\/2020\/02\/Global-Network-of-Feminist-Tours-tinified.jpg 1080w\" sizes=\"auto, (max-width: 300px) 100vw, 300px\" \/><\/p>\n<ul>\n<li>FemiTour Buenos Aires\u00a0<a href=\"https:\/\/www.instagram.com\/femitour.bsas\/\">@femitour.bsas<\/a><\/li>\n<li>Tours with Meaning<a href=\"https:\/\/www.instagram.com\/tourswithmeaning\/\">@tourswithmeaning<\/a><\/li>\n<li>Paseos por la ciudad\u00a0<a href=\"https:\/\/www.instagram.com\/paseoporlaciudad\/\">@paseoporlaciudad<\/a><\/li>\n<li>Feminist of Paris\u00a0<a href=\"https:\/\/www.instagram.com\/feministsofparis\/\">@feministsofparis<\/a><\/li>\n<li>Ruta de las mujeres de la Barcelona Rebelde\u00a0<a href=\"https:\/\/www.instagram.com\/barcelonarebelde\/\">@barcelonarebelde<\/a><\/li>\n<li>Lisboa a trav\u00e9s de ellas\u00a0<a href=\"https:\/\/www.instagram.com\/showmelisbon\/\">@showmelisbon<\/a><\/li>\n<li>Ljubljana Urban Tours\u00a0<a href=\"https:\/\/www.instagram.com\/ljubljanaurbantours\/\">@LjubljanaUrbanTours<\/a><\/li>\n<li>Asia Art Tours\u00a0<a href=\"https:\/\/www.instagram.com\/asiaarttours\/\">@asiaarttour<\/a><\/li>\n<li>The radical grandmas of Thailand\u00a0<a href=\"https:\/\/www.instagram.com\/asiaarttours\/\">@asiaarttour<\/a><\/li>\n<li>Reykjavik feminist walking tour\u00a0<a href=\"https:\/\/www.instagram.com\/rvkfeministwalk\/\">@rvkfeministwalk<\/a><\/li>\n<li>The kona tour\u00a0<a href=\"https:\/\/www.instagram.com\/glacialexperience.is\/\">@glacialexperience.is<\/a><\/li>\n<li>Look up London Tour<a href=\"https:\/\/www.instagram.com\/look_uplondon\/\">@look_uplondon<\/a><\/li>\n<li>Cool Tour Spain Madrid\u00a0<a href=\"https:\/\/www.instagram.com\/cooltourspain\/\">@cooltourspain<\/a><\/li>\n<li>Sandemans New Europe Tours\u00a0<a href=\"https:\/\/www.instagram.com\/sandemansneweurope\/\">@sandemansneweurope<\/a><\/li>\n<\/ul>\n<p>&nbsp;<\/p>\n<\/div>\n<\/div>\n<p><iframe loading=\"lazy\" src=\"https:\/\/www.youtube.com\/embed\/c6aCCim-quc\" width=\"100%\" height=\"460\" frameborder=\"0\" allowfullscreen=\"allowfullscreen\"><span data-mce-type=\"bookmark\" style=\"display: inline-block; width: 0px; overflow: hidden; line-height: 0;\" class=\"mce_SELRES_start\">\ufeff<\/span><\/iframe><\/p>\n<div><\/div>\n<\/div>\n<\/div>\n<\/div>\n<\/div>\n<\/div>\n<\/div>\n<\/article>\n<\/div>\n<\/div>\n<\/div>\n<div class=\"full-container\">\n<div id=\"primary\" class=\"content-area\">\n<div id=\"content\" class=\"site-content\" role=\"main\">\n<article id=\"post-2411\" class=\"post post-2411 type-post status-publish format-standard has-post-thumbnail hentry category-uncategorized-sl\">\n<div class=\"entry-main\">\n<div class=\"entry-content\">\n<div id=\"pl-2411\" class=\"panel-layout\">\n<div id=\"pg-2411-1\" class=\"panel-grid panel-no-style\">\n<div id=\"pgc-2411-1-0\" class=\"panel-grid-cell\">\n<div id=\"panel-2411-1-0-0\" class=\"so-panel widget widget_sow-editor panel-first-child panel-last-child\" data-index=\"2\">\n<div class=\"full-container\">\n<div id=\"primary\" class=\"content-area\">\n<div id=\"content\" class=\"site-content\" role=\"main\">\n<article id=\"post-2411\" class=\"post post-2411 type-post status-publish format-standard has-post-thumbnail hentry category-uncategorized-sl\">\n<div class=\"entry-main\">\n<div class=\"entry-content\">\n<div id=\"pl-2411\" class=\"panel-layout\">\n<div id=\"pg-2411-1\" class=\"panel-grid panel-no-style\">\n<div id=\"pgc-2411-1-0\" class=\"panel-grid-cell\">\n<div id=\"panel-2411-1-0-0\" class=\"so-panel widget widget_sow-editor panel-first-child panel-last-child\" data-index=\"2\">\n<div class=\"so-widget-sow-editor so-widget-sow-editor-base\">\n<div class=\"siteorigin-widget-tinymce textwidget\">\n<p>\u2014<\/p>\n<\/div>\n<\/div>\n<\/div>\n<\/div>\n<\/div>\n<\/div>\n<\/div>\n<\/div>\n<\/article>\n<\/div>\n<\/div>\n<\/div>\n<p>KAJ JE LJUBLJANSKA FEMINISTI\u010cNA TURA?<\/p>\n<p>Ljubljanska feministi\u010dna tura je nastala leta 2017 pod okriljem zavoda Urbana Vrana. Ob svojem nastanku je bila ena od redkih, \u010de ne celo edina redna feministi\u010dna tura na svetu, saj jo lahko rezervirate za manj\u0161e ali ve\u010dje skupine prav vsak dan. Pohvale prejema tako iz profesionalnih turisti\u010dnih krogov kot iz akademske sfere in feministi\u010dne scene. Po udele\u017ebi na turi so nekatere gostje poudarile, da si \u017eelijo vzpostaviti podobne feministi\u010dne oglede v svojih doma\u010dih krajih. Tako sta denimo feministi\u010dni turi po ljubljanskem navdihu \u017ee nastali v Beogradu in Reykjaviku, posebno feministi\u010dno turo pa po lastnih besedah na\u010drtujeta tudi vnukinja in pravnukinja slovite Eleanor Roosevelt in 32. predsednika ZDA Franklina Delana Roosevelta, ki sta se Ljubljanske feministi\u010dne ture udele\u017eili v avgustu 2018.<\/p>\n<p>Za kaj pri feministi\u010dni turi pravzaprav gre? Na kratko, gre za ogled Ljubljane skozi feministi\u010dna o\u010dala, pri \u010demer ne manjka zgod in prigod umetnic, arhitektk, politi\u010dnih voditeljic, dru\u017ebenih aktivistk, u\u010diteljic, nun, \u010dlanic Antifa\u0161isti\u010dne Fronte \u017densk, humanisti\u010dnih, dru\u017eboslovnih in naravoslovnih znanstvenic, bork za pravice \u017eensk, zapornic, lastnic tovarn, tovarni\u0161kih delavk, narodnih buditeljic, &#8220;\u010darovnic&#8221; in drugih \u017eensk, ki so zaznamovale Ljubljano, Slovenijo in okoli\u0161ke kraje.<\/p>\n<p>Tura obiskovalke_ce popelje po Stari Ljubljani in \u0161ir\u0161em centru mesta. Z \u017eenskim \u017earometom osvetli marsikatero zgradbo, ulico, trg ali spomenik, ki tako zasijejo v povsem novi lu\u010di. Iz hudomu\u0161ne in obenem kriti\u010dne analize ne izpusti ne socializma, ne kapitalizma, ne katoli\u0161kih \u0161ol, ne lai\u010dnega \u0161olstva, pa tudi Ple\u010dnika in Kobilce ne. A tudi s pohvalami ne var\u010duje. Tura se namre\u010d prikloni mnogim preteklim bojem za pravice \u017eensk na teh prostorih, polega tega pa tudi tistim spodbudnim sodobnim rezultatom, ki jih Slovenija pri opolnomo\u010denju \u017eensk \u017ee dosega. \u010cetudi se lahko ob poslu\u0161anju ljubljanskih \u017eenskih zgodb bodisi glasno krohotate bodisi tiho zahlipate, je eno gotovo &#8211; feministi\u010dna tura vas ne bo pustila ravnodu\u0161nih.<\/p>\n<p>\u0160tevilne pozitivne in navdihujo\u010de vtise s preteklih feministi\u010dnih tur najdete\u00a0<a href=\"https:\/\/www.tripadvisor.com\/Attraction_Review-g274873-d8567506-Reviews-Ljubljana_Urban_Tours-Ljubljana_Upper_Carniola_Region.html\"><u>tukaj<\/u><\/a>.<\/p>\n<\/div>\n<p>Tura je primerna tudi za uporabnice_ke vozi\u010dkov.<\/p>\n<p>\u010ce \u017eelite prejemati obvestila o bodo\u010dih brezpla\u010dnih turah na va\u0161 email naslov, se lahko prijavite na na\u0161e mese\u010dne e-novice <a href=\"https:\/\/ptich.si\/sl\/e-novice\/\"><u>tukaj<\/u><\/a>.<\/p>\n<div id=\"panel-2411-1-0-0\" class=\"so-panel widget widget_sow-editor panel-first-child panel-last-child\" data-index=\"2\">\n<div class=\"full-container\">\n<div id=\"primary\" class=\"content-area\">\n<div id=\"content\" class=\"site-content\" role=\"main\">\n<article id=\"post-2411\" class=\"post post-2411 type-post status-publish format-standard has-post-thumbnail hentry category-uncategorized-sl\">\n<div class=\"entry-main\">\n<div class=\"entry-content\">\n<div id=\"pl-2411\" class=\"panel-layout\">\n<div id=\"pg-2411-1\" class=\"panel-grid panel-no-style\">\n<div id=\"pgc-2411-1-0\" class=\"panel-grid-cell\">\n<div id=\"panel-2411-1-0-0\" class=\"so-panel widget widget_sow-editor panel-first-child panel-last-child\" data-index=\"2\">\n<p>&nbsp;<\/p>\n<\/div>\n<\/div>\n<\/div>\n<\/div>\n<\/div>\n<\/div>\n<\/article>\n<\/div>\n<\/div>\n<\/div>\n<\/div>\n<\/div>\n<p>&nbsp;<\/p>\n<\/div>\n<\/div>\n<\/div>\n<\/div>\n<\/article>\n<\/div>\n<\/div>\n<\/div>\n<\/div>\n<\/div>\n<\/div>\n<\/div>\n<\/div>\n<\/div>\n<\/div>\n<\/div>\n<\/article>\n<\/div>\n<\/div>\n<\/div>\n<\/div>\n<\/div>\n<\/div>\n<\/div>\n<\/div>\n<\/div>\n<\/div>\n<\/div>\n","protected":false},"excerpt":{"rendered":"<p>[English version below.] Povezovanje feministi\u010dnih vodnic Zavod Urbana Vrana in ekipa Ljubljana Urban Tours smo med soustanovitelji Globalne mre\u017ee feministi\u010dnih tur, ki se razteza od \u010cila do Tajske. Kako je pri\u0161lo do tega? V preteklih mesecih so se iniciative Paseos por la ciudad iz New Yorka, FemiTours iz Buenos Airesa in Tours with Meaning iz [&hellip;]<\/p>\n","protected":false},"author":3,"featured_media":8509,"comment_status":"closed","ping_status":"open","sticky":false,"template":"","format":"standard","meta":{"_monsterinsights_skip_tracking":false,"_monsterinsights_sitenote_active":false,"_monsterinsights_sitenote_note":"","_monsterinsights_sitenote_category":0,"footnotes":""},"categories":[61,54],"tags":[93,89,105,101,95],"class_list":["post-8501","post","type-post","status-publish","format-standard","has-post-thumbnail","hentry","category-news-sl","category-uncategorized-sl","tag-blog","tag-novice","tag-slovenija","tag-urbane-ture","tag-zenske"],"yoast_head":"<!-- This site is optimized with the Yoast SEO plugin v27.4 - https:\/\/yoast.com\/product\/yoast-seo-wordpress\/ -->\n<title>Vzpostavili smo Globalno mre\u017eo feministi\u010dnih tur od Argentine do Japonske<\/title>\n<meta name=\"description\" content=\"Zavod Urbana Vrana in ekipa Ljubljana Urban Tours je med soustanovitelji Globalne mre\u017ee feministi\u010dnih tur, ki se razteza od \u010cila do Tajske, vklju\u010duje pa ve\u010d kot dvajset kulturno-turisti\u010dnih vodi\u010dev in organizacij.\" \/>\n<meta name=\"robots\" content=\"index, follow, max-snippet:-1, max-image-preview:large, max-video-preview:-1\" \/>\n<link rel=\"canonical\" href=\"https:\/\/ptich.si\/sl\/globalna-mreza-feministicnih-tur\/\" \/>\n<meta property=\"og:locale\" content=\"sl_SI\" \/>\n<meta property=\"og:type\" content=\"article\" \/>\n<meta property=\"og:title\" content=\"Vzpostavili smo Globalno mre\u017eo feministi\u010dnih tur od Argentine do Japonske\" \/>\n<meta property=\"og:description\" content=\"Zavod Urbana Vrana in ekipa Ljubljana Urban Tours je med soustanovitelji Globalne mre\u017ee feministi\u010dnih tur, ki se razteza od \u010cila do Tajske, vklju\u010duje pa ve\u010d kot dvajset kulturno-turisti\u010dnih vodi\u010dev in organizacij.\" \/>\n<meta property=\"og:url\" content=\"https:\/\/ptich.si\/sl\/globalna-mreza-feministicnih-tur\/\" \/>\n<meta property=\"og:site_name\" content=\"Ptich\" \/>\n<meta property=\"article:publisher\" content=\"https:\/\/www.facebook.com\/PtichSlovenia\/\" \/>\n<meta property=\"article:published_time\" content=\"2020-02-10T11:25:32+00:00\" \/>\n<meta property=\"article:modified_time\" content=\"2020-10-22T19:08:01+00:00\" \/>\n<meta property=\"og:image\" content=\"https:\/\/ptich.si\/wp-content\/uploads\/2020\/02\/mapamundi-feminista-3x2-inverted.jpg\" \/>\n\t<meta property=\"og:image:width\" content=\"1090\" \/>\n\t<meta property=\"og:image:height\" content=\"727\" \/>\n\t<meta property=\"og:image:type\" content=\"image\/jpeg\" \/>\n<meta name=\"author\" content=\"laganosportski\" \/>\n<meta name=\"twitter:card\" content=\"summary_large_image\" \/>\n<meta name=\"twitter:label1\" content=\"Written by\" \/>\n\t<meta name=\"twitter:data1\" content=\"laganosportski\" \/>\n\t<meta name=\"twitter:label2\" content=\"Est. reading time\" \/>\n\t<meta name=\"twitter:data2\" content=\"8 minut\" \/>\n<script type=\"application\/ld+json\" class=\"yoast-schema-graph\">{\"@context\":\"https:\\\/\\\/schema.org\",\"@graph\":[{\"@type\":\"Article\",\"@id\":\"https:\\\/\\\/ptich.si\\\/sl\\\/globalna-mreza-feministicnih-tur\\\/#article\",\"isPartOf\":{\"@id\":\"https:\\\/\\\/ptich.si\\\/sl\\\/globalna-mreza-feministicnih-tur\\\/\"},\"author\":{\"name\":\"laganosportski\",\"@id\":\"https:\\\/\\\/ptich.si\\\/sl\\\/#\\\/schema\\\/person\\\/87f1654008fb02442dde62aa7c216b42\"},\"headline\":\"Vzpostavili smo Globalno mre\u017eo feministi\u010dnih tur od Argentine do Japonske\",\"datePublished\":\"2020-02-10T11:25:32+00:00\",\"dateModified\":\"2020-10-22T19:08:01+00:00\",\"mainEntityOfPage\":{\"@id\":\"https:\\\/\\\/ptich.si\\\/sl\\\/globalna-mreza-feministicnih-tur\\\/\"},\"wordCount\":1675,\"publisher\":{\"@id\":\"https:\\\/\\\/ptich.si\\\/sl\\\/#organization\"},\"image\":{\"@id\":\"https:\\\/\\\/ptich.si\\\/sl\\\/globalna-mreza-feministicnih-tur\\\/#primaryimage\"},\"thumbnailUrl\":\"https:\\\/\\\/ptich.si\\\/wp-content\\\/uploads\\\/2020\\\/02\\\/mapamundi-feminista-3x2-inverted.jpg\",\"keywords\":[\"BLOG\",\"NOVICE\",\"SLOVENIJA\",\"URBANE TURE\",\"\u017dENSKE\"],\"articleSection\":[\"News-sl\",\"Uncategorized @sl\"],\"inLanguage\":\"sl-SI\"},{\"@type\":\"WebPage\",\"@id\":\"https:\\\/\\\/ptich.si\\\/sl\\\/globalna-mreza-feministicnih-tur\\\/\",\"url\":\"https:\\\/\\\/ptich.si\\\/sl\\\/globalna-mreza-feministicnih-tur\\\/\",\"name\":\"Vzpostavili smo Globalno mre\u017eo feministi\u010dnih tur od Argentine do Japonske\",\"isPartOf\":{\"@id\":\"https:\\\/\\\/ptich.si\\\/sl\\\/#website\"},\"primaryImageOfPage\":{\"@id\":\"https:\\\/\\\/ptich.si\\\/sl\\\/globalna-mreza-feministicnih-tur\\\/#primaryimage\"},\"image\":{\"@id\":\"https:\\\/\\\/ptich.si\\\/sl\\\/globalna-mreza-feministicnih-tur\\\/#primaryimage\"},\"thumbnailUrl\":\"https:\\\/\\\/ptich.si\\\/wp-content\\\/uploads\\\/2020\\\/02\\\/mapamundi-feminista-3x2-inverted.jpg\",\"datePublished\":\"2020-02-10T11:25:32+00:00\",\"dateModified\":\"2020-10-22T19:08:01+00:00\",\"description\":\"Zavod Urbana Vrana in ekipa Ljubljana Urban Tours je med soustanovitelji Globalne mre\u017ee feministi\u010dnih tur, ki se razteza od \u010cila do Tajske, vklju\u010duje pa ve\u010d kot dvajset kulturno-turisti\u010dnih vodi\u010dev in organizacij.\",\"breadcrumb\":{\"@id\":\"https:\\\/\\\/ptich.si\\\/sl\\\/globalna-mreza-feministicnih-tur\\\/#breadcrumb\"},\"inLanguage\":\"sl-SI\",\"potentialAction\":[{\"@type\":\"ReadAction\",\"target\":[\"https:\\\/\\\/ptich.si\\\/sl\\\/globalna-mreza-feministicnih-tur\\\/\"]}]},{\"@type\":\"ImageObject\",\"inLanguage\":\"sl-SI\",\"@id\":\"https:\\\/\\\/ptich.si\\\/sl\\\/globalna-mreza-feministicnih-tur\\\/#primaryimage\",\"url\":\"https:\\\/\\\/ptich.si\\\/wp-content\\\/uploads\\\/2020\\\/02\\\/mapamundi-feminista-3x2-inverted.jpg\",\"contentUrl\":\"https:\\\/\\\/ptich.si\\\/wp-content\\\/uploads\\\/2020\\\/02\\\/mapamundi-feminista-3x2-inverted.jpg\",\"width\":1090,\"height\":727},{\"@type\":\"BreadcrumbList\",\"@id\":\"https:\\\/\\\/ptich.si\\\/sl\\\/globalna-mreza-feministicnih-tur\\\/#breadcrumb\",\"itemListElement\":[{\"@type\":\"ListItem\",\"position\":1,\"name\":\"Home\",\"item\":\"https:\\\/\\\/ptich.si\\\/sl\\\/\"},{\"@type\":\"ListItem\",\"position\":2,\"name\":\"Vzpostavili smo Globalno mre\u017eo feministi\u010dnih tur od Argentine do Japonske\"}]},{\"@type\":\"WebSite\",\"@id\":\"https:\\\/\\\/ptich.si\\\/sl\\\/#website\",\"url\":\"https:\\\/\\\/ptich.si\\\/sl\\\/\",\"name\":\"Ptich\",\"description\":\"Glasbeni izleti & urbane ture | Ljubljana | Slovenija\",\"publisher\":{\"@id\":\"https:\\\/\\\/ptich.si\\\/sl\\\/#organization\"},\"potentialAction\":[{\"@type\":\"SearchAction\",\"target\":{\"@type\":\"EntryPoint\",\"urlTemplate\":\"https:\\\/\\\/ptich.si\\\/sl\\\/?s={search_term_string}\"},\"query-input\":{\"@type\":\"PropertyValueSpecification\",\"valueRequired\":true,\"valueName\":\"search_term_string\"}}],\"inLanguage\":\"sl-SI\"},{\"@type\":\"Organization\",\"@id\":\"https:\\\/\\\/ptich.si\\\/sl\\\/#organization\",\"name\":\"Ptich\",\"url\":\"https:\\\/\\\/ptich.si\\\/sl\\\/\",\"logo\":{\"@type\":\"ImageObject\",\"inLanguage\":\"sl-SI\",\"@id\":\"https:\\\/\\\/ptich.si\\\/sl\\\/#\\\/schema\\\/logo\\\/image\\\/\",\"url\":\"https:\\\/\\\/ptich.si\\\/wp-content\\\/uploads\\\/2020\\\/05\\\/ptich-logo-mali.png\",\"contentUrl\":\"https:\\\/\\\/ptich.si\\\/wp-content\\\/uploads\\\/2020\\\/05\\\/ptich-logo-mali.png\",\"width\":135,\"height\":40,\"caption\":\"Ptich\"},\"image\":{\"@id\":\"https:\\\/\\\/ptich.si\\\/sl\\\/#\\\/schema\\\/logo\\\/image\\\/\"},\"sameAs\":[\"https:\\\/\\\/www.facebook.com\\\/PtichSlovenia\\\/\"]},{\"@type\":\"Person\",\"@id\":\"https:\\\/\\\/ptich.si\\\/sl\\\/#\\\/schema\\\/person\\\/87f1654008fb02442dde62aa7c216b42\",\"name\":\"laganosportski\",\"image\":{\"@type\":\"ImageObject\",\"inLanguage\":\"sl-SI\",\"@id\":\"https:\\\/\\\/secure.gravatar.com\\\/avatar\\\/121c035730a9a139bd7a88b8fd9f2166d16a959771369011d043d6d01676ec61?s=96&d=mm&r=g\",\"url\":\"https:\\\/\\\/secure.gravatar.com\\\/avatar\\\/121c035730a9a139bd7a88b8fd9f2166d16a959771369011d043d6d01676ec61?s=96&d=mm&r=g\",\"contentUrl\":\"https:\\\/\\\/secure.gravatar.com\\\/avatar\\\/121c035730a9a139bd7a88b8fd9f2166d16a959771369011d043d6d01676ec61?s=96&d=mm&r=g\",\"caption\":\"laganosportski\"},\"url\":\"https:\\\/\\\/ptich.si\\\/sl\\\/author\\\/laganosportski\\\/\"}]}<\/script>\n<!-- \/ Yoast SEO plugin. -->","yoast_head_json":{"title":"Vzpostavili smo Globalno mre\u017eo feministi\u010dnih tur od Argentine do Japonske","description":"Zavod Urbana Vrana in ekipa Ljubljana Urban Tours je med soustanovitelji Globalne mre\u017ee feministi\u010dnih tur, ki se razteza od \u010cila do Tajske, vklju\u010duje pa ve\u010d kot dvajset kulturno-turisti\u010dnih vodi\u010dev in organizacij.","robots":{"index":"index","follow":"follow","max-snippet":"max-snippet:-1","max-image-preview":"max-image-preview:large","max-video-preview":"max-video-preview:-1"},"canonical":"https:\/\/ptich.si\/sl\/globalna-mreza-feministicnih-tur\/","og_locale":"sl_SI","og_type":"article","og_title":"Vzpostavili smo Globalno mre\u017eo feministi\u010dnih tur od Argentine do Japonske","og_description":"Zavod Urbana Vrana in ekipa Ljubljana Urban Tours je med soustanovitelji Globalne mre\u017ee feministi\u010dnih tur, ki se razteza od \u010cila do Tajske, vklju\u010duje pa ve\u010d kot dvajset kulturno-turisti\u010dnih vodi\u010dev in organizacij.","og_url":"https:\/\/ptich.si\/sl\/globalna-mreza-feministicnih-tur\/","og_site_name":"Ptich","article_publisher":"https:\/\/www.facebook.com\/PtichSlovenia\/","article_published_time":"2020-02-10T11:25:32+00:00","article_modified_time":"2020-10-22T19:08:01+00:00","og_image":[{"width":1090,"height":727,"url":"https:\/\/ptich.si\/wp-content\/uploads\/2020\/02\/mapamundi-feminista-3x2-inverted.jpg","type":"image\/jpeg"}],"author":"laganosportski","twitter_card":"summary_large_image","twitter_misc":{"Written by":"laganosportski","Est. reading time":"8 minut"},"schema":{"@context":"https:\/\/schema.org","@graph":[{"@type":"Article","@id":"https:\/\/ptich.si\/sl\/globalna-mreza-feministicnih-tur\/#article","isPartOf":{"@id":"https:\/\/ptich.si\/sl\/globalna-mreza-feministicnih-tur\/"},"author":{"name":"laganosportski","@id":"https:\/\/ptich.si\/sl\/#\/schema\/person\/87f1654008fb02442dde62aa7c216b42"},"headline":"Vzpostavili smo Globalno mre\u017eo feministi\u010dnih tur od Argentine do Japonske","datePublished":"2020-02-10T11:25:32+00:00","dateModified":"2020-10-22T19:08:01+00:00","mainEntityOfPage":{"@id":"https:\/\/ptich.si\/sl\/globalna-mreza-feministicnih-tur\/"},"wordCount":1675,"publisher":{"@id":"https:\/\/ptich.si\/sl\/#organization"},"image":{"@id":"https:\/\/ptich.si\/sl\/globalna-mreza-feministicnih-tur\/#primaryimage"},"thumbnailUrl":"https:\/\/ptich.si\/wp-content\/uploads\/2020\/02\/mapamundi-feminista-3x2-inverted.jpg","keywords":["BLOG","NOVICE","SLOVENIJA","URBANE TURE","\u017dENSKE"],"articleSection":["News-sl","Uncategorized @sl"],"inLanguage":"sl-SI"},{"@type":"WebPage","@id":"https:\/\/ptich.si\/sl\/globalna-mreza-feministicnih-tur\/","url":"https:\/\/ptich.si\/sl\/globalna-mreza-feministicnih-tur\/","name":"Vzpostavili smo Globalno mre\u017eo feministi\u010dnih tur od Argentine do Japonske","isPartOf":{"@id":"https:\/\/ptich.si\/sl\/#website"},"primaryImageOfPage":{"@id":"https:\/\/ptich.si\/sl\/globalna-mreza-feministicnih-tur\/#primaryimage"},"image":{"@id":"https:\/\/ptich.si\/sl\/globalna-mreza-feministicnih-tur\/#primaryimage"},"thumbnailUrl":"https:\/\/ptich.si\/wp-content\/uploads\/2020\/02\/mapamundi-feminista-3x2-inverted.jpg","datePublished":"2020-02-10T11:25:32+00:00","dateModified":"2020-10-22T19:08:01+00:00","description":"Zavod Urbana Vrana in ekipa Ljubljana Urban Tours je med soustanovitelji Globalne mre\u017ee feministi\u010dnih tur, ki se razteza od \u010cila do Tajske, vklju\u010duje pa ve\u010d kot dvajset kulturno-turisti\u010dnih vodi\u010dev in organizacij.","breadcrumb":{"@id":"https:\/\/ptich.si\/sl\/globalna-mreza-feministicnih-tur\/#breadcrumb"},"inLanguage":"sl-SI","potentialAction":[{"@type":"ReadAction","target":["https:\/\/ptich.si\/sl\/globalna-mreza-feministicnih-tur\/"]}]},{"@type":"ImageObject","inLanguage":"sl-SI","@id":"https:\/\/ptich.si\/sl\/globalna-mreza-feministicnih-tur\/#primaryimage","url":"https:\/\/ptich.si\/wp-content\/uploads\/2020\/02\/mapamundi-feminista-3x2-inverted.jpg","contentUrl":"https:\/\/ptich.si\/wp-content\/uploads\/2020\/02\/mapamundi-feminista-3x2-inverted.jpg","width":1090,"height":727},{"@type":"BreadcrumbList","@id":"https:\/\/ptich.si\/sl\/globalna-mreza-feministicnih-tur\/#breadcrumb","itemListElement":[{"@type":"ListItem","position":1,"name":"Home","item":"https:\/\/ptich.si\/sl\/"},{"@type":"ListItem","position":2,"name":"Vzpostavili smo Globalno mre\u017eo feministi\u010dnih tur od Argentine do Japonske"}]},{"@type":"WebSite","@id":"https:\/\/ptich.si\/sl\/#website","url":"https:\/\/ptich.si\/sl\/","name":"Ptich","description":"Glasbeni izleti & urbane ture | Ljubljana | Slovenija","publisher":{"@id":"https:\/\/ptich.si\/sl\/#organization"},"potentialAction":[{"@type":"SearchAction","target":{"@type":"EntryPoint","urlTemplate":"https:\/\/ptich.si\/sl\/?s={search_term_string}"},"query-input":{"@type":"PropertyValueSpecification","valueRequired":true,"valueName":"search_term_string"}}],"inLanguage":"sl-SI"},{"@type":"Organization","@id":"https:\/\/ptich.si\/sl\/#organization","name":"Ptich","url":"https:\/\/ptich.si\/sl\/","logo":{"@type":"ImageObject","inLanguage":"sl-SI","@id":"https:\/\/ptich.si\/sl\/#\/schema\/logo\/image\/","url":"https:\/\/ptich.si\/wp-content\/uploads\/2020\/05\/ptich-logo-mali.png","contentUrl":"https:\/\/ptich.si\/wp-content\/uploads\/2020\/05\/ptich-logo-mali.png","width":135,"height":40,"caption":"Ptich"},"image":{"@id":"https:\/\/ptich.si\/sl\/#\/schema\/logo\/image\/"},"sameAs":["https:\/\/www.facebook.com\/PtichSlovenia\/"]},{"@type":"Person","@id":"https:\/\/ptich.si\/sl\/#\/schema\/person\/87f1654008fb02442dde62aa7c216b42","name":"laganosportski","image":{"@type":"ImageObject","inLanguage":"sl-SI","@id":"https:\/\/secure.gravatar.com\/avatar\/121c035730a9a139bd7a88b8fd9f2166d16a959771369011d043d6d01676ec61?s=96&d=mm&r=g","url":"https:\/\/secure.gravatar.com\/avatar\/121c035730a9a139bd7a88b8fd9f2166d16a959771369011d043d6d01676ec61?s=96&d=mm&r=g","contentUrl":"https:\/\/secure.gravatar.com\/avatar\/121c035730a9a139bd7a88b8fd9f2166d16a959771369011d043d6d01676ec61?s=96&d=mm&r=g","caption":"laganosportski"},"url":"https:\/\/ptich.si\/sl\/author\/laganosportski\/"}]}},"jetpack_featured_media_url":"https:\/\/ptich.si\/wp-content\/uploads\/2020\/02\/mapamundi-feminista-3x2-inverted.jpg","_links":{"self":[{"href":"https:\/\/ptich.si\/sl\/wp-json\/wp\/v2\/posts\/8501","targetHints":{"allow":["GET"]}}],"collection":[{"href":"https:\/\/ptich.si\/sl\/wp-json\/wp\/v2\/posts"}],"about":[{"href":"https:\/\/ptich.si\/sl\/wp-json\/wp\/v2\/types\/post"}],"author":[{"embeddable":true,"href":"https:\/\/ptich.si\/sl\/wp-json\/wp\/v2\/users\/3"}],"replies":[{"embeddable":true,"href":"https:\/\/ptich.si\/sl\/wp-json\/wp\/v2\/comments?post=8501"}],"version-history":[{"count":5,"href":"https:\/\/ptich.si\/sl\/wp-json\/wp\/v2\/posts\/8501\/revisions"}],"predecessor-version":[{"id":8533,"href":"https:\/\/ptich.si\/sl\/wp-json\/wp\/v2\/posts\/8501\/revisions\/8533"}],"wp:featuredmedia":[{"embeddable":true,"href":"https:\/\/ptich.si\/sl\/wp-json\/wp\/v2\/media\/8509"}],"wp:attachment":[{"href":"https:\/\/ptich.si\/sl\/wp-json\/wp\/v2\/media?parent=8501"}],"wp:term":[{"taxonomy":"category","embeddable":true,"href":"https:\/\/ptich.si\/sl\/wp-json\/wp\/v2\/categories?post=8501"},{"taxonomy":"post_tag","embeddable":true,"href":"https:\/\/ptich.si\/sl\/wp-json\/wp\/v2\/tags?post=8501"}],"curies":[{"name":"wp","href":"https:\/\/api.w.org\/{rel}","templated":true}]}}