{"id":8534,"date":"2020-02-11T10:36:03","date_gmt":"2020-02-11T10:36:03","guid":{"rendered":"https:\/\/ptich.si\/?p=8534\/"},"modified":"2025-12-29T07:00:43","modified_gmt":"2025-12-29T07:00:43","slug":"misterij-zenske-literarne-ljubljane-dan-zena","status":"publish","type":"post","link":"https:\/\/ptich.si\/sl\/misterij-zenske-literarne-ljubljane-dan-zena\/","title":{"rendered":"Na Dan \u017eena razkrivamo Misterij \u017eenske literarne Ljubljane"},"content":{"rendered":"<div class=\"entry-content\">\n<div id=\"pl-2424\" class=\"panel-layout\">\n<div id=\"pg-2424-5\" class=\"panel-grid panel-no-style\">\n<div id=\"pgc-2424-5-0\" class=\"panel-grid-cell\">\n<div id=\"panel-2424-5-0-0\" class=\"so-panel widget widget_sow-editor panel-first-child panel-last-child\" data-index=\"8\">\n<div class=\"so-widget-sow-editor so-widget-sow-editor-base\">\n<div class=\"siteorigin-widget-tinymce textwidget\">\n<div id=\"main\" class=\"site-main\">\n<div class=\"full-container\">\n<div id=\"primary\" class=\"content-area\">\n<div id=\"content\" class=\"site-content\" role=\"main\">\n<article id=\"post-2411\" class=\"post post-2411 type-post status-publish format-standard has-post-thumbnail hentry category-uncategorized-sl\">\n<div class=\"entry-main\">\n<div class=\"entry-content\">\n<div id=\"pl-2411\" class=\"panel-layout\">\n<div id=\"pg-2411-1\" class=\"panel-grid panel-no-style\">\n<div id=\"pgc-2411-1-0\" class=\"panel-grid-cell\">\n<div id=\"panel-2411-1-0-0\" class=\"so-panel widget widget_sow-editor panel-first-child panel-last-child\" data-index=\"2\">\n<div class=\"so-widget-sow-editor so-widget-sow-editor-base\">\n<div class=\"siteorigin-widget-tinymce textwidget\">\n<div class=\"full-container\">\n<div id=\"primary\" class=\"content-area\">\n<div id=\"content\" class=\"site-content\" role=\"main\">\n<article id=\"post-2411\" class=\"post post-2411 type-post status-publish format-standard has-post-thumbnail hentry category-uncategorized-sl\">\n<div class=\"entry-main\">\n<div class=\"entry-content\">\n<div id=\"pl-2411\" class=\"panel-layout\">\n<div id=\"pg-2411-1\" class=\"panel-grid panel-no-style\">\n<div id=\"pgc-2411-1-0\" class=\"panel-grid-cell\">\n<div id=\"panel-2411-1-0-0\" class=\"so-panel widget widget_sow-editor panel-first-child panel-last-child\" data-index=\"2\">\n<div class=\"so-widget-sow-editor so-widget-sow-editor-base\">\n<p class=\"siteorigin-widget-tinymce textwidget\">Na Dan \u017eena, mednarodni praznik \u017eensk, ekipa zavoda Urbana Vrana pripravlja prvo turo, posve\u010deno \u017eenskam v knji\u017eevni umetnosti, poimenovano Misterij \u017eenske literarne Ljubljane. Ime kajpak namiguje in se referira na znano delo Zofke Kveder, tako da je jasno, da se tura zgodovini nikakor ne izogiba. Kar pa \u0161e ne pomeni, da se sedanjosti ne bo s ponosom priklonila.<\/p>\n<p>Morda veste, da so prve zapisovalke besed nosile rute? Vam je znano, katera ustvarjalka si je pri petnajstih letih sama se\u0161ila pesemski zvez\u010di\u010d? Katere piske so bile preve\u010d kratko postri\u017eene za prevladujo\u010do moralo? Katere od na\u0161ih avtoric preu\u010dujejo in o njih pou\u010dujejo na tujih univerzah? Bi si \u017eeleli pisati brez velikih za\u010detnic in lo\u010dil in vseeno pobirati nagrade? Seveda, a ena oseba vas je \u017ee prehitela. Bi raje ustanavljali gledali\u0161\u010da vsevprek? Tudi tak\u0161no slovenska literarna zgodovina pozna. Pa kultno avtorico krimi\u010dev tudi imamo. In prostovoljko, ki je skoraj \u0161tirideset let prebadala liste, da bi drugi lahko brali, prav tako.<\/p>\n<p>To so le nekatere od \u0161tevilnih skrivnostnih zgodb, ki jih razkrivamo na sprehodu po preteklosti in sedanjosti \u017eensk, prisotnih v literarni zgodovini Ljubljane. Malce \u010dez \u010drto in malce tudi pod njo.<\/p>\n<p>Zakaj \u017eenska literarna tura? Zato, ker jo potrebujemo! Vsi vemo, da je v Ljubljani z\u030civelo in pisalo veliko avtoric. V tem lepem mestu so delale, ustvarjale, se zabavale, zbolevale, se borile in umirale. A \u010deprav so jo zaznamovale s svojo prisotnostjo in umetnostjo, je za njihovimi z\u030civljenji ostalo relativno malo obelez\u030cij. Ozrite se naokoli. Ni veliko ulic v sredis\u030cc\u030cu Ljubljane, ki se imenujejo po avtoricah. Prav tako ne mrgoli spomenikov, ki spomnijo nanje. V sodelovanju z Ljubljano, Unescovim mestom literature, in Festivalom Fabula, zato organiziramo prvo turo po poteh avtoric v Ljubljani, ki bo posku\u0161ala nekoliko popraviti to krivico.<\/p>\n<p>Gre za sprehod, ki bo potekal na Dan \u017eena, 8. marca 2020 med 14.30 in 16.30. Odprt je za vse, ki vam je literarno ustvarjanje blizu. Dr\u017eimo pesti, da bo vreme lepo. Dobimo se na Bregu 12 ob Ljubljanici oziroma pri osmomarc\u030cevski knjiz\u030cni stojnici Fabule in Ljubljane, Unescovega mesta literature, kjer boste lahko kupili tudi knjige \u017eenskih avtoric. Zaklju\u010dili bomo pri Mestni hi\u0161i. Pozor, tura bo potekala v slovenskem jeziku.<\/p>\n<p>Vstopnina za Misterij \u017eenske literarne Ljubljane so prostovoljni prispevki, a je prijava obvezna, zato prosimo, da izpolnite prijavni obrazec na dnu strani. \u010ce se ture ne morete udele\u017eiti, nam to \u010dim prej sporo\u010dite, da sprostimo mesto naslednji osebi na \u010dakalni listi.<\/p>\n<p>&nbsp;<\/p>\n<\/div>\n<\/div>\n<\/div>\n<\/div>\n<\/div>\n<\/div>\n<\/div>\n<\/article>\n<\/div>\n<\/div>\n<\/div>\n<div class=\"full-container\">\n<div id=\"primary\" class=\"content-area\">\n<div id=\"content\" class=\"site-content\" role=\"main\">\n<article id=\"post-2411\" class=\"post post-2411 type-post status-publish format-standard has-post-thumbnail hentry category-uncategorized-sl\">\n<div class=\"entry-main\">\n<div class=\"entry-content\">\n<div id=\"pl-2411\" class=\"panel-layout\">\n<div id=\"pg-2411-1\" class=\"panel-grid panel-no-style\">\n<div id=\"pgc-2411-1-0\" class=\"panel-grid-cell\">\n<div id=\"panel-2411-1-0-0\" class=\"so-panel widget widget_sow-editor panel-first-child panel-last-child\" data-index=\"2\">\n<div class=\"full-container\">\n<div id=\"primary\" class=\"content-area\">\n<div id=\"content\" class=\"site-content\" role=\"main\">\n<article id=\"post-2411\" class=\"post post-2411 type-post status-publish format-standard has-post-thumbnail hentry category-uncategorized-sl\">\n<div class=\"entry-main\">\n<p><strong>OSNOVNE INFORMACIJE<\/strong><\/p>\n<div class=\"entry-content\">\n<div id=\"pl-2411\" class=\"panel-layout\">\n<div id=\"pg-2411-1\" class=\"panel-grid panel-no-style\">\n<div id=\"pgc-2411-1-0\" class=\"panel-grid-cell\">\n<p>Kdaj: v nedeljo 8. marca 2020 med 14.30 in 16.30<\/p>\n<p>Zbirno mesto: Breg 12 (pri osmomarc\u030cevski knjiz\u030cni stojnici Fabule in Ljubljane, Unescovega mesta literature)<\/p>\n<div id=\"panel-2411-1-0-0\" class=\"so-panel widget widget_sow-editor panel-first-child panel-last-child\" data-index=\"2\">\n<p>Zaklju\u010dek: pred Mestno hi\u0161o<\/p>\n<p>Jezik: sloven\u0161\u010dina<\/p>\n<p>Organizacija: Urbana Vrana, Ljubljana, Unescovo mesto literature, in Festival Fabula.\u00a0Program je del nastajajo\u010de poti Women Writers Route.<\/p>\n<p>Vreme: turo izvedemo v vsakem vremenu<\/p>\n<p>Naslovna fotografija: Katja Goljat<\/p>\n<p>Cena: prostovoljni prispevki (obvezna prijava)<\/p>\n<\/div>\n<\/div>\n<\/div>\n<\/div>\n<\/div>\n<\/div>\n<\/article>\n<\/div>\n<\/div>\n<\/div>\n<\/div>\n<\/div>\n<\/div>\n<\/div>\n<\/div>\n<\/div>\n<\/article>\n<\/div>\n<\/div>\n<\/div>\n<\/div>\n<\/div>\n<\/div>\n<\/div>\n<\/div>\n<\/div>\n<\/div>\n<\/div>\n<\/article>\n<\/div>\n<\/div>\n<\/div>\n<\/div>\n<\/div>\n<\/div>\n<\/div>\n<\/div>\n<\/div>\n<\/div>\n<\/div>\n","protected":false},"excerpt":{"rendered":"<p>Na Dan \u017eena, mednarodni praznik \u017eensk, ekipa zavoda Urbana Vrana pripravlja prvo turo, posve\u010deno \u017eenskam v knji\u017eevni umetnosti, poimenovano Misterij \u017eenske literarne Ljubljane. Ime kajpak namiguje in se referira na znano delo Zofke Kveder, tako da je jasno, da se tura zgodovini nikakor ne izogiba. Kar pa \u0161e ne pomeni, da se sedanjosti ne bo [&hellip;]<\/p>\n","protected":false},"author":3,"featured_media":8562,"comment_status":"closed","ping_status":"open","sticky":false,"template":"","format":"standard","meta":{"_monsterinsights_skip_tracking":false,"_monsterinsights_sitenote_active":false,"_monsterinsights_sitenote_note":"","_monsterinsights_sitenote_category":0,"footnotes":""},"categories":[61,54],"tags":[117,89,101,95],"class_list":["post-8534","post","type-post","status-publish","format-standard","has-post-thumbnail","hentry","category-news-sl","category-uncategorized-sl","tag-knjizevnost","tag-novice","tag-urbane-ture","tag-zenske"],"yoast_head":"<!-- This site is optimized with the Yoast SEO plugin v27.4 - https:\/\/yoast.com\/product\/yoast-seo-wordpress\/ -->\n<title>Na Dan \u017eena razkrivamo Misterij \u017eenske literarne Ljubljane<\/title>\n<meta name=\"description\" content=\"Zavod Urbana Vrana in ekipa Ljubljana Urban Tours za vas pripravljata novo imenitno ljubljansko turo; tokrat gre za ogled Ljubljane skozi perspektivo pisateljic, pesnic in drugih \u017eenskih avtoric. Gre za prvo tak\u0161no literarno turo pri nas. Dobimo se na Bregu 12.\" \/>\n<meta name=\"robots\" content=\"index, follow, max-snippet:-1, max-image-preview:large, max-video-preview:-1\" \/>\n<link rel=\"canonical\" href=\"https:\/\/ptich.si\/sl\/misterij-zenske-literarne-ljubljane-dan-zena\/\" \/>\n<meta property=\"og:locale\" content=\"sl_SI\" \/>\n<meta property=\"og:type\" content=\"article\" \/>\n<meta property=\"og:title\" content=\"Na Dan \u017eena razkrivamo Misterij \u017eenske literarne Ljubljane\" \/>\n<meta property=\"og:description\" content=\"Zavod Urbana Vrana in ekipa Ljubljana Urban Tours za vas pripravljata novo imenitno ljubljansko turo; tokrat gre za ogled Ljubljane skozi perspektivo pisateljic, pesnic in drugih \u017eenskih avtoric. Gre za prvo tak\u0161no literarno turo pri nas. Dobimo se na Bregu 12.\" \/>\n<meta property=\"og:url\" content=\"https:\/\/ptich.si\/sl\/misterij-zenske-literarne-ljubljane-dan-zena\/\" \/>\n<meta property=\"og:site_name\" content=\"Ptich\" \/>\n<meta property=\"article:publisher\" content=\"https:\/\/www.facebook.com\/PtichSlovenia\/\" \/>\n<meta property=\"article:published_time\" content=\"2020-02-11T10:36:03+00:00\" \/>\n<meta property=\"article:modified_time\" content=\"2025-12-29T07:00:43+00:00\" \/>\n<meta property=\"og:image\" content=\"https:\/\/ptich.si\/wp-content\/uploads\/2020\/02\/Fotka-z-logotom-znak-Ljubljana-mesto-literature.jpg\" \/>\n\t<meta property=\"og:image:width\" content=\"1198\" \/>\n\t<meta property=\"og:image:height\" content=\"800\" \/>\n\t<meta property=\"og:image:type\" content=\"image\/jpeg\" \/>\n<meta name=\"author\" content=\"laganosportski\" \/>\n<meta name=\"twitter:card\" content=\"summary_large_image\" \/>\n<meta name=\"twitter:label1\" content=\"Written by\" \/>\n\t<meta name=\"twitter:data1\" content=\"laganosportski\" \/>\n\t<meta name=\"twitter:label2\" content=\"Est. reading time\" \/>\n\t<meta name=\"twitter:data2\" content=\"2 minuti\" \/>\n<script type=\"application\/ld+json\" class=\"yoast-schema-graph\">{\"@context\":\"https:\\\/\\\/schema.org\",\"@graph\":[{\"@type\":\"Article\",\"@id\":\"https:\\\/\\\/ptich.si\\\/sl\\\/misterij-zenske-literarne-ljubljane-dan-zena\\\/#article\",\"isPartOf\":{\"@id\":\"https:\\\/\\\/ptich.si\\\/sl\\\/misterij-zenske-literarne-ljubljane-dan-zena\\\/\"},\"author\":{\"name\":\"laganosportski\",\"@id\":\"https:\\\/\\\/ptich.si\\\/sl\\\/#\\\/schema\\\/person\\\/87f1654008fb02442dde62aa7c216b42\"},\"headline\":\"Na Dan \u017eena razkrivamo Misterij \u017eenske literarne Ljubljane\",\"datePublished\":\"2020-02-11T10:36:03+00:00\",\"dateModified\":\"2025-12-29T07:00:43+00:00\",\"mainEntityOfPage\":{\"@id\":\"https:\\\/\\\/ptich.si\\\/sl\\\/misterij-zenske-literarne-ljubljane-dan-zena\\\/\"},\"wordCount\":495,\"publisher\":{\"@id\":\"https:\\\/\\\/ptich.si\\\/sl\\\/#organization\"},\"image\":{\"@id\":\"https:\\\/\\\/ptich.si\\\/sl\\\/misterij-zenske-literarne-ljubljane-dan-zena\\\/#primaryimage\"},\"thumbnailUrl\":\"https:\\\/\\\/ptich.si\\\/wp-content\\\/uploads\\\/2020\\\/02\\\/Fotka-z-logotom-znak-Ljubljana-mesto-literature.jpg\",\"keywords\":[\"KNJI\u017dEVNOST\",\"NOVICE\",\"URBANE TURE\",\"\u017dENSKE\"],\"articleSection\":[\"News-sl\",\"Uncategorized @sl\"],\"inLanguage\":\"sl-SI\"},{\"@type\":\"WebPage\",\"@id\":\"https:\\\/\\\/ptich.si\\\/sl\\\/misterij-zenske-literarne-ljubljane-dan-zena\\\/\",\"url\":\"https:\\\/\\\/ptich.si\\\/sl\\\/misterij-zenske-literarne-ljubljane-dan-zena\\\/\",\"name\":\"Na Dan \u017eena razkrivamo Misterij \u017eenske literarne Ljubljane\",\"isPartOf\":{\"@id\":\"https:\\\/\\\/ptich.si\\\/sl\\\/#website\"},\"primaryImageOfPage\":{\"@id\":\"https:\\\/\\\/ptich.si\\\/sl\\\/misterij-zenske-literarne-ljubljane-dan-zena\\\/#primaryimage\"},\"image\":{\"@id\":\"https:\\\/\\\/ptich.si\\\/sl\\\/misterij-zenske-literarne-ljubljane-dan-zena\\\/#primaryimage\"},\"thumbnailUrl\":\"https:\\\/\\\/ptich.si\\\/wp-content\\\/uploads\\\/2020\\\/02\\\/Fotka-z-logotom-znak-Ljubljana-mesto-literature.jpg\",\"datePublished\":\"2020-02-11T10:36:03+00:00\",\"dateModified\":\"2025-12-29T07:00:43+00:00\",\"description\":\"Zavod Urbana Vrana in ekipa Ljubljana Urban Tours za vas pripravljata novo imenitno ljubljansko turo; tokrat gre za ogled Ljubljane skozi perspektivo pisateljic, pesnic in drugih \u017eenskih avtoric. Gre za prvo tak\u0161no literarno turo pri nas. Dobimo se na Bregu 12.\",\"breadcrumb\":{\"@id\":\"https:\\\/\\\/ptich.si\\\/sl\\\/misterij-zenske-literarne-ljubljane-dan-zena\\\/#breadcrumb\"},\"inLanguage\":\"sl-SI\",\"potentialAction\":[{\"@type\":\"ReadAction\",\"target\":[\"https:\\\/\\\/ptich.si\\\/sl\\\/misterij-zenske-literarne-ljubljane-dan-zena\\\/\"]}]},{\"@type\":\"ImageObject\",\"inLanguage\":\"sl-SI\",\"@id\":\"https:\\\/\\\/ptich.si\\\/sl\\\/misterij-zenske-literarne-ljubljane-dan-zena\\\/#primaryimage\",\"url\":\"https:\\\/\\\/ptich.si\\\/wp-content\\\/uploads\\\/2020\\\/02\\\/Fotka-z-logotom-znak-Ljubljana-mesto-literature.jpg\",\"contentUrl\":\"https:\\\/\\\/ptich.si\\\/wp-content\\\/uploads\\\/2020\\\/02\\\/Fotka-z-logotom-znak-Ljubljana-mesto-literature.jpg\",\"width\":1198,\"height\":800},{\"@type\":\"BreadcrumbList\",\"@id\":\"https:\\\/\\\/ptich.si\\\/sl\\\/misterij-zenske-literarne-ljubljane-dan-zena\\\/#breadcrumb\",\"itemListElement\":[{\"@type\":\"ListItem\",\"position\":1,\"name\":\"Home\",\"item\":\"https:\\\/\\\/ptich.si\\\/sl\\\/\"},{\"@type\":\"ListItem\",\"position\":2,\"name\":\"Na Dan \u017eena razkrivamo Misterij \u017eenske literarne Ljubljane\"}]},{\"@type\":\"WebSite\",\"@id\":\"https:\\\/\\\/ptich.si\\\/sl\\\/#website\",\"url\":\"https:\\\/\\\/ptich.si\\\/sl\\\/\",\"name\":\"Ptich\",\"description\":\"Glasbeni izleti & urbane ture | Ljubljana | Slovenija\",\"publisher\":{\"@id\":\"https:\\\/\\\/ptich.si\\\/sl\\\/#organization\"},\"potentialAction\":[{\"@type\":\"SearchAction\",\"target\":{\"@type\":\"EntryPoint\",\"urlTemplate\":\"https:\\\/\\\/ptich.si\\\/sl\\\/?s={search_term_string}\"},\"query-input\":{\"@type\":\"PropertyValueSpecification\",\"valueRequired\":true,\"valueName\":\"search_term_string\"}}],\"inLanguage\":\"sl-SI\"},{\"@type\":\"Organization\",\"@id\":\"https:\\\/\\\/ptich.si\\\/sl\\\/#organization\",\"name\":\"Ptich\",\"url\":\"https:\\\/\\\/ptich.si\\\/sl\\\/\",\"logo\":{\"@type\":\"ImageObject\",\"inLanguage\":\"sl-SI\",\"@id\":\"https:\\\/\\\/ptich.si\\\/sl\\\/#\\\/schema\\\/logo\\\/image\\\/\",\"url\":\"https:\\\/\\\/ptich.si\\\/wp-content\\\/uploads\\\/2020\\\/05\\\/ptich-logo-mali.png\",\"contentUrl\":\"https:\\\/\\\/ptich.si\\\/wp-content\\\/uploads\\\/2020\\\/05\\\/ptich-logo-mali.png\",\"width\":135,\"height\":40,\"caption\":\"Ptich\"},\"image\":{\"@id\":\"https:\\\/\\\/ptich.si\\\/sl\\\/#\\\/schema\\\/logo\\\/image\\\/\"},\"sameAs\":[\"https:\\\/\\\/www.facebook.com\\\/PtichSlovenia\\\/\"]},{\"@type\":\"Person\",\"@id\":\"https:\\\/\\\/ptich.si\\\/sl\\\/#\\\/schema\\\/person\\\/87f1654008fb02442dde62aa7c216b42\",\"name\":\"laganosportski\",\"image\":{\"@type\":\"ImageObject\",\"inLanguage\":\"sl-SI\",\"@id\":\"https:\\\/\\\/secure.gravatar.com\\\/avatar\\\/121c035730a9a139bd7a88b8fd9f2166d16a959771369011d043d6d01676ec61?s=96&d=mm&r=g\",\"url\":\"https:\\\/\\\/secure.gravatar.com\\\/avatar\\\/121c035730a9a139bd7a88b8fd9f2166d16a959771369011d043d6d01676ec61?s=96&d=mm&r=g\",\"contentUrl\":\"https:\\\/\\\/secure.gravatar.com\\\/avatar\\\/121c035730a9a139bd7a88b8fd9f2166d16a959771369011d043d6d01676ec61?s=96&d=mm&r=g\",\"caption\":\"laganosportski\"},\"url\":\"https:\\\/\\\/ptich.si\\\/sl\\\/author\\\/laganosportski\\\/\"}]}<\/script>\n<!-- \/ Yoast SEO plugin. -->","yoast_head_json":{"title":"Na Dan \u017eena razkrivamo Misterij \u017eenske literarne Ljubljane","description":"Zavod Urbana Vrana in ekipa Ljubljana Urban Tours za vas pripravljata novo imenitno ljubljansko turo; tokrat gre za ogled Ljubljane skozi perspektivo pisateljic, pesnic in drugih \u017eenskih avtoric. Gre za prvo tak\u0161no literarno turo pri nas. Dobimo se na Bregu 12.","robots":{"index":"index","follow":"follow","max-snippet":"max-snippet:-1","max-image-preview":"max-image-preview:large","max-video-preview":"max-video-preview:-1"},"canonical":"https:\/\/ptich.si\/sl\/misterij-zenske-literarne-ljubljane-dan-zena\/","og_locale":"sl_SI","og_type":"article","og_title":"Na Dan \u017eena razkrivamo Misterij \u017eenske literarne Ljubljane","og_description":"Zavod Urbana Vrana in ekipa Ljubljana Urban Tours za vas pripravljata novo imenitno ljubljansko turo; tokrat gre za ogled Ljubljane skozi perspektivo pisateljic, pesnic in drugih \u017eenskih avtoric. Gre za prvo tak\u0161no literarno turo pri nas. Dobimo se na Bregu 12.","og_url":"https:\/\/ptich.si\/sl\/misterij-zenske-literarne-ljubljane-dan-zena\/","og_site_name":"Ptich","article_publisher":"https:\/\/www.facebook.com\/PtichSlovenia\/","article_published_time":"2020-02-11T10:36:03+00:00","article_modified_time":"2025-12-29T07:00:43+00:00","og_image":[{"width":1198,"height":800,"url":"https:\/\/ptich.si\/wp-content\/uploads\/2020\/02\/Fotka-z-logotom-znak-Ljubljana-mesto-literature.jpg","type":"image\/jpeg"}],"author":"laganosportski","twitter_card":"summary_large_image","twitter_misc":{"Written by":"laganosportski","Est. reading time":"2 minuti"},"schema":{"@context":"https:\/\/schema.org","@graph":[{"@type":"Article","@id":"https:\/\/ptich.si\/sl\/misterij-zenske-literarne-ljubljane-dan-zena\/#article","isPartOf":{"@id":"https:\/\/ptich.si\/sl\/misterij-zenske-literarne-ljubljane-dan-zena\/"},"author":{"name":"laganosportski","@id":"https:\/\/ptich.si\/sl\/#\/schema\/person\/87f1654008fb02442dde62aa7c216b42"},"headline":"Na Dan \u017eena razkrivamo Misterij \u017eenske literarne Ljubljane","datePublished":"2020-02-11T10:36:03+00:00","dateModified":"2025-12-29T07:00:43+00:00","mainEntityOfPage":{"@id":"https:\/\/ptich.si\/sl\/misterij-zenske-literarne-ljubljane-dan-zena\/"},"wordCount":495,"publisher":{"@id":"https:\/\/ptich.si\/sl\/#organization"},"image":{"@id":"https:\/\/ptich.si\/sl\/misterij-zenske-literarne-ljubljane-dan-zena\/#primaryimage"},"thumbnailUrl":"https:\/\/ptich.si\/wp-content\/uploads\/2020\/02\/Fotka-z-logotom-znak-Ljubljana-mesto-literature.jpg","keywords":["KNJI\u017dEVNOST","NOVICE","URBANE TURE","\u017dENSKE"],"articleSection":["News-sl","Uncategorized @sl"],"inLanguage":"sl-SI"},{"@type":"WebPage","@id":"https:\/\/ptich.si\/sl\/misterij-zenske-literarne-ljubljane-dan-zena\/","url":"https:\/\/ptich.si\/sl\/misterij-zenske-literarne-ljubljane-dan-zena\/","name":"Na Dan \u017eena razkrivamo Misterij \u017eenske literarne Ljubljane","isPartOf":{"@id":"https:\/\/ptich.si\/sl\/#website"},"primaryImageOfPage":{"@id":"https:\/\/ptich.si\/sl\/misterij-zenske-literarne-ljubljane-dan-zena\/#primaryimage"},"image":{"@id":"https:\/\/ptich.si\/sl\/misterij-zenske-literarne-ljubljane-dan-zena\/#primaryimage"},"thumbnailUrl":"https:\/\/ptich.si\/wp-content\/uploads\/2020\/02\/Fotka-z-logotom-znak-Ljubljana-mesto-literature.jpg","datePublished":"2020-02-11T10:36:03+00:00","dateModified":"2025-12-29T07:00:43+00:00","description":"Zavod Urbana Vrana in ekipa Ljubljana Urban Tours za vas pripravljata novo imenitno ljubljansko turo; tokrat gre za ogled Ljubljane skozi perspektivo pisateljic, pesnic in drugih \u017eenskih avtoric. Gre za prvo tak\u0161no literarno turo pri nas. Dobimo se na Bregu 12.","breadcrumb":{"@id":"https:\/\/ptich.si\/sl\/misterij-zenske-literarne-ljubljane-dan-zena\/#breadcrumb"},"inLanguage":"sl-SI","potentialAction":[{"@type":"ReadAction","target":["https:\/\/ptich.si\/sl\/misterij-zenske-literarne-ljubljane-dan-zena\/"]}]},{"@type":"ImageObject","inLanguage":"sl-SI","@id":"https:\/\/ptich.si\/sl\/misterij-zenske-literarne-ljubljane-dan-zena\/#primaryimage","url":"https:\/\/ptich.si\/wp-content\/uploads\/2020\/02\/Fotka-z-logotom-znak-Ljubljana-mesto-literature.jpg","contentUrl":"https:\/\/ptich.si\/wp-content\/uploads\/2020\/02\/Fotka-z-logotom-znak-Ljubljana-mesto-literature.jpg","width":1198,"height":800},{"@type":"BreadcrumbList","@id":"https:\/\/ptich.si\/sl\/misterij-zenske-literarne-ljubljane-dan-zena\/#breadcrumb","itemListElement":[{"@type":"ListItem","position":1,"name":"Home","item":"https:\/\/ptich.si\/sl\/"},{"@type":"ListItem","position":2,"name":"Na Dan \u017eena razkrivamo Misterij \u017eenske literarne Ljubljane"}]},{"@type":"WebSite","@id":"https:\/\/ptich.si\/sl\/#website","url":"https:\/\/ptich.si\/sl\/","name":"Ptich","description":"Glasbeni izleti & urbane ture | Ljubljana | Slovenija","publisher":{"@id":"https:\/\/ptich.si\/sl\/#organization"},"potentialAction":[{"@type":"SearchAction","target":{"@type":"EntryPoint","urlTemplate":"https:\/\/ptich.si\/sl\/?s={search_term_string}"},"query-input":{"@type":"PropertyValueSpecification","valueRequired":true,"valueName":"search_term_string"}}],"inLanguage":"sl-SI"},{"@type":"Organization","@id":"https:\/\/ptich.si\/sl\/#organization","name":"Ptich","url":"https:\/\/ptich.si\/sl\/","logo":{"@type":"ImageObject","inLanguage":"sl-SI","@id":"https:\/\/ptich.si\/sl\/#\/schema\/logo\/image\/","url":"https:\/\/ptich.si\/wp-content\/uploads\/2020\/05\/ptich-logo-mali.png","contentUrl":"https:\/\/ptich.si\/wp-content\/uploads\/2020\/05\/ptich-logo-mali.png","width":135,"height":40,"caption":"Ptich"},"image":{"@id":"https:\/\/ptich.si\/sl\/#\/schema\/logo\/image\/"},"sameAs":["https:\/\/www.facebook.com\/PtichSlovenia\/"]},{"@type":"Person","@id":"https:\/\/ptich.si\/sl\/#\/schema\/person\/87f1654008fb02442dde62aa7c216b42","name":"laganosportski","image":{"@type":"ImageObject","inLanguage":"sl-SI","@id":"https:\/\/secure.gravatar.com\/avatar\/121c035730a9a139bd7a88b8fd9f2166d16a959771369011d043d6d01676ec61?s=96&d=mm&r=g","url":"https:\/\/secure.gravatar.com\/avatar\/121c035730a9a139bd7a88b8fd9f2166d16a959771369011d043d6d01676ec61?s=96&d=mm&r=g","contentUrl":"https:\/\/secure.gravatar.com\/avatar\/121c035730a9a139bd7a88b8fd9f2166d16a959771369011d043d6d01676ec61?s=96&d=mm&r=g","caption":"laganosportski"},"url":"https:\/\/ptich.si\/sl\/author\/laganosportski\/"}]}},"jetpack_featured_media_url":"https:\/\/ptich.si\/wp-content\/uploads\/2020\/02\/Fotka-z-logotom-znak-Ljubljana-mesto-literature.jpg","_links":{"self":[{"href":"https:\/\/ptich.si\/sl\/wp-json\/wp\/v2\/posts\/8534","targetHints":{"allow":["GET"]}}],"collection":[{"href":"https:\/\/ptich.si\/sl\/wp-json\/wp\/v2\/posts"}],"about":[{"href":"https:\/\/ptich.si\/sl\/wp-json\/wp\/v2\/types\/post"}],"author":[{"embeddable":true,"href":"https:\/\/ptich.si\/sl\/wp-json\/wp\/v2\/users\/3"}],"replies":[{"embeddable":true,"href":"https:\/\/ptich.si\/sl\/wp-json\/wp\/v2\/comments?post=8534"}],"version-history":[{"count":5,"href":"https:\/\/ptich.si\/sl\/wp-json\/wp\/v2\/posts\/8534\/revisions"}],"predecessor-version":[{"id":12864,"href":"https:\/\/ptich.si\/sl\/wp-json\/wp\/v2\/posts\/8534\/revisions\/12864"}],"wp:featuredmedia":[{"embeddable":true,"href":"https:\/\/ptich.si\/sl\/wp-json\/wp\/v2\/media\/8562"}],"wp:attachment":[{"href":"https:\/\/ptich.si\/sl\/wp-json\/wp\/v2\/media?parent=8534"}],"wp:term":[{"taxonomy":"category","embeddable":true,"href":"https:\/\/ptich.si\/sl\/wp-json\/wp\/v2\/categories?post=8534"},{"taxonomy":"post_tag","embeddable":true,"href":"https:\/\/ptich.si\/sl\/wp-json\/wp\/v2\/tags?post=8534"}],"curies":[{"name":"wp","href":"https:\/\/api.w.org\/{rel}","templated":true}]}}