{"id":8854,"date":"2020-03-09T15:11:04","date_gmt":"2020-03-09T15:11:04","guid":{"rendered":"https:\/\/ptich.si\/?p=8854\/"},"modified":"2020-10-22T18:27:56","modified_gmt":"2020-10-22T18:27:56","slug":"misterij-zenske-literarne-ljubljane-marec","status":"publish","type":"post","link":"https:\/\/ptich.si\/sl\/misterij-zenske-literarne-ljubljane-marec\/","title":{"rendered":"\u017denska literarna tura bo na sporedu tudi v marcu in aprilu"},"content":{"rendered":"<div class=\"entry-content\">\n<div id=\"pl-2424\" class=\"panel-layout\">\n<div id=\"pg-2424-5\" class=\"panel-grid panel-no-style\">\n<div id=\"pgc-2424-5-0\" class=\"panel-grid-cell\">\n<div id=\"panel-2424-5-0-0\" class=\"so-panel widget widget_sow-editor panel-first-child panel-last-child\" data-index=\"8\">\n<div class=\"so-widget-sow-editor so-widget-sow-editor-base\">\n<div class=\"siteorigin-widget-tinymce textwidget\">\n<div id=\"main\" class=\"site-main\">\n<div class=\"full-container\">\n<div id=\"primary\" class=\"content-area\">\n<div id=\"content\" class=\"site-content\" role=\"main\">\n<article id=\"post-2411\" class=\"post post-2411 type-post status-publish format-standard has-post-thumbnail hentry category-uncategorized-sl\">\n<div class=\"entry-main\">\n<div class=\"entry-content\">\n<div id=\"pl-2411\" class=\"panel-layout\">\n<div id=\"pg-2411-1\" class=\"panel-grid panel-no-style\">\n<div id=\"pgc-2411-1-0\" class=\"panel-grid-cell\">\n<div id=\"panel-2411-1-0-0\" class=\"so-panel widget widget_sow-editor panel-first-child panel-last-child\" data-index=\"2\">\n<div class=\"so-widget-sow-editor so-widget-sow-editor-base\">\n<div class=\"siteorigin-widget-tinymce textwidget\">\n<div class=\"full-container\">\n<div id=\"primary\" class=\"content-area\">\n<div id=\"content\" class=\"site-content\" role=\"main\">\n<article id=\"post-2411\" class=\"post post-2411 type-post status-publish format-standard has-post-thumbnail hentry category-uncategorized-sl\">\n<div class=\"entry-main\">\n<div class=\"entry-content\">\n<div id=\"pl-2411\" class=\"panel-layout\">\n<div id=\"pg-2411-1\" class=\"panel-grid panel-no-style\">\n<div id=\"pgc-2411-1-0\" class=\"panel-grid-cell\">\n<div id=\"panel-2411-1-0-0\" class=\"so-panel widget widget_sow-editor panel-first-child panel-last-child\" data-index=\"2\">\n<div class=\"so-widget-sow-editor so-widget-sow-editor-base\">\n<p class=\"siteorigin-widget-tinymce textwidget\">Ekipa zavoda Urbana Vrana ob podpori pisarne Ljubljana, Unescovo mesto literature, pripravlja \u0161e \u0161tiri brezpla\u010dne kulturno-turisti\u010dne ture, posve\u010dene \u017eenskam v knji\u017eevni umetnosti, ki smo jih poimenovali Misterij \u017eenske literarne Ljubljane. Kot Unescovo mesto literature Ljubljana torej tudi na ta na\u010din izpolnjuje eno od svojih klju\u010dnih zavez na kulturnem podro\u010dju &#8211; \u0161iriti in promovirati vrhunsko doma\u010do literaturo in bralno kulturo ter olaj\u0161ati dostop raznolikim javnostim do knji\u017eevnega ustvarjanja.<\/p>\n<p>Zakaj \u017eenska literarna tura? Zato, ker jo potrebujemo! Vsi vemo, da je v Ljubljani z\u030civelo in pisalo veliko avtoric. V tem lepem mestu so delale, ustvarjale, se zabavale, zbolevale, se borile in umirale. A \u010deprav so jo zaznamovale s svojo prisotnostjo in umetnostjo, je za njihovimi z\u030civljenji ostalo relativno malo obelez\u030cij. Ozrite se naokoli. Ni veliko ulic v sredis\u030cc\u030cu Ljubljane, ki se imenujejo po avtoricah. Prav tako ne mrgoli spomenikov, ki spomnijo nanje. To krivico posku\u0161amo nekoliko popraviti s to turo! Njen naziv\u00a0kajpak pome\u017eikne znamenitemu delu Zofke Kveder Misterij \u017eene, kar pa ne pomeni, da se tura ne dotakne tudi drugih znanih in manj znanih knji\u017eevnic, vklju\u010dno s sodobnimi avtoricami.<\/p>\n<p>Bodo\u010di sprehodi, ki bodo razkrivali misterije \u017eenske knji\u017eevne Ljubljane, se imajo zgoditi v nedeljo 29. marca ter v nedeljo 5., 12. in 19. aprila, vedno ob 14. uri. Odprti so za vse, ki vam je literarno ustvarjanje blizu na kak\u0161rnekoli na\u010dine. Toplo se oblicite, saj zna biti zgodnjepomladansko sonce zelo varljivo. Dobimo se na Bregu 12, pred vhodom v buti\u010dno trgovinico Zoofa. Zaklju\u010dimo pa pri Mestni hi\u0161i. Pozor, ture bodo potekale v slovenskem jeziku.<\/p>\n<p>Vstopnine za Misterij \u017eenske literarne Ljubljane ni, a se morate na ogled prijaviti, in sicer preko spletnega obrazca na dnu strani. \u010ce se ture ne morete udele\u017eiti, nam to \u010dim prej sporo\u010dite, da sprostimo mesto naslednji osebi na \u010dakalni listi. \u010ce pa \u017eelite svojo zasebno turo,\u00a0 dobite <a href=\"https:\/\/ptich.si\/ljubljana-women-of-letters-walking-tour\/\"><u>ve\u010d informacij tu!\u00a0<\/u><\/a><\/p>\n<p>&nbsp;<\/p>\n<\/div>\n<\/div>\n<\/div>\n<\/div>\n<\/div>\n<\/div>\n<\/div>\n<\/article>\n<\/div>\n<\/div>\n<\/div>\n<div class=\"full-container\">\n<div id=\"primary\" class=\"content-area\">\n<div id=\"content\" class=\"site-content\" role=\"main\">\n<article id=\"post-2411\" class=\"post post-2411 type-post status-publish format-standard has-post-thumbnail hentry category-uncategorized-sl\">\n<div class=\"entry-main\">\n<div class=\"entry-content\">\n<div id=\"pl-2411\" class=\"panel-layout\">\n<div id=\"pg-2411-1\" class=\"panel-grid panel-no-style\">\n<div id=\"pgc-2411-1-0\" class=\"panel-grid-cell\">\n<div id=\"panel-2411-1-0-0\" class=\"so-panel widget widget_sow-editor panel-first-child panel-last-child\" data-index=\"2\">\n<div class=\"full-container\">\n<div id=\"primary\" class=\"content-area\">\n<div id=\"content\" class=\"site-content\" role=\"main\">\n<article id=\"post-2411\" class=\"post post-2411 type-post status-publish format-standard has-post-thumbnail hentry category-uncategorized-sl\">\n<div class=\"entry-main\">\n<p><strong>OSNOVNE INFORMACIJE<\/strong><\/p>\n<div class=\"entry-content\">\n<div id=\"pl-2411\" class=\"panel-layout\">\n<div id=\"pg-2411-1\" class=\"panel-grid panel-no-style\">\n<div id=\"pgc-2411-1-0\" class=\"panel-grid-cell\">\n<p>Razpolo\u017eljivi termini:<\/p>\n<ol>\n<li>nedelja 29. marca 2020 ob 14. uri.<\/li>\n<li>nedelja 5. aprila 2020 ob 14. uri<\/li>\n<li>nedelja 12. aprila 2020 ob 14. uri<\/li>\n<li>nedelja 19. aprila 2020 ob 14. uri<\/li>\n<\/ol>\n<p>Zbirno mesto: Breg 12 (pred vhodom v buti\u010dno trgovinico Zoofa)<\/p>\n<div id=\"panel-2411-1-0-0\" class=\"so-panel widget widget_sow-editor panel-first-child panel-last-child\" data-index=\"2\">\n<p>Zaklju\u010dek: pred Mestno hi\u0161o<\/p>\n<p>Jezik: sloven\u0161\u010dina<\/p>\n<p>Naslovna fotografija: Katja Goljat<\/p>\n<p>Organizacija: Ljubljana Urban Tours\/Urbana Vrana in Ljubljana, Unescovo mesto literature<\/p>\n<p>Vreme: turo izvedemo v vsakem vremenu<\/p>\n<p>Cena: brezpla\u010dno, prostovoljni prispevki dobrodo\u0161li (obvezna prijava na dogodek)<\/p>\n<\/div>\n<\/div>\n<\/div>\n<\/div>\n<\/div>\n<\/div>\n<\/article>\n<\/div>\n<\/div>\n<\/div>\n<\/div>\n<\/div>\n<p><iframe loading=\"lazy\" src=\"https:\/\/docs.google.com\/forms\/d\/e\/1FAIpQLSfmmUnE3PP9bFLNIcASv6f5GRUls5fGrHnMqbfiB096_Hkhig\/viewform?embedded=true\" width=\"100%\" height=\"2300\" frameborder=\"0\" marginwidth=\"0\" marginheight=\"0\">Loading\u2026<\/iframe><\/p>\n<\/div>\n<\/div>\n<\/div>\n<\/div>\n<\/article>\n<\/div>\n<\/div>\n<\/div>\n<\/div>\n<\/div>\n<\/div>\n<\/div>\n<\/div>\n<\/div>\n<\/div>\n<\/div>\n<\/article>\n<\/div>\n<\/div>\n<\/div>\n<\/div>\n<\/div>\n<\/div>\n<\/div>\n<\/div>\n<\/div>\n<\/div>\n<\/div>\n","protected":false},"excerpt":{"rendered":"<p>Ekipa zavoda Urbana Vrana ob podpori pisarne Ljubljana, Unescovo mesto literature, pripravlja \u0161e \u0161tiri brezpla\u010dne kulturno-turisti\u010dne ture, posve\u010dene \u017eenskam v knji\u017eevni umetnosti, ki smo jih poimenovali Misterij \u017eenske literarne Ljubljane. Kot Unescovo mesto literature Ljubljana torej tudi na ta na\u010din izpolnjuje eno od svojih klju\u010dnih zavez na kulturnem podro\u010dju &#8211; \u0161iriti in promovirati vrhunsko doma\u010do [&hellip;]<\/p>\n","protected":false},"author":3,"featured_media":8882,"comment_status":"closed","ping_status":"open","sticky":false,"template":"","format":"standard","meta":{"_monsterinsights_skip_tracking":false,"_monsterinsights_sitenote_active":false,"_monsterinsights_sitenote_note":"","_monsterinsights_sitenote_category":0,"footnotes":""},"categories":[73,61,54],"tags":[117,89,101,95],"class_list":["post-8854","post","type-post","status-publish","format-standard","has-post-thumbnail","hentry","category-news-all","category-news-sl","category-uncategorized-sl","tag-knjizevnost","tag-novice","tag-urbane-ture","tag-zenske"],"yoast_head":"<!-- This site is optimized with the Yoast SEO plugin v27.4 - https:\/\/yoast.com\/product\/yoast-seo-wordpress\/ -->\n<title>\u017denska literarna tura bo na sporedu tudi v marcu in aprilu<\/title>\n<meta name=\"description\" content=\"Zavod Urbana Vrana in ekipa Ljubljana Urban Tours organizata vodeni ogled Misterij \u017eenske literarne Ljubljane, kjer slovensko glavno mesto odkrivamo skozi perspektivo pisateljic, pesnic in drugih \u017eenskih avtoric. Dobimo se na Bregu 12 pred buti\u010dno trgovinico Zoofa.\" \/>\n<meta name=\"robots\" content=\"index, follow, max-snippet:-1, max-image-preview:large, max-video-preview:-1\" \/>\n<link rel=\"canonical\" href=\"https:\/\/ptich.si\/sl\/misterij-zenske-literarne-ljubljane-marec\/\" \/>\n<meta property=\"og:locale\" content=\"sl_SI\" \/>\n<meta property=\"og:type\" content=\"article\" \/>\n<meta property=\"og:title\" content=\"\u017denska literarna tura bo na sporedu tudi v marcu in aprilu\" \/>\n<meta property=\"og:description\" content=\"Zavod Urbana Vrana in ekipa Ljubljana Urban Tours organizata vodeni ogled Misterij \u017eenske literarne Ljubljane, kjer slovensko glavno mesto odkrivamo skozi perspektivo pisateljic, pesnic in drugih \u017eenskih avtoric. Dobimo se na Bregu 12 pred buti\u010dno trgovinico Zoofa.\" \/>\n<meta property=\"og:url\" content=\"https:\/\/ptich.si\/sl\/misterij-zenske-literarne-ljubljane-marec\/\" \/>\n<meta property=\"og:site_name\" content=\"Ptich\" \/>\n<meta property=\"article:publisher\" content=\"https:\/\/www.facebook.com\/PtichSlovenia\/\" \/>\n<meta property=\"article:published_time\" content=\"2020-03-09T15:11:04+00:00\" \/>\n<meta property=\"article:modified_time\" content=\"2020-10-22T18:27:56+00:00\" \/>\n<meta property=\"og:image\" content=\"https:\/\/ptich.si\/wp-content\/uploads\/2020\/03\/Misterij-\u017eenske-1200x800-Katja.jpg\" \/>\n\t<meta property=\"og:image:width\" content=\"1200\" \/>\n\t<meta property=\"og:image:height\" content=\"801\" \/>\n\t<meta property=\"og:image:type\" content=\"image\/jpeg\" \/>\n<meta name=\"author\" content=\"laganosportski\" \/>\n<meta name=\"twitter:card\" content=\"summary_large_image\" \/>\n<meta name=\"twitter:label1\" content=\"Written by\" \/>\n\t<meta name=\"twitter:data1\" content=\"laganosportski\" \/>\n\t<meta name=\"twitter:label2\" content=\"Est. reading time\" \/>\n\t<meta name=\"twitter:data2\" content=\"2 minuti\" \/>\n<script type=\"application\/ld+json\" class=\"yoast-schema-graph\">{\"@context\":\"https:\\\/\\\/schema.org\",\"@graph\":[{\"@type\":\"Article\",\"@id\":\"https:\\\/\\\/ptich.si\\\/sl\\\/misterij-zenske-literarne-ljubljane-marec\\\/#article\",\"isPartOf\":{\"@id\":\"https:\\\/\\\/ptich.si\\\/sl\\\/misterij-zenske-literarne-ljubljane-marec\\\/\"},\"author\":{\"name\":\"laganosportski\",\"@id\":\"https:\\\/\\\/ptich.si\\\/sl\\\/#\\\/schema\\\/person\\\/87f1654008fb02442dde62aa7c216b42\"},\"headline\":\"\u017denska literarna tura bo na sporedu tudi v marcu in aprilu\",\"datePublished\":\"2020-03-09T15:11:04+00:00\",\"dateModified\":\"2020-10-22T18:27:56+00:00\",\"mainEntityOfPage\":{\"@id\":\"https:\\\/\\\/ptich.si\\\/sl\\\/misterij-zenske-literarne-ljubljane-marec\\\/\"},\"wordCount\":409,\"publisher\":{\"@id\":\"https:\\\/\\\/ptich.si\\\/sl\\\/#organization\"},\"image\":{\"@id\":\"https:\\\/\\\/ptich.si\\\/sl\\\/misterij-zenske-literarne-ljubljane-marec\\\/#primaryimage\"},\"thumbnailUrl\":\"https:\\\/\\\/ptich.si\\\/wp-content\\\/uploads\\\/2020\\\/03\\\/Misterij-\u017eenske-1200x800-Katja.jpg\",\"keywords\":[\"KNJI\u017dEVNOST\",\"NOVICE\",\"URBANE TURE\",\"\u017dENSKE\"],\"articleSection\":[\"News-all\",\"News-sl\",\"Uncategorized @sl\"],\"inLanguage\":\"sl-SI\"},{\"@type\":\"WebPage\",\"@id\":\"https:\\\/\\\/ptich.si\\\/sl\\\/misterij-zenske-literarne-ljubljane-marec\\\/\",\"url\":\"https:\\\/\\\/ptich.si\\\/sl\\\/misterij-zenske-literarne-ljubljane-marec\\\/\",\"name\":\"\u017denska literarna tura bo na sporedu tudi v marcu in aprilu\",\"isPartOf\":{\"@id\":\"https:\\\/\\\/ptich.si\\\/sl\\\/#website\"},\"primaryImageOfPage\":{\"@id\":\"https:\\\/\\\/ptich.si\\\/sl\\\/misterij-zenske-literarne-ljubljane-marec\\\/#primaryimage\"},\"image\":{\"@id\":\"https:\\\/\\\/ptich.si\\\/sl\\\/misterij-zenske-literarne-ljubljane-marec\\\/#primaryimage\"},\"thumbnailUrl\":\"https:\\\/\\\/ptich.si\\\/wp-content\\\/uploads\\\/2020\\\/03\\\/Misterij-\u017eenske-1200x800-Katja.jpg\",\"datePublished\":\"2020-03-09T15:11:04+00:00\",\"dateModified\":\"2020-10-22T18:27:56+00:00\",\"description\":\"Zavod Urbana Vrana in ekipa Ljubljana Urban Tours organizata vodeni ogled Misterij \u017eenske literarne Ljubljane, kjer slovensko glavno mesto odkrivamo skozi perspektivo pisateljic, pesnic in drugih \u017eenskih avtoric. Dobimo se na Bregu 12 pred buti\u010dno trgovinico Zoofa.\",\"breadcrumb\":{\"@id\":\"https:\\\/\\\/ptich.si\\\/sl\\\/misterij-zenske-literarne-ljubljane-marec\\\/#breadcrumb\"},\"inLanguage\":\"sl-SI\",\"potentialAction\":[{\"@type\":\"ReadAction\",\"target\":[\"https:\\\/\\\/ptich.si\\\/sl\\\/misterij-zenske-literarne-ljubljane-marec\\\/\"]}]},{\"@type\":\"ImageObject\",\"inLanguage\":\"sl-SI\",\"@id\":\"https:\\\/\\\/ptich.si\\\/sl\\\/misterij-zenske-literarne-ljubljane-marec\\\/#primaryimage\",\"url\":\"https:\\\/\\\/ptich.si\\\/wp-content\\\/uploads\\\/2020\\\/03\\\/Misterij-\u017eenske-1200x800-Katja.jpg\",\"contentUrl\":\"https:\\\/\\\/ptich.si\\\/wp-content\\\/uploads\\\/2020\\\/03\\\/Misterij-\u017eenske-1200x800-Katja.jpg\",\"width\":1200,\"height\":801},{\"@type\":\"BreadcrumbList\",\"@id\":\"https:\\\/\\\/ptich.si\\\/sl\\\/misterij-zenske-literarne-ljubljane-marec\\\/#breadcrumb\",\"itemListElement\":[{\"@type\":\"ListItem\",\"position\":1,\"name\":\"Home\",\"item\":\"https:\\\/\\\/ptich.si\\\/sl\\\/\"},{\"@type\":\"ListItem\",\"position\":2,\"name\":\"\u017denska literarna tura bo na sporedu tudi v marcu in aprilu\"}]},{\"@type\":\"WebSite\",\"@id\":\"https:\\\/\\\/ptich.si\\\/sl\\\/#website\",\"url\":\"https:\\\/\\\/ptich.si\\\/sl\\\/\",\"name\":\"Ptich\",\"description\":\"Glasbeni izleti & urbane ture | Ljubljana | Slovenija\",\"publisher\":{\"@id\":\"https:\\\/\\\/ptich.si\\\/sl\\\/#organization\"},\"potentialAction\":[{\"@type\":\"SearchAction\",\"target\":{\"@type\":\"EntryPoint\",\"urlTemplate\":\"https:\\\/\\\/ptich.si\\\/sl\\\/?s={search_term_string}\"},\"query-input\":{\"@type\":\"PropertyValueSpecification\",\"valueRequired\":true,\"valueName\":\"search_term_string\"}}],\"inLanguage\":\"sl-SI\"},{\"@type\":\"Organization\",\"@id\":\"https:\\\/\\\/ptich.si\\\/sl\\\/#organization\",\"name\":\"Ptich\",\"url\":\"https:\\\/\\\/ptich.si\\\/sl\\\/\",\"logo\":{\"@type\":\"ImageObject\",\"inLanguage\":\"sl-SI\",\"@id\":\"https:\\\/\\\/ptich.si\\\/sl\\\/#\\\/schema\\\/logo\\\/image\\\/\",\"url\":\"https:\\\/\\\/ptich.si\\\/wp-content\\\/uploads\\\/2020\\\/05\\\/ptich-logo-mali.png\",\"contentUrl\":\"https:\\\/\\\/ptich.si\\\/wp-content\\\/uploads\\\/2020\\\/05\\\/ptich-logo-mali.png\",\"width\":135,\"height\":40,\"caption\":\"Ptich\"},\"image\":{\"@id\":\"https:\\\/\\\/ptich.si\\\/sl\\\/#\\\/schema\\\/logo\\\/image\\\/\"},\"sameAs\":[\"https:\\\/\\\/www.facebook.com\\\/PtichSlovenia\\\/\"]},{\"@type\":\"Person\",\"@id\":\"https:\\\/\\\/ptich.si\\\/sl\\\/#\\\/schema\\\/person\\\/87f1654008fb02442dde62aa7c216b42\",\"name\":\"laganosportski\",\"image\":{\"@type\":\"ImageObject\",\"inLanguage\":\"sl-SI\",\"@id\":\"https:\\\/\\\/secure.gravatar.com\\\/avatar\\\/121c035730a9a139bd7a88b8fd9f2166d16a959771369011d043d6d01676ec61?s=96&d=mm&r=g\",\"url\":\"https:\\\/\\\/secure.gravatar.com\\\/avatar\\\/121c035730a9a139bd7a88b8fd9f2166d16a959771369011d043d6d01676ec61?s=96&d=mm&r=g\",\"contentUrl\":\"https:\\\/\\\/secure.gravatar.com\\\/avatar\\\/121c035730a9a139bd7a88b8fd9f2166d16a959771369011d043d6d01676ec61?s=96&d=mm&r=g\",\"caption\":\"laganosportski\"},\"url\":\"https:\\\/\\\/ptich.si\\\/sl\\\/author\\\/laganosportski\\\/\"}]}<\/script>\n<!-- \/ Yoast SEO plugin. -->","yoast_head_json":{"title":"\u017denska literarna tura bo na sporedu tudi v marcu in aprilu","description":"Zavod Urbana Vrana in ekipa Ljubljana Urban Tours organizata vodeni ogled Misterij \u017eenske literarne Ljubljane, kjer slovensko glavno mesto odkrivamo skozi perspektivo pisateljic, pesnic in drugih \u017eenskih avtoric. Dobimo se na Bregu 12 pred buti\u010dno trgovinico Zoofa.","robots":{"index":"index","follow":"follow","max-snippet":"max-snippet:-1","max-image-preview":"max-image-preview:large","max-video-preview":"max-video-preview:-1"},"canonical":"https:\/\/ptich.si\/sl\/misterij-zenske-literarne-ljubljane-marec\/","og_locale":"sl_SI","og_type":"article","og_title":"\u017denska literarna tura bo na sporedu tudi v marcu in aprilu","og_description":"Zavod Urbana Vrana in ekipa Ljubljana Urban Tours organizata vodeni ogled Misterij \u017eenske literarne Ljubljane, kjer slovensko glavno mesto odkrivamo skozi perspektivo pisateljic, pesnic in drugih \u017eenskih avtoric. Dobimo se na Bregu 12 pred buti\u010dno trgovinico Zoofa.","og_url":"https:\/\/ptich.si\/sl\/misterij-zenske-literarne-ljubljane-marec\/","og_site_name":"Ptich","article_publisher":"https:\/\/www.facebook.com\/PtichSlovenia\/","article_published_time":"2020-03-09T15:11:04+00:00","article_modified_time":"2020-10-22T18:27:56+00:00","og_image":[{"width":1200,"height":801,"url":"https:\/\/ptich.si\/wp-content\/uploads\/2020\/03\/Misterij-\u017eenske-1200x800-Katja.jpg","type":"image\/jpeg"}],"author":"laganosportski","twitter_card":"summary_large_image","twitter_misc":{"Written by":"laganosportski","Est. reading time":"2 minuti"},"schema":{"@context":"https:\/\/schema.org","@graph":[{"@type":"Article","@id":"https:\/\/ptich.si\/sl\/misterij-zenske-literarne-ljubljane-marec\/#article","isPartOf":{"@id":"https:\/\/ptich.si\/sl\/misterij-zenske-literarne-ljubljane-marec\/"},"author":{"name":"laganosportski","@id":"https:\/\/ptich.si\/sl\/#\/schema\/person\/87f1654008fb02442dde62aa7c216b42"},"headline":"\u017denska literarna tura bo na sporedu tudi v marcu in aprilu","datePublished":"2020-03-09T15:11:04+00:00","dateModified":"2020-10-22T18:27:56+00:00","mainEntityOfPage":{"@id":"https:\/\/ptich.si\/sl\/misterij-zenske-literarne-ljubljane-marec\/"},"wordCount":409,"publisher":{"@id":"https:\/\/ptich.si\/sl\/#organization"},"image":{"@id":"https:\/\/ptich.si\/sl\/misterij-zenske-literarne-ljubljane-marec\/#primaryimage"},"thumbnailUrl":"https:\/\/ptich.si\/wp-content\/uploads\/2020\/03\/Misterij-\u017eenske-1200x800-Katja.jpg","keywords":["KNJI\u017dEVNOST","NOVICE","URBANE TURE","\u017dENSKE"],"articleSection":["News-all","News-sl","Uncategorized @sl"],"inLanguage":"sl-SI"},{"@type":"WebPage","@id":"https:\/\/ptich.si\/sl\/misterij-zenske-literarne-ljubljane-marec\/","url":"https:\/\/ptich.si\/sl\/misterij-zenske-literarne-ljubljane-marec\/","name":"\u017denska literarna tura bo na sporedu tudi v marcu in aprilu","isPartOf":{"@id":"https:\/\/ptich.si\/sl\/#website"},"primaryImageOfPage":{"@id":"https:\/\/ptich.si\/sl\/misterij-zenske-literarne-ljubljane-marec\/#primaryimage"},"image":{"@id":"https:\/\/ptich.si\/sl\/misterij-zenske-literarne-ljubljane-marec\/#primaryimage"},"thumbnailUrl":"https:\/\/ptich.si\/wp-content\/uploads\/2020\/03\/Misterij-\u017eenske-1200x800-Katja.jpg","datePublished":"2020-03-09T15:11:04+00:00","dateModified":"2020-10-22T18:27:56+00:00","description":"Zavod Urbana Vrana in ekipa Ljubljana Urban Tours organizata vodeni ogled Misterij \u017eenske literarne Ljubljane, kjer slovensko glavno mesto odkrivamo skozi perspektivo pisateljic, pesnic in drugih \u017eenskih avtoric. Dobimo se na Bregu 12 pred buti\u010dno trgovinico Zoofa.","breadcrumb":{"@id":"https:\/\/ptich.si\/sl\/misterij-zenske-literarne-ljubljane-marec\/#breadcrumb"},"inLanguage":"sl-SI","potentialAction":[{"@type":"ReadAction","target":["https:\/\/ptich.si\/sl\/misterij-zenske-literarne-ljubljane-marec\/"]}]},{"@type":"ImageObject","inLanguage":"sl-SI","@id":"https:\/\/ptich.si\/sl\/misterij-zenske-literarne-ljubljane-marec\/#primaryimage","url":"https:\/\/ptich.si\/wp-content\/uploads\/2020\/03\/Misterij-\u017eenske-1200x800-Katja.jpg","contentUrl":"https:\/\/ptich.si\/wp-content\/uploads\/2020\/03\/Misterij-\u017eenske-1200x800-Katja.jpg","width":1200,"height":801},{"@type":"BreadcrumbList","@id":"https:\/\/ptich.si\/sl\/misterij-zenske-literarne-ljubljane-marec\/#breadcrumb","itemListElement":[{"@type":"ListItem","position":1,"name":"Home","item":"https:\/\/ptich.si\/sl\/"},{"@type":"ListItem","position":2,"name":"\u017denska literarna tura bo na sporedu tudi v marcu in aprilu"}]},{"@type":"WebSite","@id":"https:\/\/ptich.si\/sl\/#website","url":"https:\/\/ptich.si\/sl\/","name":"Ptich","description":"Glasbeni izleti & urbane ture | Ljubljana | Slovenija","publisher":{"@id":"https:\/\/ptich.si\/sl\/#organization"},"potentialAction":[{"@type":"SearchAction","target":{"@type":"EntryPoint","urlTemplate":"https:\/\/ptich.si\/sl\/?s={search_term_string}"},"query-input":{"@type":"PropertyValueSpecification","valueRequired":true,"valueName":"search_term_string"}}],"inLanguage":"sl-SI"},{"@type":"Organization","@id":"https:\/\/ptich.si\/sl\/#organization","name":"Ptich","url":"https:\/\/ptich.si\/sl\/","logo":{"@type":"ImageObject","inLanguage":"sl-SI","@id":"https:\/\/ptich.si\/sl\/#\/schema\/logo\/image\/","url":"https:\/\/ptich.si\/wp-content\/uploads\/2020\/05\/ptich-logo-mali.png","contentUrl":"https:\/\/ptich.si\/wp-content\/uploads\/2020\/05\/ptich-logo-mali.png","width":135,"height":40,"caption":"Ptich"},"image":{"@id":"https:\/\/ptich.si\/sl\/#\/schema\/logo\/image\/"},"sameAs":["https:\/\/www.facebook.com\/PtichSlovenia\/"]},{"@type":"Person","@id":"https:\/\/ptich.si\/sl\/#\/schema\/person\/87f1654008fb02442dde62aa7c216b42","name":"laganosportski","image":{"@type":"ImageObject","inLanguage":"sl-SI","@id":"https:\/\/secure.gravatar.com\/avatar\/121c035730a9a139bd7a88b8fd9f2166d16a959771369011d043d6d01676ec61?s=96&d=mm&r=g","url":"https:\/\/secure.gravatar.com\/avatar\/121c035730a9a139bd7a88b8fd9f2166d16a959771369011d043d6d01676ec61?s=96&d=mm&r=g","contentUrl":"https:\/\/secure.gravatar.com\/avatar\/121c035730a9a139bd7a88b8fd9f2166d16a959771369011d043d6d01676ec61?s=96&d=mm&r=g","caption":"laganosportski"},"url":"https:\/\/ptich.si\/sl\/author\/laganosportski\/"}]}},"jetpack_featured_media_url":"https:\/\/ptich.si\/wp-content\/uploads\/2020\/03\/Misterij-\u017eenske-1200x800-Katja.jpg","_links":{"self":[{"href":"https:\/\/ptich.si\/sl\/wp-json\/wp\/v2\/posts\/8854","targetHints":{"allow":["GET"]}}],"collection":[{"href":"https:\/\/ptich.si\/sl\/wp-json\/wp\/v2\/posts"}],"about":[{"href":"https:\/\/ptich.si\/sl\/wp-json\/wp\/v2\/types\/post"}],"author":[{"embeddable":true,"href":"https:\/\/ptich.si\/sl\/wp-json\/wp\/v2\/users\/3"}],"replies":[{"embeddable":true,"href":"https:\/\/ptich.si\/sl\/wp-json\/wp\/v2\/comments?post=8854"}],"version-history":[{"count":5,"href":"https:\/\/ptich.si\/sl\/wp-json\/wp\/v2\/posts\/8854\/revisions"}],"predecessor-version":[{"id":8901,"href":"https:\/\/ptich.si\/sl\/wp-json\/wp\/v2\/posts\/8854\/revisions\/8901"}],"wp:featuredmedia":[{"embeddable":true,"href":"https:\/\/ptich.si\/sl\/wp-json\/wp\/v2\/media\/8882"}],"wp:attachment":[{"href":"https:\/\/ptich.si\/sl\/wp-json\/wp\/v2\/media?parent=8854"}],"wp:term":[{"taxonomy":"category","embeddable":true,"href":"https:\/\/ptich.si\/sl\/wp-json\/wp\/v2\/categories?post=8854"},{"taxonomy":"post_tag","embeddable":true,"href":"https:\/\/ptich.si\/sl\/wp-json\/wp\/v2\/tags?post=8854"}],"curies":[{"name":"wp","href":"https:\/\/api.w.org\/{rel}","templated":true}]}}